{"id":38177,"date":"2026-03-15T08:42:00","date_gmt":"2026-03-15T11:42:00","guid":{"rendered":"https:\/\/diariodocomercio.com.br\/mix\/?p=38177"},"modified":"2026-03-12T09:28:06","modified_gmt":"2026-03-12T12:28:06","slug":"funcionando-24h-por-dia-maior-fabrica-de-bebidas-do-brasil-tem-13-milhao-de-m%c2%b2-e-fica-em-cidade-com-760-mil-habitantes","status":"publish","type":"post","link":"https:\/\/diariodocomercio.com.br\/mix\/funcionando-24h-por-dia-maior-fabrica-de-bebidas-do-brasil-tem-13-milhao-de-m%c2%b2-e-fica-em-cidade-com-760-mil-habitantes\/","title":{"rendered":"Funcionando 24h por dia, maior f\u00e1brica de bebidas do Brasil tem 1,3 milh\u00e3o de m\u00b2 e fica em cidade com 760 mil habitantes"},"content":{"rendered":"\n<p>A maior f\u00e1brica de bebidas do Brasil est\u00e1 localizada em <strong>Uberl\u00e2ndia, no Tri\u00e2ngulo Mineiro<\/strong>, e opera de forma cont\u00ednua <strong>24 horas por dia, sete dias por semana<\/strong>. Pertencente \u00e0 <strong>Ambev<\/strong>, a unidade ocupa uma \u00e1rea de aproximadamente <strong>1,3 milh\u00e3o de metros quadrados<\/strong> e se tornou uma das principais estruturas industriais do setor no pa\u00eds.<\/p>\n\n\n\n<p>Desde 2020, a planta industrial j\u00e1 produziu <strong>mais de 15 bilh\u00f5es de latas de bebidas<\/strong>, al\u00e9m de milh\u00f5es de litros destinados ao abastecimento de supermercados, bares e restaurantes em diversas regi\u00f5es do Brasil.<\/p>\n\n\n\n<p>Pelo tamanho e pela complexidade da opera\u00e7\u00e3o, a f\u00e1brica \u00e9 frequentemente comparada a uma <strong>cidade industrial<\/strong>. O local re\u00fane linhas de produ\u00e7\u00e3o, centros log\u00edsticos e \u00e1reas de armazenamento, com circula\u00e7\u00e3o constante de caminh\u00f5es e trabalhadores ao longo de todo o dia.<\/p>\n\n\n\n<p>A capacidade de produ\u00e7\u00e3o tamb\u00e9m impressiona: a unidade pode fabricar <strong>mais de 7 bilh\u00f5es de litros de bebidas por ano<\/strong>, incluindo cervejas e refrigerantes de marcas amplamente consumidas no pa\u00eds.<\/p>\n\n\n\n<p>Entre os r\u00f3tulos produzidos na planta est\u00e3o marcas conhecidas do mercado, como <strong>Stella Artois, Corona, Spaten, Original e Budweiser<\/strong>, que fazem parte da estrat\u00e9gia da empresa para ampliar a produ\u00e7\u00e3o de cervejas premium e do segmento chamado \u201ccore plus\u201d.<\/p>\n\n\n\n<figure class=\"wp-block-image size-full\"><img decoding=\"async\" width=\"918\" height=\"613\" src=\"https:\/\/diariodocomercio.com.br\/mix\/wp-content\/uploads\/2026\/03\/image-94.png\" alt=\"\" class=\"wp-image-38179\" srcset=\"https:\/\/diariodocomercio.com.br\/mix\/wp-content\/uploads\/2026\/03\/image-94.png 918w, https:\/\/diariodocomercio.com.br\/mix\/wp-content\/uploads\/2026\/03\/image-94-300x200.png 300w, https:\/\/diariodocomercio.com.br\/mix\/wp-content\/uploads\/2026\/03\/image-94-768x513.png 768w, https:\/\/diariodocomercio.com.br\/mix\/wp-content\/uploads\/2026\/03\/image-94-150x100.png 150w, https:\/\/diariodocomercio.com.br\/mix\/wp-content\/uploads\/2026\/03\/image-94-750x501.png 750w\" sizes=\"(max-width: 918px) 100vw, 918px\" \/><figcaption class=\"wp-element-caption\">(Divulga\u00e7\u00e3o\/Ambev)<\/figcaption><\/figure>\n\n\n\n<h2 class=\"wp-block-heading\"><strong>Investimentos bilion\u00e1rios na unidade<\/strong><\/h2>\n\n\n\n<p>Desde a inaugura\u00e7\u00e3o, em <strong>2016<\/strong>, a f\u00e1brica recebeu cerca de <strong>R$ 2 bilh\u00f5es em investimentos<\/strong>. Parte desses recursos foi destinada \u00e0 amplia\u00e7\u00e3o da estrutura industrial, que passou de <strong>tr\u00eas para cinco linhas de envase<\/strong>, sendo tr\u00eas para garrafas e duas para latas.<\/p>\n\n\n\n<p>A expans\u00e3o permitiu <strong>dobrar a capacidade de produ\u00e7\u00e3o de alguns r\u00f3tulos<\/strong>, fortalecendo a presen\u00e7a da empresa no mercado brasileiro de cervejas premium.<\/p>\n\n\n\n<p>Al\u00e9m da produ\u00e7\u00e3o em larga escala, a unidade tem impacto significativo na economia regional. Segundo dados divulgados pela companhia, a opera\u00e7\u00e3o movimenta cerca de <strong>66 mil empregos diretos e indiretos em Minas Gerais<\/strong>, envolvendo fornecedores, transporte, com\u00e9rcio e servi\u00e7os.<\/p>\n\n\n\n<p>Dados do <strong>Instituto Brasileiro de Geografia e Estat\u00edstica (IBGE)<\/strong> indicam que <strong>cada R$ 1 investido na ind\u00fastria de bebidas gera cerca de R$ 2,50 na economia do estado<\/strong>, evidenciando o peso do setor para o desenvolvimento econ\u00f4mico da regi\u00e3o.<\/p>\n\n\n\n<h2 class=\"wp-block-heading\"><strong>Minas lidera produ\u00e7\u00e3o de latas na Am\u00e9rica do Sul<\/strong><\/h2>\n\n\n\n<p>Minas Gerais tamb\u00e9m se destaca na produ\u00e7\u00e3o de <strong>embalagens met\u00e1licas<\/strong>, sendo a regi\u00e3o com a <strong>maior fabrica\u00e7\u00e3o de latas de alum\u00ednio da Am\u00e9rica do Sul<\/strong>. Se fosse um pa\u00eds, o estado estaria entre <strong>os dez maiores produtores de latas do mundo<\/strong>.<\/p>\n\n\n\n<p>Atualmente, a Ambev possui <strong>cinco unidades industriais em Minas Gerais<\/strong>, localizadas nas cidades de <strong>Contagem, Juatuba, Sete Lagoas e Uberl\u00e2ndia<\/strong>. Em todo o Brasil, a companhia mant\u00e9m <strong>35 instala\u00e7\u00f5es produtivas<\/strong>, sendo <strong>24 cervejarias<\/strong>.<\/p>\n\n\n\n<p>Nos \u00faltimos tr\u00eas anos, a empresa informou ter investido <strong>mais de R$ 10 bilh\u00f5es no pa\u00eds<\/strong> para ampliar a produ\u00e7\u00e3o de bebidas e embalagens.<\/p>\n","protected":false},"excerpt":{"rendered":"<p>A maior f\u00e1brica de bebidas do Brasil est\u00e1 localizada em Uberl\u00e2ndia, no Tri\u00e2ngulo Mineiro, e opera de forma cont\u00ednua 24 horas por dia, sete dias por semana. Pertencente \u00e0 Ambev, a unidade ocupa uma \u00e1rea de aproximadamente 1,3 milh\u00e3o de metros quadrados e se tornou uma das principais estruturas industriais do setor no pa\u00eds. Desde [&hellip;]<\/p>\n","protected":false},"author":9,"featured_media":38178,"comment_status":"closed","ping_status":"closed","sticky":false,"template":"","format":"standard","meta":{"jnews-multi-image_gallery":[],"jnews_single_post":{"format":"standard"},"jnews_primary_category":[],"jnews_social_meta":[],"jnews_override_counter":[],"jnews_post_split":[],"footnotes":""},"categories":[1],"tags":[],"class_list":["post-38177","post","type-post","status-publish","format-standard","has-post-thumbnail","hentry","category-geral"],"_referencia":"","_links":{"self":[{"href":"https:\/\/diariodocomercio.com.br\/mix\/wp-json\/wp\/v2\/posts\/38177","targetHints":{"allow":["GET"]}}],"collection":[{"href":"https:\/\/diariodocomercio.com.br\/mix\/wp-json\/wp\/v2\/posts"}],"about":[{"href":"https:\/\/diariodocomercio.com.br\/mix\/wp-json\/wp\/v2\/types\/post"}],"author":[{"embeddable":true,"href":"https:\/\/diariodocomercio.com.br\/mix\/wp-json\/wp\/v2\/users\/9"}],"replies":[{"embeddable":true,"href":"https:\/\/diariodocomercio.com.br\/mix\/wp-json\/wp\/v2\/comments?post=38177"}],"version-history":[{"count":1,"href":"https:\/\/diariodocomercio.com.br\/mix\/wp-json\/wp\/v2\/posts\/38177\/revisions"}],"predecessor-version":[{"id":38180,"href":"https:\/\/diariodocomercio.com.br\/mix\/wp-json\/wp\/v2\/posts\/38177\/revisions\/38180"}],"wp:featuredmedia":[{"embeddable":true,"href":"https:\/\/diariodocomercio.com.br\/mix\/wp-json\/wp\/v2\/media\/38178"}],"wp:attachment":[{"href":"https:\/\/diariodocomercio.com.br\/mix\/wp-json\/wp\/v2\/media?parent=38177"}],"wp:term":[{"taxonomy":"category","embeddable":true,"href":"https:\/\/diariodocomercio.com.br\/mix\/wp-json\/wp\/v2\/categories?post=38177"},{"taxonomy":"post_tag","embeddable":true,"href":"https:\/\/diariodocomercio.com.br\/mix\/wp-json\/wp\/v2\/tags?post=38177"}],"curies":[{"name":"wp","href":"https:\/\/api.w.org\/{rel}","templated":true}]}}