{"id":38181,"date":"2026-03-12T10:20:36","date_gmt":"2026-03-12T13:20:36","guid":{"rendered":"https:\/\/diariodocomercio.com.br\/mix\/?p=38181"},"modified":"2026-03-12T10:20:39","modified_gmt":"2026-03-12T13:20:39","slug":"veio-da-havan-dispara-fala-polemica-contra-grafiteiro-e-divide-opinioes","status":"publish","type":"post","link":"https:\/\/diariodocomercio.com.br\/mix\/veio-da-havan-dispara-fala-polemica-contra-grafiteiro-e-divide-opinioes\/","title":{"rendered":"\u201cV\u00e9io da Havan\u201d dispara fala pol\u00eamica contra grafiteiro e divide opini\u00f5es"},"content":{"rendered":"\n<p>Uma declara\u00e7\u00e3o do empres\u00e1rio <strong>Luciano Hang<\/strong>, dono da rede varejista Havan, gerou debate nas redes sociais ap\u00f3s a divulga\u00e7\u00e3o de um v\u00eddeo em que ele critica <strong>grafites <\/strong>feitos em um viaduto de <strong>Goi\u00e2nia (GO)<\/strong>. Na grava\u00e7\u00e3o publicada na ter\u00e7a-feira (10), Hang afirma que a interven\u00e7\u00e3o art\u00edstica seria <strong>picha\u00e7\u00e3o<\/strong> e cobra puni\u00e7\u00f5es mais duras para esse tipo de a\u00e7\u00e3o.<\/p>\n\n\n\n<p>O empres\u00e1rio cita nominalmente o <strong>tatuador e grafiteiro Smith<\/strong>, conhecido por realizar pinturas em espa\u00e7os p\u00fablicos da capital goiana. Hang classificou a interven\u00e7\u00e3o como vandalismo e afirmou que o artista teria participado da a\u00e7\u00e3o acompanhado de um menor de idade.<\/p>\n\n\n\n<p>No v\u00eddeo publicado em suas redes sociais, Hang afirma que o viaduto localizado na <strong>Avenida Goi\u00e1s Norte<\/strong>, em frente a uma unidade rec\u00e9m-inaugurada da Havan, havia sido pintado recentemente quando foi novamente marcado por desenhos.<\/p>\n\n\n\n<p>\u201cO indiv\u00edduo que se identifica como Smith Art Tattoo pichou o viaduto que t\u00ednhamos acabado de pintar. Ele ainda gravou e publicou nas redes sociais. Isso \u00e9 crime no Brasil\u201d, declarou o empres\u00e1rio.<\/p>\n\n\n\n<p>Hang tamb\u00e9m defendeu <strong>puni\u00e7\u00f5es mais severas<\/strong>, incluindo pris\u00e3o para casos de vandalismo. Segundo ele, o local j\u00e1 foi novamente pintado e medidas legais teriam sido tomadas. \u201cEspero que a Justi\u00e7a fa\u00e7a alguma coisa\u201d, afirmou.<\/p>\n\n\n\n<p>O muro do viaduto havia sido pintado no fim de janeiro pelo pr\u00f3prio empres\u00e1rio ao lado do <strong>prefeito de Goi\u00e2nia, Sandro Mabel (UB)<\/strong>, pouco antes da inaugura\u00e7\u00e3o da loja da rede na cidade.<\/p>\n\n\n\n<blockquote class=\"twitter-tweet\" data-media-max-width=\"560\"><p lang=\"pt\" dir=\"ltr\">Que absurdo! <br><br>Voc\u00eas lembram quando fomos em Goi\u00e2nia e pintamos aquele viaduto que estava todo pichado? N\u00e3o demorou muito tempo e um pichador foi l\u00e1 emporcalhar o espa\u00e7o.<br><br>E descobrimos quem foi o criminoso, foi o Smith Art Tattoo, que postou nas suas pr\u00f3prias redes sociais. N\u00e3o\u2026 <a href=\"https:\/\/t.co\/aPuKfzl5OY\" target=\"_blank\">pic.twitter.com\/aPuKfzl5OY<\/a><\/p>&mdash; Luciano Hang (@LucianoHangBr) <a href=\"https:\/\/twitter.com\/LucianoHangBr\/status\/2031507359407722718?ref_src=twsrc%5Etfw\" target=\"_blank\" rel=\"noopener\">March 10, 2026<\/a><\/blockquote> <script async src=\"https:\/\/platform.twitter.com\/widgets.js\" charset=\"utf-8\"><\/script>\n\n\n\n<h2 class=\"wp-block-heading\"><strong>Diferen\u00e7a entre grafite e picha\u00e7\u00e3o<\/strong><\/h2>\n\n\n\n<p>A legisla\u00e7\u00e3o brasileira faz distin\u00e7\u00e3o entre <strong>picha\u00e7\u00e3o e grafite<\/strong>. O artigo 65 da <strong>Lei de Crimes Ambientais (Lei 9.605\/1998)<\/strong> prev\u00ea deten\u00e7\u00e3o de tr\u00eas meses a um ano e multa para quem pichar ou danificar edifica\u00e7\u00f5es ou monumentos urbanos.<\/p>\n\n\n\n<p>Por outro lado, o mesmo dispositivo estabelece que <strong>grafite n\u00e3o \u00e9 considerado crime<\/strong> quando realizado como manifesta\u00e7\u00e3o art\u00edstica e com autoriza\u00e7\u00e3o do propriet\u00e1rio do im\u00f3vel ou do \u00f3rg\u00e3o p\u00fablico respons\u00e1vel.<\/p>\n\n\n<div class=\"wp-block-image\">\n<figure class=\"aligncenter size-full\"><img decoding=\"async\" width=\"640\" height=\"360\" src=\"https:\/\/diariodocomercio.com.br\/mix\/wp-content\/uploads\/2026\/03\/image-95.png\" alt=\"\" class=\"wp-image-38187\" srcset=\"https:\/\/diariodocomercio.com.br\/mix\/wp-content\/uploads\/2026\/03\/image-95.png 640w, https:\/\/diariodocomercio.com.br\/mix\/wp-content\/uploads\/2026\/03\/image-95-300x169.png 300w, https:\/\/diariodocomercio.com.br\/mix\/wp-content\/uploads\/2026\/03\/image-95-150x84.png 150w\" sizes=\"(max-width: 640px) 100vw, 640px\" \/><figcaption class=\"wp-element-caption\">(Reprodu\u00e7\u00e3o\/Neta Novaes)<\/figcaption><\/figure>\n<\/div>\n\n\n<p>O grafite ganhou for\u00e7a como movimento cultural a partir da <strong>d\u00e9cada de 1970<\/strong> e atualmente est\u00e1 presente em grandes cidades ao redor do mundo, muitas vezes associado a <strong>express\u00f5es culturais e cr\u00edticas sociais<\/strong>.<\/p>\n\n\n\n<p>No Brasil, a pr\u00e1tica tamb\u00e9m \u00e9 celebrada anualmente no <strong>Dia Internacional do Grafite<\/strong>, em <strong>27 de mar\u00e7o<\/strong>, data que homenageia o artista <strong>Alex Vallauri<\/strong>, considerado pioneiro do movimento no pa\u00eds. A data busca valorizar a arte urbana e discutir sua import\u00e2ncia cultural nas cidades.<\/p>\n\n\n\n<h2 class=\"wp-block-heading\"><strong>Grafiteiro rebate acusa\u00e7\u00f5es<\/strong><\/h2>\n\n\n\n<p>Ap\u00f3s a repercuss\u00e3o da publica\u00e7\u00e3o, <strong>Smith Art Tattoo<\/strong> respondeu \u00e0s declara\u00e7\u00f5es. O artista contestou a classifica\u00e7\u00e3o da interven\u00e7\u00e3o como picha\u00e7\u00e3o e afirmou que o <strong>grafite \u00e9 uma forma de arte urbana<\/strong>.<\/p>\n\n\n\n<p>Em manifesta\u00e7\u00e3o p\u00fablica, ele criticou a retirada de pinturas anteriores que existiam no local. Segundo o grafiteiro, o muro abrigava trabalhos de diversos artistas, inclusive nomes com reconhecimento internacional.<\/p>\n\n\n\n<p>\u201cAli havia obras de artistas que vendem telas valorizadas. Ele simplesmente cobriu tudo com tinta cinza\u201d, afirmou.<\/p>\n\n\n<div class=\"wp-block-image\">\n<figure class=\"aligncenter size-large is-resized\"><img decoding=\"async\" width=\"1200\" height=\"900\" src=\"https:\/\/diariodocomercio.com.br\/mix\/wp-content\/uploads\/2026\/03\/image-1-1200x900.webp\" alt=\"havan v\u00e9io\" class=\"wp-image-38186\" style=\"width:611px;height:auto\" srcset=\"https:\/\/diariodocomercio.com.br\/mix\/wp-content\/uploads\/2026\/03\/image-1-1200x900.webp 1200w, https:\/\/diariodocomercio.com.br\/mix\/wp-content\/uploads\/2026\/03\/image-1-300x225.webp 300w, https:\/\/diariodocomercio.com.br\/mix\/wp-content\/uploads\/2026\/03\/image-1-768x576.webp 768w, https:\/\/diariodocomercio.com.br\/mix\/wp-content\/uploads\/2026\/03\/image-1-1536x1152.webp 1536w, https:\/\/diariodocomercio.com.br\/mix\/wp-content\/uploads\/2026\/03\/image-1-150x113.webp 150w, https:\/\/diariodocomercio.com.br\/mix\/wp-content\/uploads\/2026\/03\/image-1-750x563.webp 750w, https:\/\/diariodocomercio.com.br\/mix\/wp-content\/uploads\/2026\/03\/image-1-1140x855.webp 1140w, https:\/\/diariodocomercio.com.br\/mix\/wp-content\/uploads\/2026\/03\/image-1.webp 1600w\" sizes=\"(max-width: 1200px) 100vw, 1200px\" \/><figcaption class=\"wp-element-caption\">(Divulga\u00e7\u00e3o\/Havan)<\/figcaption><\/figure>\n<\/div>\n\n\n<p>Smith tamb\u00e9m disse que trabalha com grafite desde <strong>2005<\/strong> e que a atividade tem papel social importante, especialmente entre jovens da periferia. \u201cO grafite faz parte da nossa cultura. Muitos encontram na arte uma forma de se <strong>afastar da criminalidade<\/strong>\u201d, declarou.<\/p>\n","protected":false},"excerpt":{"rendered":"<p>Uma declara\u00e7\u00e3o do empres\u00e1rio Luciano Hang, dono da rede varejista Havan, gerou debate nas redes sociais ap\u00f3s a divulga\u00e7\u00e3o de um v\u00eddeo em que ele critica grafites feitos em um viaduto de Goi\u00e2nia (GO). Na grava\u00e7\u00e3o publicada na ter\u00e7a-feira (10), Hang afirma que a interven\u00e7\u00e3o art\u00edstica seria picha\u00e7\u00e3o e cobra puni\u00e7\u00f5es mais duras para esse [&hellip;]<\/p>\n","protected":false},"author":9,"featured_media":38188,"comment_status":"closed","ping_status":"closed","sticky":false,"template":"","format":"standard","meta":{"jnews-multi-image_gallery":[],"jnews_single_post":{"format":"standard"},"jnews_primary_category":[],"jnews_social_meta":[],"jnews_override_counter":[],"jnews_post_split":[],"footnotes":""},"categories":[1],"tags":[],"class_list":["post-38181","post","type-post","status-publish","format-standard","has-post-thumbnail","hentry","category-geral"],"_referencia":"","_links":{"self":[{"href":"https:\/\/diariodocomercio.com.br\/mix\/wp-json\/wp\/v2\/posts\/38181","targetHints":{"allow":["GET"]}}],"collection":[{"href":"https:\/\/diariodocomercio.com.br\/mix\/wp-json\/wp\/v2\/posts"}],"about":[{"href":"https:\/\/diariodocomercio.com.br\/mix\/wp-json\/wp\/v2\/types\/post"}],"author":[{"embeddable":true,"href":"https:\/\/diariodocomercio.com.br\/mix\/wp-json\/wp\/v2\/users\/9"}],"replies":[{"embeddable":true,"href":"https:\/\/diariodocomercio.com.br\/mix\/wp-json\/wp\/v2\/comments?post=38181"}],"version-history":[{"count":1,"href":"https:\/\/diariodocomercio.com.br\/mix\/wp-json\/wp\/v2\/posts\/38181\/revisions"}],"predecessor-version":[{"id":38189,"href":"https:\/\/diariodocomercio.com.br\/mix\/wp-json\/wp\/v2\/posts\/38181\/revisions\/38189"}],"wp:featuredmedia":[{"embeddable":true,"href":"https:\/\/diariodocomercio.com.br\/mix\/wp-json\/wp\/v2\/media\/38188"}],"wp:attachment":[{"href":"https:\/\/diariodocomercio.com.br\/mix\/wp-json\/wp\/v2\/media?parent=38181"}],"wp:term":[{"taxonomy":"category","embeddable":true,"href":"https:\/\/diariodocomercio.com.br\/mix\/wp-json\/wp\/v2\/categories?post=38181"},{"taxonomy":"post_tag","embeddable":true,"href":"https:\/\/diariodocomercio.com.br\/mix\/wp-json\/wp\/v2\/tags?post=38181"}],"curies":[{"name":"wp","href":"https:\/\/api.w.org\/{rel}","templated":true}]}}