{"id":38195,"date":"2026-03-15T09:42:00","date_gmt":"2026-03-15T12:42:00","guid":{"rendered":"https:\/\/diariodocomercio.com.br\/mix\/?p=38195"},"modified":"2026-03-12T11:07:11","modified_gmt":"2026-03-12T14:07:11","slug":"nova-lei-vai-obrigar-carrefour-atacadao-e-assai-a-fechar-1-dia-na-semana","status":"publish","type":"post","link":"https:\/\/diariodocomercio.com.br\/mix\/nova-lei-vai-obrigar-carrefour-atacadao-e-assai-a-fechar-1-dia-na-semana\/","title":{"rendered":"Nova lei vai obrigar Carrefour, Atacad\u00e3o e Assa\u00ed a fechar 1 dia na semana"},"content":{"rendered":"\n<p>Uma nova regra que afeta o funcionamento de supermercados passou a gerar debate entre consumidores e trabalhadores do setor. No <strong>Esp\u00edrito Santo<\/strong>, um acordo firmado entre sindicatos e representantes do com\u00e9rcio determina que <strong>supermercados e atacarejos fechem aos domingos<\/strong>, o que pode impactar redes como <strong>Carrefour, Atacad\u00e3o e Assa\u00ed Atacadista<\/strong>.<\/p>\n\n\n\n<p>A medida foi estabelecida por meio de uma <strong>Conven\u00e7\u00e3o Coletiva de Trabalho (CCT)<\/strong> assinada entre a <strong>Federa\u00e7\u00e3o do Com\u00e9rcio de Bens, Servi\u00e7os e Turismo do Esp\u00edrito Santo (Fecom\u00e9rcio-ES)<\/strong> e o <strong>Sindicato dos Comerci\u00e1rios<\/strong>. O per\u00edodo de teste da nova regra come\u00e7ou em <strong>mar\u00e7o de 2026<\/strong> e deve seguir at\u00e9 <strong>31 de outubro<\/strong>.<\/p>\n\n\n\n<p>Durante esse per\u00edodo, diversos tipos de estabelecimentos comerciais devem permanecer fechados aos domingos. Entre eles est\u00e3o:<\/p>\n\n\n\n<ul class=\"wp-block-list\">\n<li>supermercados<\/li>\n\n\n\n<li>hipermercados<\/li>\n\n\n\n<li>atacados e atacarejos<\/li>\n\n\n\n<li>mercearias<\/li>\n\n\n\n<li>hortifrutis<\/li>\n\n\n\n<li>lojas de materiais de constru\u00e7\u00e3o<\/li>\n<\/ul>\n\n\n\n<p>A proposta busca garantir <strong>mais tempo de descanso para trabalhadores do setor<\/strong>, seguindo modelos adotados em alguns pa\u00edses europeus.<\/p>\n\n\n\n<h2 class=\"wp-block-heading\"><strong>Exce\u00e7\u00f5es previstas na norma<\/strong><\/h2>\n\n\n\n<p>Apesar da restri\u00e7\u00e3o, alguns estabelecimentos continuam autorizados a funcionar aos domingos.<\/p>\n\n\n\n<p>Entre as exce\u00e7\u00f5es est\u00e3o:<\/p>\n\n\n\n<ul class=\"wp-block-list\">\n<li><strong>padarias<\/strong><\/li>\n\n\n\n<li><strong>a\u00e7ougues<\/strong><\/li>\n\n\n\n<li><strong>lojas de conveni\u00eancia<\/strong><\/li>\n\n\n\n<li>pequenos com\u00e9rcios administrados apenas por <strong>membros da fam\u00edlia<\/strong>, sem funcion\u00e1rios registrados<\/li>\n<\/ul>\n\n\n\n<p>Nesses casos, a abertura permanece permitida.<\/p>\n\n\n\n<h2 class=\"wp-block-heading\"><strong>Avalia\u00e7\u00e3o ap\u00f3s per\u00edodo de teste<\/strong><\/h2>\n\n\n\n<p>A restri\u00e7\u00e3o dominical ser\u00e1 analisada ap\u00f3s o per\u00edodo experimental de oito meses. Ao final de <strong>outubro de 2026<\/strong>, sindicatos e entidades do com\u00e9rcio devem se reunir novamente para decidir se a medida ser\u00e1 <strong>mantida, modificada ou suspensa<\/strong>.<\/p>\n\n\n\n<p>Especialistas ressaltam que a mudan\u00e7a <strong>n\u00e3o \u00e9 uma lei federal<\/strong> e se aplica apenas ao estado do Esp\u00edrito Santo. No restante do pa\u00eds, o funcionamento de supermercados aos domingos continua dependendo de <strong>acordos locais ou decis\u00f5es das pr\u00f3prias empresas<\/strong>.<\/p>\n\n\n\n<p>J\u00e1 no \u00e2mbito nacional, a discuss\u00e3o conduzida pelo <strong>Minist\u00e9rio do Trabalho e Emprego (MTE)<\/strong> envolve principalmente o <strong>trabalho em feriados<\/strong>, e n\u00e3o o funcionamento aos domingos. A portaria sobre esse tema teve prazo prorrogado pelo governo federal at\u00e9 <strong>1\u00ba de mar\u00e7o de 2026<\/strong>.<\/p>\n","protected":false},"excerpt":{"rendered":"<p>Uma nova regra que afeta o funcionamento de supermercados passou a gerar debate entre consumidores e trabalhadores do setor. No Esp\u00edrito Santo, um acordo firmado entre sindicatos e representantes do com\u00e9rcio determina que supermercados e atacarejos fechem aos domingos, o que pode impactar redes como Carrefour, Atacad\u00e3o e Assa\u00ed Atacadista. A medida foi estabelecida por [&hellip;]<\/p>\n","protected":false},"author":9,"featured_media":7033,"comment_status":"closed","ping_status":"closed","sticky":false,"template":"","format":"standard","meta":{"jnews-multi-image_gallery":[],"jnews_single_post":{"format":"standard"},"jnews_primary_category":[],"jnews_social_meta":[],"jnews_override_counter":[],"jnews_post_split":[],"footnotes":""},"categories":[1],"tags":[],"class_list":["post-38195","post","type-post","status-publish","format-standard","has-post-thumbnail","hentry","category-geral"],"_referencia":"","_links":{"self":[{"href":"https:\/\/diariodocomercio.com.br\/mix\/wp-json\/wp\/v2\/posts\/38195","targetHints":{"allow":["GET"]}}],"collection":[{"href":"https:\/\/diariodocomercio.com.br\/mix\/wp-json\/wp\/v2\/posts"}],"about":[{"href":"https:\/\/diariodocomercio.com.br\/mix\/wp-json\/wp\/v2\/types\/post"}],"author":[{"embeddable":true,"href":"https:\/\/diariodocomercio.com.br\/mix\/wp-json\/wp\/v2\/users\/9"}],"replies":[{"embeddable":true,"href":"https:\/\/diariodocomercio.com.br\/mix\/wp-json\/wp\/v2\/comments?post=38195"}],"version-history":[{"count":1,"href":"https:\/\/diariodocomercio.com.br\/mix\/wp-json\/wp\/v2\/posts\/38195\/revisions"}],"predecessor-version":[{"id":38198,"href":"https:\/\/diariodocomercio.com.br\/mix\/wp-json\/wp\/v2\/posts\/38195\/revisions\/38198"}],"wp:featuredmedia":[{"embeddable":true,"href":"https:\/\/diariodocomercio.com.br\/mix\/wp-json\/wp\/v2\/media\/7033"}],"wp:attachment":[{"href":"https:\/\/diariodocomercio.com.br\/mix\/wp-json\/wp\/v2\/media?parent=38195"}],"wp:term":[{"taxonomy":"category","embeddable":true,"href":"https:\/\/diariodocomercio.com.br\/mix\/wp-json\/wp\/v2\/categories?post=38195"},{"taxonomy":"post_tag","embeddable":true,"href":"https:\/\/diariodocomercio.com.br\/mix\/wp-json\/wp\/v2\/tags?post=38195"}],"curies":[{"name":"wp","href":"https:\/\/api.w.org\/{rel}","templated":true}]}}