{"id":38197,"date":"2026-03-15T10:13:00","date_gmt":"2026-03-15T13:13:00","guid":{"rendered":"https:\/\/diariodocomercio.com.br\/mix\/?p=38197"},"modified":"2026-03-12T11:22:59","modified_gmt":"2026-03-12T14:22:59","slug":"aviao-partindo-de-curitiba-carregava-viajante-surpresa-sem-que-ninguem-soubesse","status":"publish","type":"post","link":"https:\/\/diariodocomercio.com.br\/mix\/aviao-partindo-de-curitiba-carregava-viajante-surpresa-sem-que-ninguem-soubesse\/","title":{"rendered":"Avi\u00e3o partindo de Curitiba carregava viajante surpresa sem que ningu\u00e9m soubesse"},"content":{"rendered":"\n<p>Recentemente, voc\u00ea estava em um avi\u00e3o que partiu do Aeroporto Internacional de Curitiba, em S\u00e3o Jos\u00e9 dos Pinhais, Paran\u00e1, em dire\u00e7\u00e3o ao Rio de Janeiro? Se sim, voc\u00ea provavelmente estava no mesmo voo que um passageiro mais do que especial: Bento, um mico-le\u00e3o-de-cara-dourada que se tornou o mais novo morador do BioParque do Rio.<\/p>\n\n\n\n<p>O animalzinho foi levado no compartimento de bagagem de voo da LATAM de forma gratuita. A viagem de avi\u00e3o diminuiu em mais de cinco horas o tempo de deslocamento de Bento ao longo de um percurso com mais de 800 km. Al\u00e9m da maior praticidade log\u00edstica, o fato da viagem ter sido mais curta diminui muito o estresse do animal durante a viagem.<\/p>\n\n\n\n<p>O mico-le\u00e3o nasceu no Zool\u00f3gico Municipal de Curitiba em 2001 e dividia o espa\u00e7o com o seu irm\u00e3o, nascido em 2019. Ele foi transferido para o BioParque para ser apresentado a uma nova companheira, para que os dois fa\u00e7am parte de um programa de reprodu\u00e7\u00e3o da esp\u00e9cie.<\/p>\n\n\n\n<p>A esp\u00e9cie do mico-le\u00e3o-de-cara-dourada \u00e9 classificada como em perigo de extin\u00e7\u00e3o pelo ICMBio (Instituto Chico Mendes de Conserva\u00e7\u00e3o da Biodiversidade)<\/p>\n\n\n\n<p>Bento foi transportado atrav\u00e9s do Avi\u00e3o Solid\u00e1rio, programa da LATAM voltado para projetos humanit\u00e1rios, ambientais e de desenvolvimento regional. De acordo com o Aeroin, a Associa\u00e7\u00e3o de Zool\u00f3gicos e Aqu\u00e1rios do Brasil (AZAB) coordenou a opera\u00e7\u00e3o em parceria com o Zool\u00f3gico Municipal de Curitiba.<\/p>\n\n\n\n<h2 class=\"wp-block-heading\">Avi\u00e3o Solid\u00e1rio<\/h2>\n\n\n\n<p>O programa da LATAM existe h\u00e1 13 anos e transportou gratuitamente mais de 868 toneladas de carga e 4,6 mil animais por todo o Brasil. Em 2024, o programa transportou mais de 200 toneladas de doa\u00e7\u00e3o e 130 volunt\u00e1rios entre m\u00e9dicos, enfermeiros, veterin\u00e1rios e bombeiros para ajudar as v\u00edtimas das enchentes no Rio Grande do Sul.<\/p>\n\n\n\n<style>@media (min-width: 992px) {\n    .recomendadorV2Area1 {\n        width: 280px;\n    }\n    .recomendadorV2Area2 {\n        padding: 0px 20px;\n        width: calc(100% - 280px);\n    }\n}\n\n@media (max-width: 992px) {\n    .recomendadorV2Button {\n        margin: 0 auto;\n    }\n    .recomendadorV2Area {\n        flex-direction: column;\n        text-align: center;\n    }\n    .recomendadorV2Area2 {\n        padding: 0px 20px;\n    }\n}\n\n.recomendadorV2Area {\n    background: #eeeeee3d;\n    border-radius: 10px;\n    padding: 15px;\n    display: flex;\n    margin: 15px auto;\n    border: 1px solid #00000014;\n    max-width: 800px;\n}\n\n.recomendadorV2Area1 img {\n    width: 280px;\n    height: auto;\n    border-radius: 8px;\n}\n\n.linkrecomendadorv2 {\n    text-decoration: none !important;\n}\n\n.recomendadorV2Area2 .recomendadorV2Type {\n    text-transform: uppercase;\n    font-weight: 500;\n    font-size: 11px;\n    letter-spacing: 2px;\n    color: #666;\n    margin: 12px 0;\n    display: block;\n}\n\n.recomendadorV2Title h2 {\n    padding-top: 0px !important;\n    margin: 0px !important;\n    border-left: none !important;\n    padding-left: 0px !important;\n    line-height: 1.3;\n    color: #000 !important;\n    font-size: 24px;\n    margin-bottom: 12px !important;\n}\n\n.recomendadorV2Desc {\n    color: #333;\n    margin: 12px 0px !important;\n    font-size: 15px;\n    line-height: 1.5;\n}\n\n.recomendadorV2Button {\n    width: auto;\n    max-width: 200px;\n    margin: 0;\n    display: inline-flex;\n    align-items: center;\n    background: #1D3557;\n    border-radius: 8px;\n    color: #fff;\n    height: 36px;\n    justify-content: center;\n    text-align: center;\n    font-size: 14px;\n    padding: 0 20px;\n    transition: background-color 0.2s ease;\n}\n\n.recomendadorV2Button:hover {\n    background: #2a4d7a;\n}\n\n.recomendadorV2Button:after {\n    margin-top: -2px;\n    content: \"\u2192\";\n    padding: 0px 0px 0px 8px;\n}\n\n.recomendadorV2Alert {\n    text-align: left;\n    font-size: 11px;\n    margin-top: 8px;\n    color: #666;\n}\n\n.recomendadorFixedArea {\n    width: 100%;\n    display: flex;\n    justify-content: center;\n    align-items: center;\n}\n\n@media (min-width: 992px) {\n    #recomendadorFixed {\n        width: 32% !important;\n        left: 5%;\n    }\n    .recomendadorCloseFixed{\n        right: inherit !important;\n        left: 378px !important;\n    }\n}\n\n#recomendadorFixed {\n    width: 90%;\n    box-shadow: 0 10px 20px 0px #00000057;\n    display: none;\n    height: 90px;\n    background: #F6F6F6;\n    position: fixed;\n    flex-direction: row;\n    bottom: 10px;\n    z-index: 9999;\n    border-radius: 16px;\n    padding: 7px 10px;\n}\n\n.recomendadorLeftArea {\n    width: 160px;\n}\n\n.recomendadorRightArea h2 {\n    padding-top: 0px;\n    margin: 2px 0px 4px 0px !important;\n    font-weight: 400;\n    text-align: center;\n    padding-left: 0px !important;\n    color: #000 !important;\n    border-left: none !important;\n    line-height: 20px;\n    font-size: 12px !important;\n}\n\n.recomendadorImgFixed {\n    overflow: hidden;\n    padding: 8px 6px;\n    height: 100%;\n}\n\n.recomendadorImgFixed img {\n    height: 100% !important;\n    border-radius: 16px;\n}\n\n.recomendadorRightArea {\n    padding-top: 6px;\n    display: flex;\n    width: calc(100% - 130px);\n    justify-content: space-between;\n    align-items: center;\n    flex-direction: column;\n}\n\n.recomendadorButtonFixed {\n    margin: 0 auto;\n    background: #1D3557;\n    width: 80%;\n    text-align: center;\n    font-size: 10px;\n    color: #FFF;\n    padding: 2px 10px;\n    border-radius: 3px;\n}\n\n.recomendadorButtonFixed:after {\n    margin-top: -3px;\n    content: \"\u2192\";\n    padding: 0px 0px 0px 10px;\n}\n\n.recomendadorAlertFixed {\n    font-weight: 400;\n    text-align: center;\n    color: #484848;\n    font-size: 8px;\n}\n\n.recomendadorCloseFixed {\n    z-index: 99999;\n    display: none;\n    right: 0px;\n    left: inherit;\n    bottom: 99px;\n    position: fixed;\n    justify-content: center;\n    background: #F6F6F6;\n    width: 25px;\n    align-items: center;\n    height: 25px;\n    font-weight: 800;\n    border-radius: 50%;\n    border: 1px solid #EBEBEB;\n}\n\n.recomendadorV2Desc{\n    color: #000000;\n    margin: 20px 0px;\n}\n\n@media (max-width: 576px) {\n    .recomendadorV2Area {\n      padding: 10px;\n      max-width: 100%;\n    }\n  \n    .recomendadorV2Area1 img {\n      width: 100%;\n      border-radius: 6px;\n    }\n  \n    .recomendadorV2Area2 .recomendadorV2Type {\n      font-size: 9px;\n      letter-spacing: 1px;\n      margin: 8px 0;\n    }\n  \n    .recomendadorV2Title h2 {\n      font-size: 18px !important;\n      margin-bottom: 8px !important;\n      line-height: 1.2;\n    }\n  \n    .recomendadorV2Desc {\n      font-size: 14px;\n      margin: 8px 0 !important;\n      line-height: 1.4;\n    }\n  \n    .recomendadorV2Button {\n      font-size: 14px;\n      height: 40px;\n      padding: 0 12px;\n      max-width: 100%;\n      width: 100%;\n    }\n  \n    .recomendadorV2Button:after {\n      padding-left: 6px;\n    }\n  }\n  <\/style>\n        <div class=\"lazyblock-recomendador-v2-2jDGz wp-block-lazyblock-recomendador-v2\">\n        <a class=\"linkrecomendadorv2\" href=\"https:\/\/diariodocomercio.com.br\/mix\/funcionarios-da-disney-acabam-no-hospital-depois-de-sentirem-cheiro-ruim-no-parque\/\">\n            <div class=\"recomendadorV2Area\">\n            <div class=\"recomendadorV2Area1\">\n                <div class=\"recomendadorV2Img\">\n                <img class=\"lazyloaded\" decoding=\"async\" src=\"https:\/\/diariodocomercio.com.br\/mix\/wp-content\/uploads\/2025\/02\/pexels-jmendezrf-12569769-scaled.jpg\" data-src=\"https:\/\/diariodocomercio.com.br\/mix\/wp-content\/uploads\/2025\/02\/pexels-jmendezrf-12569769-scaled.jpg\" alt=\"\">\n                <\/div>\n            <\/div>\n            <div class=\"recomendadorV2Area2\">\n                <div class=\"recomendadorV2Type\">\n                    <span>CASOS ESTRANHOS<\/span>\n                <\/div>\n                <div class=\"recomendadorV2Title\">\n                <h2><span>Funcion\u00e1rios da Disney acabam no hospital depois de sentirem &quot;cheiro ruim&quot; no parque<\/span><\/h2>\n                <\/div>\n                <div class=\"recomendadorV2Desc\">\n                <span>Os parques da Disney se vendem como uma &quot;terra dos sonhos&quot;, cheia de divers\u00e3o e magia\u2026 mas \u00e9 claro que \u2026<\/span>\n                <\/div>\n                <div class=\"recomendadorV2Button\">Leia mais<\/div>\n                <div class=\"recomendadorV2Alert\"><\/div>\n            <\/div>\n            <\/div>\n        <\/a>\n        <div>\n            <div style=\"z-index:99999;\" id=\"buttonClose\" onclick=\"closeRecomendadorFixed()\">\n            <div class=\"recomendadorCloseFixed\">X<\/div>\n            <\/div>\n            <a href=\"https:\/\/diariodocomercio.com.br\/mix\/funcionarios-da-disney-acabam-no-hospital-depois-de-sentirem-cheiro-ruim-no-parque\/\">\n            <div class=\"recomendadorFixedArea\">\n                <div id=\"recomendadorFixed\">\n                <div class=\"recomendadorLeftArea\">\n                    <div class=\"recomendadorImgFixed\">\n                    <img class=\"lazyload\" decoding=\"async\" src=\"https:\/\/diariodocomercio.com.br\/mix\/wp-content\/uploads\/2025\/02\/pexels-jmendezrf-12569769-scaled.jpg\" alt=\"\">\n                    <\/div>\n                <\/div>\n                <div class=\"recomendadorRightArea\">\n                    <div class=\"recomendadorTitleFixed\">\n                    <h2><span>Funcion\u00e1rios da Disney acabam no hospital depois de sentirem &quot;cheiro ruim&quot; no parque<\/span><\/h2>\n                    <\/div>\n                    <div class=\"recomendadorButtonFixed\">Leia mais<\/div>\n                    <div class=\"recomendadorAlertFixed\"><\/div>\n                <\/div>\n                <\/div>\n            <\/div>\n            <\/a>\n        <\/div>\n        <\/div>\n","protected":false},"excerpt":{"rendered":"<p>Recentemente, voc\u00ea estava em um avi\u00e3o que partiu do Aeroporto Internacional de Curitiba, em S\u00e3o Jos\u00e9 dos Pinhais, Paran\u00e1, em dire\u00e7\u00e3o ao Rio de Janeiro? Se sim, voc\u00ea provavelmente estava no mesmo voo que um passageiro mais do que especial: Bento, um mico-le\u00e3o-de-cara-dourada que se tornou o mais novo morador do BioParque do Rio. O [&hellip;]<\/p>\n","protected":false},"author":6,"featured_media":3914,"comment_status":"closed","ping_status":"closed","sticky":false,"template":"","format":"standard","meta":{"jnews-multi-image_gallery":[],"jnews_single_post":{"format":"standard"},"jnews_primary_category":[],"jnews_social_meta":[],"jnews_override_counter":[],"jnews_post_split":[],"footnotes":""},"categories":[1],"tags":[],"class_list":["post-38197","post","type-post","status-publish","format-standard","has-post-thumbnail","hentry","category-geral"],"_referencia":"","_links":{"self":[{"href":"https:\/\/diariodocomercio.com.br\/mix\/wp-json\/wp\/v2\/posts\/38197","targetHints":{"allow":["GET"]}}],"collection":[{"href":"https:\/\/diariodocomercio.com.br\/mix\/wp-json\/wp\/v2\/posts"}],"about":[{"href":"https:\/\/diariodocomercio.com.br\/mix\/wp-json\/wp\/v2\/types\/post"}],"author":[{"embeddable":true,"href":"https:\/\/diariodocomercio.com.br\/mix\/wp-json\/wp\/v2\/users\/6"}],"replies":[{"embeddable":true,"href":"https:\/\/diariodocomercio.com.br\/mix\/wp-json\/wp\/v2\/comments?post=38197"}],"version-history":[{"count":1,"href":"https:\/\/diariodocomercio.com.br\/mix\/wp-json\/wp\/v2\/posts\/38197\/revisions"}],"predecessor-version":[{"id":38200,"href":"https:\/\/diariodocomercio.com.br\/mix\/wp-json\/wp\/v2\/posts\/38197\/revisions\/38200"}],"wp:featuredmedia":[{"embeddable":true,"href":"https:\/\/diariodocomercio.com.br\/mix\/wp-json\/wp\/v2\/media\/3914"}],"wp:attachment":[{"href":"https:\/\/diariodocomercio.com.br\/mix\/wp-json\/wp\/v2\/media?parent=38197"}],"wp:term":[{"taxonomy":"category","embeddable":true,"href":"https:\/\/diariodocomercio.com.br\/mix\/wp-json\/wp\/v2\/categories?post=38197"},{"taxonomy":"post_tag","embeddable":true,"href":"https:\/\/diariodocomercio.com.br\/mix\/wp-json\/wp\/v2\/tags?post=38197"}],"curies":[{"name":"wp","href":"https:\/\/api.w.org\/{rel}","templated":true}]}}