{"id":38199,"date":"2026-03-12T13:50:56","date_gmt":"2026-03-12T16:50:56","guid":{"rendered":"https:\/\/diariodocomercio.com.br\/mix\/?p=38199"},"modified":"2026-03-12T13:50:59","modified_gmt":"2026-03-12T16:50:59","slug":"banco-famoso-devolve-parte-do-dinheiro-a-clientes-em-compras-no-cartao-de-credito","status":"publish","type":"post","link":"https:\/\/diariodocomercio.com.br\/mix\/banco-famoso-devolve-parte-do-dinheiro-a-clientes-em-compras-no-cartao-de-credito\/","title":{"rendered":"Banco famoso devolve parte do dinheiro a clientes em compras no cart\u00e3o de cr\u00e9dito"},"content":{"rendered":"\n<p>O <strong>Banco Inter<\/strong> anunciou uma s\u00e9rie de a\u00e7\u00f5es para incentivar compras durante o <strong>M\u00eas do Consumidor de 2026<\/strong>, incluindo a devolu\u00e7\u00e3o de parte do dinheiro gasto pelos clientes em compras feitas com cart\u00e3o de cr\u00e9dito. A institui\u00e7\u00e3o informou que ir\u00e1 disponibilizar <strong>R$ 30 milh\u00f5es em cashback<\/strong>, benef\u00edcio que retorna ao consumidor uma porcentagem do valor pago em determinadas transa\u00e7\u00f5es.<\/p>\n\n\n\n<p>Al\u00e9m disso, o banco digital tamb\u00e9m anunciou a libera\u00e7\u00e3o de <strong>mais de R$ 3 bilh\u00f5es em cr\u00e9dito adicional<\/strong>, ampliando o limite dispon\u00edvel para clientes utilizarem em compras dentro do ecossistema da empresa.<\/p>\n\n\n\n<p>O benef\u00edcio ser\u00e1 oferecido para transa\u00e7\u00f5es realizadas no <strong>Inter Shop<\/strong>, marketplace integrado ao Super App do banco. A plataforma re\u00fane milh\u00f5es de produtos e servi\u00e7os de diferentes categorias.<\/p>\n\n\n\n<p>Segundo o Inter, o objetivo \u00e9 estimular <strong>um consumo mais planejado<\/strong>, permitindo que clientes aproveitem promo\u00e7\u00f5es e recebam parte do valor gasto de volta na conta.<\/p>\n\n\n\n<p>O volume de cr\u00e9dito disponibilizado nesta campanha \u00e9 <strong>tr\u00eas vezes maior<\/strong> do que o liberado durante a \u00faltima Black Friday, quando cerca de <strong>R$ 1 bilh\u00e3o<\/strong> em limite adicional foi concedido aos usu\u00e1rios.<\/p>\n\n\n\n<h2 class=\"wp-block-heading\"><strong>Aumento de limite para centenas de milhares de clientes<\/strong><\/h2>\n\n\n\n<p>Para ampliar o acesso \u00e0s ofertas do per\u00edodo, o banco informou que <strong>mais de 600 mil clientes<\/strong> receberam aumento de limite no cart\u00e3o de cr\u00e9dito ou acesso a novas linhas de financiamento.<\/p>\n\n\n\n<p>Entre as op\u00e7\u00f5es est\u00e1 o <strong>Credi\u00e1rio Digital<\/strong>, modalidade que permite parcelar compras no Inter Shop <strong>em at\u00e9 24 vezes<\/strong>, mesmo sem utilizar o cart\u00e3o de cr\u00e9dito.<\/p>\n\n\n\n<h2 class=\"wp-block-heading\"><strong>Smartphones e TVs lideram compras<\/strong><\/h2>\n\n\n\n<p>Dados analisados pela institui\u00e7\u00e3o com base no comportamento de consumo de 2025 indicam que <strong>produtos eletr\u00f4nicos lideraram as vendas<\/strong> durante o per\u00edodo promocional.<\/p>\n\n\n\n<p>Entre os itens mais procurados est\u00e3o:<\/p>\n\n\n\n<ul class=\"wp-block-list\">\n<li><strong>Smartphones<\/strong>, respons\u00e1veis por 35% das compras<\/li>\n\n\n\n<li><strong>Televisores<\/strong>, que representaram cerca de 20% das vendas<\/li>\n<\/ul>\n\n\n\n<p>Segundo o banco, esses produtos de maior valor indicam um perfil de consumidor que costuma <strong>pesquisar pre\u00e7os e planejar compras antes de fechar neg\u00f3cio<\/strong>.<\/p>\n\n\n\n<h2 class=\"wp-block-heading\"><strong>P\u00fablico entre 30 e 40 anos lidera transa\u00e7\u00f5es<\/strong><\/h2>\n\n\n\n<p>O levantamento tamb\u00e9m mostra que consumidores entre <strong>30 e 40 anos<\/strong> foram os mais ativos nas compras durante o M\u00eas do Consumidor, respondendo por <strong>39% das transa\u00e7\u00f5es<\/strong>.<\/p>\n\n\n\n<p>Outro dado relevante \u00e9 a prefer\u00eancia pelo uso do cart\u00e3o de cr\u00e9dito: <strong>79% das compras foram feitas por esse meio de pagamento<\/strong>, indicando que muitos consumidores utilizam o parcelamento como forma de organizar o or\u00e7amento.<\/p>\n\n\n\n<p>Atualmente, o <strong>Inter Shop<\/strong> re\u00fane cerca de <strong>3,5 milh\u00f5es de produtos<\/strong>, mais de <strong>100 mil marcas<\/strong> e centenas de lojas parceiras. A plataforma tamb\u00e9m oferece servi\u00e7os como <strong>compra de passagens a\u00e9reas, hospedagens e gift cards<\/strong>, ampliando o alcance do ecossistema digital do banco.<\/p>\n","protected":false},"excerpt":{"rendered":"<p>O Banco Inter anunciou uma s\u00e9rie de a\u00e7\u00f5es para incentivar compras durante o M\u00eas do Consumidor de 2026, incluindo a devolu\u00e7\u00e3o de parte do dinheiro gasto pelos clientes em compras feitas com cart\u00e3o de cr\u00e9dito. A institui\u00e7\u00e3o informou que ir\u00e1 disponibilizar R$ 30 milh\u00f5es em cashback, benef\u00edcio que retorna ao consumidor uma porcentagem do valor [&hellip;]<\/p>\n","protected":false},"author":9,"featured_media":5951,"comment_status":"closed","ping_status":"closed","sticky":false,"template":"","format":"standard","meta":{"jnews-multi-image_gallery":[],"jnews_single_post":{"format":"standard"},"jnews_primary_category":[],"jnews_social_meta":[],"jnews_override_counter":[],"jnews_post_split":[],"footnotes":""},"categories":[1],"tags":[],"class_list":["post-38199","post","type-post","status-publish","format-standard","has-post-thumbnail","hentry","category-geral"],"_referencia":"","_links":{"self":[{"href":"https:\/\/diariodocomercio.com.br\/mix\/wp-json\/wp\/v2\/posts\/38199","targetHints":{"allow":["GET"]}}],"collection":[{"href":"https:\/\/diariodocomercio.com.br\/mix\/wp-json\/wp\/v2\/posts"}],"about":[{"href":"https:\/\/diariodocomercio.com.br\/mix\/wp-json\/wp\/v2\/types\/post"}],"author":[{"embeddable":true,"href":"https:\/\/diariodocomercio.com.br\/mix\/wp-json\/wp\/v2\/users\/9"}],"replies":[{"embeddable":true,"href":"https:\/\/diariodocomercio.com.br\/mix\/wp-json\/wp\/v2\/comments?post=38199"}],"version-history":[{"count":1,"href":"https:\/\/diariodocomercio.com.br\/mix\/wp-json\/wp\/v2\/posts\/38199\/revisions"}],"predecessor-version":[{"id":38206,"href":"https:\/\/diariodocomercio.com.br\/mix\/wp-json\/wp\/v2\/posts\/38199\/revisions\/38206"}],"wp:featuredmedia":[{"embeddable":true,"href":"https:\/\/diariodocomercio.com.br\/mix\/wp-json\/wp\/v2\/media\/5951"}],"wp:attachment":[{"href":"https:\/\/diariodocomercio.com.br\/mix\/wp-json\/wp\/v2\/media?parent=38199"}],"wp:term":[{"taxonomy":"category","embeddable":true,"href":"https:\/\/diariodocomercio.com.br\/mix\/wp-json\/wp\/v2\/categories?post=38199"},{"taxonomy":"post_tag","embeddable":true,"href":"https:\/\/diariodocomercio.com.br\/mix\/wp-json\/wp\/v2\/tags?post=38199"}],"curies":[{"name":"wp","href":"https:\/\/api.w.org\/{rel}","templated":true}]}}