{"id":38201,"date":"2026-03-12T11:54:42","date_gmt":"2026-03-12T14:54:42","guid":{"rendered":"https:\/\/diariodocomercio.com.br\/mix\/?p=38201"},"modified":"2026-03-12T11:54:45","modified_gmt":"2026-03-12T14:54:45","slug":"governo-libera-auxilio-financeiro-para-trabalhadores-e-valor-pode-ser-sacado-ate-30-12","status":"publish","type":"post","link":"https:\/\/diariodocomercio.com.br\/mix\/governo-libera-auxilio-financeiro-para-trabalhadores-e-valor-pode-ser-sacado-ate-30-12\/","title":{"rendered":"Governo libera aux\u00edlio financeiro para trabalhadores e valor pode ser sacado at\u00e9 30\/12"},"content":{"rendered":"\n<p>Para quem sempre conta com a ajudinha do valor do abono salarial PIS\/Pasep, boa not\u00edcia. O abono de 2026 j\u00e1 come\u00e7ou a ser pago no m\u00eas de fevereiro para os trabalhadores nascidos em janeiro (colocamos o cronograma completinho mais abaixo). Lembrando que o abono deste ano \u00e9 em refer\u00eancia ao ano-base de 2024. <\/p>\n\n\n\n<p>O valor do benef\u00edcio depende do sal\u00e1rio m\u00ednimo e da quantidade de meses que voc\u00ea trabalhou no ano-base. Se voc\u00ea trabalhou seis meses, recebe metade de um sal\u00e1rio m\u00ednimo, se trabalhou 12, recebe o sal\u00e1rio inteiro e da\u00ed por diante. Se voc\u00ea n\u00e3o quiser sacar o valor do abono por agora, tudo bem, mas lembre-se que tem prazo para resgatar o dinheiro: at\u00e9 o dia 30 de dezembro deste ano.<\/p>\n\n\n\n<p>O PIS, para funcion\u00e1rios do setor privado, \u00e9 pago pela Caixa Econ\u00f4mica Federal, e o Pasep, para funcion\u00e1rios p\u00fablicos, \u00e9 pago pelo Banco do Brasil. De acordo com o Gov.br, os pagamentos podem ser feitos das seguintes formas:<\/p>\n\n\n\n<ul class=\"wp-block-list\">\n<li>Caixa \n<ul class=\"wp-block-list\">\n<li>por cr\u00e9dito em conta CAIXA, quando o trabalhador possui conta corrente ou poupan\u00e7a ou Conta Digital;<\/li>\n\n\n\n<li>cr\u00e9dito pelo CAIXA Tem, em conta poupan\u00e7a social digital, aberta automaticamente pela CAIXA;<\/li>\n\n\n\n<li>nos caixas eletr\u00f4nicos, nas Casas Lot\u00e9ricas e nos Correspondentes CAIXA Aqui utilizando o Cart\u00e3o Social e senha;<\/li>\n\n\n\n<li>apresentando um documento oficial de identifica\u00e7\u00e3o na ag\u00eancia.<\/li>\n<\/ul>\n<\/li>\n\n\n\n<li>Banco do Brasil\n<ul class=\"wp-block-list\">\n<li>Cr\u00e9dito em conta &#8211; para correntistas do Banco do Brasil;<\/li>\n\n\n\n<li>Cr\u00e9dito via TED &#8211; para correntistas de outros bancos;<\/li>\n\n\n\n<li>Transfer\u00eancias via PIX;<\/li>\n\n\n\n<li>Recebimento direto no Caixa \u2013 Para trabalhadores que n\u00e3o receberam via cr\u00e9dito.<\/li>\n<\/ul>\n<\/li>\n<\/ul>\n\n\n\n<h2 class=\"wp-block-heading\">Quem tem direito ao abono salarial do PIS\/Pasep?<\/h2>\n\n\n\n<ul class=\"wp-block-list\">\n<li>Ter uma carteira assinada por no m\u00ednimo cinco anos;<\/li>\n\n\n\n<li>Receber at\u00e9 dois sal\u00e1rios m\u00ednimos* por m\u00eas;<\/li>\n\n\n\n<li>Ter trabalhado pelo menos 30 dias no ano-base;<\/li>\n\n\n\n<li>O empregador deve ter informado corretamente os dados do funcion\u00e1rio ao RAIS (Relat\u00f3rio Anual de Informa\u00e7\u00f5es Sociais).<\/li>\n<\/ul>\n\n\n\n<h2 class=\"wp-block-heading\">Calend\u00e1rio PIS\/Pasep 2026<\/h2>\n\n\n\n<figure class=\"wp-block-table\"><table class=\"has-fixed-layout\"><tbody><tr><td class=\"has-text-align-left\" data-align=\"left\"><strong>Nascidos em<\/strong><\/td><td class=\"has-text-align-left\" data-align=\"left\"><strong>Recebem a partir de<\/strong><\/td><\/tr><tr><td class=\"has-text-align-left\" data-align=\"left\">Janeiro<\/td><td class=\"has-text-align-left\" data-align=\"left\">15 de fevereiro<\/td><\/tr><tr><td class=\"has-text-align-left\" data-align=\"left\">Fevereiro<\/td><td class=\"has-text-align-left\" data-align=\"left\">15 de mar\u00e7o<\/td><\/tr><tr><td class=\"has-text-align-left\" data-align=\"left\">Mar\u00e7o e abril<\/td><td class=\"has-text-align-left\" data-align=\"left\">15 de abril<\/td><\/tr><tr><td class=\"has-text-align-left\" data-align=\"left\">Maio e junho<\/td><td class=\"has-text-align-left\" data-align=\"left\">15 de maio<\/td><\/tr><tr><td class=\"has-text-align-left\" data-align=\"left\">Julho e agosto<\/td><td class=\"has-text-align-left\" data-align=\"left\">15 de junho<\/td><\/tr><tr><td class=\"has-text-align-left\" data-align=\"left\">Setembro e outubro<\/td><td class=\"has-text-align-left\" data-align=\"left\">15 de julho<\/td><\/tr><tr><td class=\"has-text-align-left\" data-align=\"left\">Novembro e dezembro<\/td><td class=\"has-text-align-left\" data-align=\"left\">15 de agosto<\/td><\/tr><\/tbody><\/table><\/figure>\n\n\n\n<style>@media (min-width: 992px) {\n    .recomendadorV2Area1 {\n        width: 280px;\n    }\n    .recomendadorV2Area2 {\n        padding: 0px 20px;\n        width: calc(100% - 280px);\n    }\n}\n\n@media (max-width: 992px) {\n    .recomendadorV2Button {\n        margin: 0 auto;\n    }\n    .recomendadorV2Area {\n        flex-direction: column;\n        text-align: center;\n    }\n    .recomendadorV2Area2 {\n        padding: 0px 20px;\n    }\n}\n\n.recomendadorV2Area {\n    background: #eeeeee3d;\n    border-radius: 10px;\n    padding: 15px;\n    display: flex;\n    margin: 15px auto;\n    border: 1px solid #00000014;\n    max-width: 800px;\n}\n\n.recomendadorV2Area1 img {\n    width: 280px;\n    height: auto;\n    border-radius: 8px;\n}\n\n.linkrecomendadorv2 {\n    text-decoration: none !important;\n}\n\n.recomendadorV2Area2 .recomendadorV2Type {\n    text-transform: uppercase;\n    font-weight: 500;\n    font-size: 11px;\n    letter-spacing: 2px;\n    color: #666;\n    margin: 12px 0;\n    display: block;\n}\n\n.recomendadorV2Title h2 {\n    padding-top: 0px !important;\n    margin: 0px !important;\n    border-left: none !important;\n    padding-left: 0px !important;\n    line-height: 1.3;\n    color: #000 !important;\n    font-size: 24px;\n    margin-bottom: 12px !important;\n}\n\n.recomendadorV2Desc {\n    color: #333;\n    margin: 12px 0px !important;\n    font-size: 15px;\n    line-height: 1.5;\n}\n\n.recomendadorV2Button {\n    width: auto;\n    max-width: 200px;\n    margin: 0;\n    display: inline-flex;\n    align-items: center;\n    background: #1D3557;\n    border-radius: 8px;\n    color: #fff;\n    height: 36px;\n    justify-content: center;\n    text-align: center;\n    font-size: 14px;\n    padding: 0 20px;\n    transition: background-color 0.2s ease;\n}\n\n.recomendadorV2Button:hover {\n    background: #2a4d7a;\n}\n\n.recomendadorV2Button:after {\n    margin-top: -2px;\n    content: \"\u2192\";\n    padding: 0px 0px 0px 8px;\n}\n\n.recomendadorV2Alert {\n    text-align: left;\n    font-size: 11px;\n    margin-top: 8px;\n    color: #666;\n}\n\n.recomendadorFixedArea {\n    width: 100%;\n    display: flex;\n    justify-content: center;\n    align-items: center;\n}\n\n@media (min-width: 992px) {\n    #recomendadorFixed {\n        width: 32% !important;\n        left: 5%;\n    }\n    .recomendadorCloseFixed{\n        right: inherit !important;\n        left: 378px !important;\n    }\n}\n\n#recomendadorFixed {\n    width: 90%;\n    box-shadow: 0 10px 20px 0px #00000057;\n    display: none;\n    height: 90px;\n    background: #F6F6F6;\n    position: fixed;\n    flex-direction: row;\n    bottom: 10px;\n    z-index: 9999;\n    border-radius: 16px;\n    padding: 7px 10px;\n}\n\n.recomendadorLeftArea {\n    width: 160px;\n}\n\n.recomendadorRightArea h2 {\n    padding-top: 0px;\n    margin: 2px 0px 4px 0px !important;\n    font-weight: 400;\n    text-align: center;\n    padding-left: 0px !important;\n    color: #000 !important;\n    border-left: none !important;\n    line-height: 20px;\n    font-size: 12px !important;\n}\n\n.recomendadorImgFixed {\n    overflow: hidden;\n    padding: 8px 6px;\n    height: 100%;\n}\n\n.recomendadorImgFixed img {\n    height: 100% !important;\n    border-radius: 16px;\n}\n\n.recomendadorRightArea {\n    padding-top: 6px;\n    display: flex;\n    width: calc(100% - 130px);\n    justify-content: space-between;\n    align-items: center;\n    flex-direction: column;\n}\n\n.recomendadorButtonFixed {\n    margin: 0 auto;\n    background: #1D3557;\n    width: 80%;\n    text-align: center;\n    font-size: 10px;\n    color: #FFF;\n    padding: 2px 10px;\n    border-radius: 3px;\n}\n\n.recomendadorButtonFixed:after {\n    margin-top: -3px;\n    content: \"\u2192\";\n    padding: 0px 0px 0px 10px;\n}\n\n.recomendadorAlertFixed {\n    font-weight: 400;\n    text-align: center;\n    color: #484848;\n    font-size: 8px;\n}\n\n.recomendadorCloseFixed {\n    z-index: 99999;\n    display: none;\n    right: 0px;\n    left: inherit;\n    bottom: 99px;\n    position: fixed;\n    justify-content: center;\n    background: #F6F6F6;\n    width: 25px;\n    align-items: center;\n    height: 25px;\n    font-weight: 800;\n    border-radius: 50%;\n    border: 1px solid #EBEBEB;\n}\n\n.recomendadorV2Desc{\n    color: #000000;\n    margin: 20px 0px;\n}\n\n@media (max-width: 576px) {\n    .recomendadorV2Area {\n      padding: 10px;\n      max-width: 100%;\n    }\n  \n    .recomendadorV2Area1 img {\n      width: 100%;\n      border-radius: 6px;\n    }\n  \n    .recomendadorV2Area2 .recomendadorV2Type {\n      font-size: 9px;\n      letter-spacing: 1px;\n      margin: 8px 0;\n    }\n  \n    .recomendadorV2Title h2 {\n      font-size: 18px !important;\n      margin-bottom: 8px !important;\n      line-height: 1.2;\n    }\n  \n    .recomendadorV2Desc {\n      font-size: 14px;\n      margin: 8px 0 !important;\n      line-height: 1.4;\n    }\n  \n    .recomendadorV2Button {\n      font-size: 14px;\n      height: 40px;\n      padding: 0 12px;\n      max-width: 100%;\n      width: 100%;\n    }\n  \n    .recomendadorV2Button:after {\n      padding-left: 6px;\n    }\n  }\n  <\/style>\n        <div class=\"lazyblock-recomendador-v2-2jDGz wp-block-lazyblock-recomendador-v2\">\n        <a class=\"linkrecomendadorv2\" href=\"https:\/\/diariodocomercio.com.br\/mix\/funcionarios-da-disney-acabam-no-hospital-depois-de-sentirem-cheiro-ruim-no-parque\/\">\n            <div class=\"recomendadorV2Area\">\n            <div class=\"recomendadorV2Area1\">\n                <div class=\"recomendadorV2Img\">\n                <img class=\"lazyloaded\" decoding=\"async\" src=\"https:\/\/diariodocomercio.com.br\/mix\/wp-content\/uploads\/2025\/02\/pexels-jmendezrf-12569769-scaled.jpg\" data-src=\"https:\/\/diariodocomercio.com.br\/mix\/wp-content\/uploads\/2025\/02\/pexels-jmendezrf-12569769-scaled.jpg\" alt=\"\">\n                <\/div>\n            <\/div>\n            <div class=\"recomendadorV2Area2\">\n                <div class=\"recomendadorV2Type\">\n                    <span>CASOS ESTRANHOS<\/span>\n                <\/div>\n                <div class=\"recomendadorV2Title\">\n                <h2><span>Funcion\u00e1rios da Disney acabam no hospital depois de sentirem &quot;cheiro ruim&quot; no parque<\/span><\/h2>\n                <\/div>\n                <div class=\"recomendadorV2Desc\">\n                <span>Os parques da Disney se vendem como uma &quot;terra dos sonhos&quot;, cheia de divers\u00e3o e magia\u2026 mas \u00e9 claro que \u2026<\/span>\n                <\/div>\n                <div class=\"recomendadorV2Button\">Leia mais<\/div>\n                <div class=\"recomendadorV2Alert\"><\/div>\n            <\/div>\n            <\/div>\n        <\/a>\n        <div>\n            <div style=\"z-index:99999;\" id=\"buttonClose\" onclick=\"closeRecomendadorFixed()\">\n            <div class=\"recomendadorCloseFixed\">X<\/div>\n            <\/div>\n            <a href=\"https:\/\/diariodocomercio.com.br\/mix\/funcionarios-da-disney-acabam-no-hospital-depois-de-sentirem-cheiro-ruim-no-parque\/\">\n            <div class=\"recomendadorFixedArea\">\n                <div id=\"recomendadorFixed\">\n                <div class=\"recomendadorLeftArea\">\n                    <div class=\"recomendadorImgFixed\">\n                    <img class=\"lazyload\" decoding=\"async\" src=\"https:\/\/diariodocomercio.com.br\/mix\/wp-content\/uploads\/2025\/02\/pexels-jmendezrf-12569769-scaled.jpg\" alt=\"\">\n                    <\/div>\n                <\/div>\n                <div class=\"recomendadorRightArea\">\n                    <div class=\"recomendadorTitleFixed\">\n                    <h2><span>Funcion\u00e1rios da Disney acabam no hospital depois de sentirem &quot;cheiro ruim&quot; no parque<\/span><\/h2>\n                    <\/div>\n                    <div class=\"recomendadorButtonFixed\">Leia mais<\/div>\n                    <div class=\"recomendadorAlertFixed\"><\/div>\n                <\/div>\n                <\/div>\n            <\/div>\n            <\/a>\n        <\/div>\n        <\/div>\n","protected":false},"excerpt":{"rendered":"<p>Para quem sempre conta com a ajudinha do valor do abono salarial PIS\/Pasep, boa not\u00edcia. O abono de 2026 j\u00e1 come\u00e7ou a ser pago no m\u00eas de fevereiro para os trabalhadores nascidos em janeiro (colocamos o cronograma completinho mais abaixo). Lembrando que o abono deste ano \u00e9 em refer\u00eancia ao ano-base de 2024. O valor [&hellip;]<\/p>\n","protected":false},"author":6,"featured_media":2750,"comment_status":"closed","ping_status":"closed","sticky":false,"template":"","format":"standard","meta":{"jnews-multi-image_gallery":[],"jnews_single_post":{"format":"standard"},"jnews_primary_category":[],"jnews_social_meta":[],"jnews_override_counter":[],"jnews_post_split":[],"footnotes":""},"categories":[1],"tags":[],"class_list":["post-38201","post","type-post","status-publish","format-standard","has-post-thumbnail","hentry","category-geral"],"_referencia":"","_links":{"self":[{"href":"https:\/\/diariodocomercio.com.br\/mix\/wp-json\/wp\/v2\/posts\/38201","targetHints":{"allow":["GET"]}}],"collection":[{"href":"https:\/\/diariodocomercio.com.br\/mix\/wp-json\/wp\/v2\/posts"}],"about":[{"href":"https:\/\/diariodocomercio.com.br\/mix\/wp-json\/wp\/v2\/types\/post"}],"author":[{"embeddable":true,"href":"https:\/\/diariodocomercio.com.br\/mix\/wp-json\/wp\/v2\/users\/6"}],"replies":[{"embeddable":true,"href":"https:\/\/diariodocomercio.com.br\/mix\/wp-json\/wp\/v2\/comments?post=38201"}],"version-history":[{"count":1,"href":"https:\/\/diariodocomercio.com.br\/mix\/wp-json\/wp\/v2\/posts\/38201\/revisions"}],"predecessor-version":[{"id":38202,"href":"https:\/\/diariodocomercio.com.br\/mix\/wp-json\/wp\/v2\/posts\/38201\/revisions\/38202"}],"wp:featuredmedia":[{"embeddable":true,"href":"https:\/\/diariodocomercio.com.br\/mix\/wp-json\/wp\/v2\/media\/2750"}],"wp:attachment":[{"href":"https:\/\/diariodocomercio.com.br\/mix\/wp-json\/wp\/v2\/media?parent=38201"}],"wp:term":[{"taxonomy":"category","embeddable":true,"href":"https:\/\/diariodocomercio.com.br\/mix\/wp-json\/wp\/v2\/categories?post=38201"},{"taxonomy":"post_tag","embeddable":true,"href":"https:\/\/diariodocomercio.com.br\/mix\/wp-json\/wp\/v2\/tags?post=38201"}],"curies":[{"name":"wp","href":"https:\/\/api.w.org\/{rel}","templated":true}]}}