{"id":38207,"date":"2026-03-12T13:57:40","date_gmt":"2026-03-12T16:57:40","guid":{"rendered":"https:\/\/diariodocomercio.com.br\/mix\/?p=38207"},"modified":"2026-03-12T13:57:42","modified_gmt":"2026-03-12T16:57:42","slug":"wagner-moura-e-pego-de-surpresa-e-recebe-o-premio-de-melhor-ator-as-vesperas-do-oscar-2026","status":"publish","type":"post","link":"https:\/\/diariodocomercio.com.br\/mix\/wagner-moura-e-pego-de-surpresa-e-recebe-o-premio-de-melhor-ator-as-vesperas-do-oscar-2026\/","title":{"rendered":"Wagner Moura \u00e9 pego de surpresa e recebe o pr\u00eamio de Melhor Ator, \u00e0s v\u00e9speras do Oscar 2026"},"content":{"rendered":"\n<p>O ator brasileiro Wagner Moura conquistou o pr\u00eamio de Melhor Ator em Filme de Drama no Satellite Awards 2025, premia\u00e7\u00e3o organizada pela International Press Academy (IPA). O reconhecimento veio pela atua\u00e7\u00e3o no longa \u201cO Agente Secreto\u201d, dirigido pelo cineasta pernambucano Kleber Mendon\u00e7a Filho.<\/p>\n\n\n\n<p>A premia\u00e7\u00e3o foi anunciada nesta semana e ocorre poucos dias antes da cerim\u00f4nia do Oscar 2026, marcada para o pr\u00f3ximo 15 de mar\u00e7o, em Los Angeles. Al\u00e9m da vit\u00f3ria de Moura, o filme brasileiro tamb\u00e9m levou o trof\u00e9u de Melhor Filme Internacional.<\/p>\n\n\n\n<p>Na disputa pelo pr\u00eamio de melhor ator de drama, Wagner Moura superou alguns dos principais nomes da ind\u00fastria cinematogr\u00e1fica mundial.<\/p>\n\n\n\n<p>Entre os indicados na categoria estavam:<\/p>\n\n\n\n<ul class=\"wp-block-list\">\n<li><strong>Leonardo DiCaprio<\/strong>, por <em>Uma Batalha Ap\u00f3s a Outra<\/em><\/li>\n\n\n\n<li><strong>Michael B. Jordan<\/strong>, por <em>Pecadores<\/em><\/li>\n\n\n\n<li><strong>Oscar Isaac<\/strong>, por <em>Frankenstein<\/em><\/li>\n\n\n\n<li><strong>Joel Edgerton<\/strong>, por <em>Sonhos de Trem<\/em><\/li>\n<\/ul>\n\n\n\n<p>A vit\u00f3ria refor\u00e7a a presen\u00e7a brasileira na temporada internacional de premia\u00e7\u00f5es e aumenta as expectativas em torno do desempenho do filme na cerim\u00f4nia do Oscar.<\/p>\n\n\n\n<figure class=\"wp-block-embed is-type-video is-provider-youtube wp-block-embed-youtube wp-embed-aspect-16-9 wp-has-aspect-ratio\"><div class=\"wp-block-embed__wrapper\">\n<div class=\"jeg_video_container jeg_video_content\"><iframe loading=\"lazy\" title=\"O AGENTE SECRETO - Trailer Oficial\" width=\"500\" height=\"281\" src=\"https:\/\/www.youtube.com\/embed\/AOBPXs_euPA?feature=oembed\" frameborder=\"0\" allow=\"accelerometer; autoplay; clipboard-write; encrypted-media; gyroscope; picture-in-picture; web-share\" referrerpolicy=\"strict-origin-when-cross-origin\" allowfullscreen><\/iframe><\/div>\n<\/div><\/figure>\n\n\n\n<h2 class=\"wp-block-heading\"><strong>Filme brasileiro vence como Melhor Internacional<\/strong><\/h2>\n\n\n\n<p>Al\u00e9m da conquista individual de Moura, <strong>\u201cO Agente Secreto\u201d<\/strong> tamb\u00e9m foi premiado como <strong>Melhor Filme Internacional<\/strong>.<\/p>\n\n\n\n<p>O longa superou produ\u00e7\u00f5es de diversos pa\u00edses, entre elas:<\/p>\n\n\n\n<ul class=\"wp-block-list\">\n<li><em>Foi Apenas Um Acidente<\/em> (Fran\u00e7a)<\/li>\n\n\n\n<li><em>A Voz de Hind Rajab<\/em> (Tun\u00edsia)<\/li>\n\n\n\n<li><em>A \u00danica Sa\u00edda<\/em> (Coreia do Sul)<\/li>\n\n\n\n<li><em>Sirat<\/em><\/li>\n\n\n\n<li><em>Late Shift<\/em><\/li>\n\n\n\n<li><em>Pequenos Pecados<\/em><\/li>\n\n\n\n<li><em>No Other Choice<\/em><\/li>\n<\/ul>\n\n\n\n<p>A sequ\u00eancia de vit\u00f3rias em premia\u00e7\u00f5es internacionais, incluindo o <strong>Globo de Ouro<\/strong> e agora o <strong>Satellite Awards<\/strong>, fortalece o status do filme brasileiro na temporada de premia\u00e7\u00f5es.<\/p>\n\n\n\n<h2 class=\"wp-block-heading\"><strong>Talento brasileiro tamb\u00e9m na fotografia<\/strong><\/h2>\n\n\n\n<p>Outro destaque da premia\u00e7\u00e3o foi o diretor de fotografia brasileiro <strong>Adolpho Veloso<\/strong>, vencedor pelo trabalho no filme <strong>\u201cSonhos de Trem\u201d<\/strong>.<\/p>\n\n\n\n<p>Ele disputou a categoria com profissionais renomados do cinema internacional, como <strong>Claudio Miranda<\/strong>, respons\u00e1vel pela fotografia de <em>F1<\/em>, e <strong>Dan Laustsen<\/strong>, indicado por <em>Frankenstein<\/em>.<\/p>\n\n\n\n<h2 class=\"wp-block-heading\"><strong>Expectativa para o Oscar<\/strong><\/h2>\n\n\n\n<p>A <strong>98\u00aa edi\u00e7\u00e3o do Oscar<\/strong> acontece no <strong>Teatro Dolby, em Los Angeles<\/strong>, e ter\u00e1 in\u00edcio \u00e0s <strong>20h (hor\u00e1rio de Bras\u00edlia)<\/strong>, com previs\u00e3o de cerca de tr\u00eas horas de dura\u00e7\u00e3o.<\/p>\n\n\n\n<p>No Brasil, a cerim\u00f4nia poder\u00e1 ser acompanhada <strong>pela TV Globo, pelo canal TNT e pela plataforma de streaming HBO Max<\/strong>, al\u00e9m das redes sociais e do site oficial da Academia de Artes e Ci\u00eancias Cinematogr\u00e1ficas.<\/p>\n","protected":false},"excerpt":{"rendered":"<p>O ator brasileiro Wagner Moura conquistou o pr\u00eamio de Melhor Ator em Filme de Drama no Satellite Awards 2025, premia\u00e7\u00e3o organizada pela International Press Academy (IPA). O reconhecimento veio pela atua\u00e7\u00e3o no longa \u201cO Agente Secreto\u201d, dirigido pelo cineasta pernambucano Kleber Mendon\u00e7a Filho. A premia\u00e7\u00e3o foi anunciada nesta semana e ocorre poucos dias antes da [&hellip;]<\/p>\n","protected":false},"author":9,"featured_media":32029,"comment_status":"closed","ping_status":"closed","sticky":false,"template":"","format":"standard","meta":{"jnews-multi-image_gallery":[],"jnews_single_post":{"format":"standard"},"jnews_primary_category":[],"jnews_social_meta":[],"jnews_override_counter":[],"jnews_post_split":[],"footnotes":""},"categories":[1],"tags":[],"class_list":["post-38207","post","type-post","status-publish","format-standard","has-post-thumbnail","hentry","category-geral"],"_referencia":"","_links":{"self":[{"href":"https:\/\/diariodocomercio.com.br\/mix\/wp-json\/wp\/v2\/posts\/38207","targetHints":{"allow":["GET"]}}],"collection":[{"href":"https:\/\/diariodocomercio.com.br\/mix\/wp-json\/wp\/v2\/posts"}],"about":[{"href":"https:\/\/diariodocomercio.com.br\/mix\/wp-json\/wp\/v2\/types\/post"}],"author":[{"embeddable":true,"href":"https:\/\/diariodocomercio.com.br\/mix\/wp-json\/wp\/v2\/users\/9"}],"replies":[{"embeddable":true,"href":"https:\/\/diariodocomercio.com.br\/mix\/wp-json\/wp\/v2\/comments?post=38207"}],"version-history":[{"count":1,"href":"https:\/\/diariodocomercio.com.br\/mix\/wp-json\/wp\/v2\/posts\/38207\/revisions"}],"predecessor-version":[{"id":38212,"href":"https:\/\/diariodocomercio.com.br\/mix\/wp-json\/wp\/v2\/posts\/38207\/revisions\/38212"}],"wp:featuredmedia":[{"embeddable":true,"href":"https:\/\/diariodocomercio.com.br\/mix\/wp-json\/wp\/v2\/media\/32029"}],"wp:attachment":[{"href":"https:\/\/diariodocomercio.com.br\/mix\/wp-json\/wp\/v2\/media?parent=38207"}],"wp:term":[{"taxonomy":"category","embeddable":true,"href":"https:\/\/diariodocomercio.com.br\/mix\/wp-json\/wp\/v2\/categories?post=38207"},{"taxonomy":"post_tag","embeddable":true,"href":"https:\/\/diariodocomercio.com.br\/mix\/wp-json\/wp\/v2\/tags?post=38207"}],"curies":[{"name":"wp","href":"https:\/\/api.w.org\/{rel}","templated":true}]}}