{"id":38218,"date":"2026-03-12T14:49:54","date_gmt":"2026-03-12T17:49:54","guid":{"rendered":"https:\/\/diariodocomercio.com.br\/mix\/?p=38218"},"modified":"2026-03-12T14:49:56","modified_gmt":"2026-03-12T17:49:56","slug":"passageiros-agora-terao-que-pagar-uma-taxa-minima-em-corridas-da-uber","status":"publish","type":"post","link":"https:\/\/diariodocomercio.com.br\/mix\/passageiros-agora-terao-que-pagar-uma-taxa-minima-em-corridas-da-uber\/","title":{"rendered":"Passageiros agora ter\u00e3o que pagar uma taxa m\u00ednima em corridas da Uber?"},"content":{"rendered":"\n<p>A proposta de regulamenta\u00e7\u00e3o dos <strong>motoristas de aplicativos<\/strong> no Brasil, prevista para 2026, est\u00e1 em andamento na C\u00e2mara dos Deputados. O projeto de lei busca estabelecer regras para uma atividade que emprega cerca de 2,2 milh\u00f5es de brasileiros. A proposta visa criar diretrizes que tragam benef\u00edcios aos motoristas, enquanto mant\u00e9m as necessidades das plataformas de tecnologia.<\/p>\n\n\n\n<p>Em discuss\u00e3o, um dos pontos pol\u00eamicos \u00e9 a <strong>proposta de um valor m\u00ednimo para corridas,<\/strong> que foi <strong>rejeitado.<\/strong> Sem esse valor, as plataformas mant\u00eam liberdade de precifica\u00e7\u00e3o, que pode resultar em corridas com pre\u00e7o inferior a R$ 8. Isso levanta preocupa\u00e7\u00f5es sobre a sustentabilidade financeira dos motoristas que dependem dessas corridas.<\/p>\n\n\n\n<p>Outra quest\u00e3o central \u00e9 a implementa\u00e7\u00e3o de uma al\u00edquota previdenci\u00e1ria de 5% sobre o sal\u00e1rio de contribui\u00e7\u00e3o. Essa taxa visa garantir benef\u00edcios previdenci\u00e1rios para motoristas de baixa renda, como aposentadoria e seguro contra acidentes. Os trabalhadores ter\u00e3o a possibilidade de se filiar ao INSS com condi\u00e7\u00f5es mais acess\u00edveis.<\/p>\n\n\n\n<h2 class=\"wp-block-heading\">Caminhos para aprova\u00e7\u00e3o&nbsp;<\/h2>\n\n\n\n<p>A vota\u00e7\u00e3o final da regulamenta\u00e7\u00e3o est\u00e1 prevista para o in\u00edcio de abril no Congresso. Este passo \u00e9 essencial para instituir um marco regulat\u00f3rio para os motoristas de aplicativos.<\/p>\n\n\n\n<p>O projeto passou por diversas modifica\u00e7\u00f5es, buscando se tornar politicamente vi\u00e1vel e aceito por todas as partes envolvidas.<\/p>\n\n\n\n<p>A introdu\u00e7\u00e3o dessas novas regras pode transformar o cen\u00e1rio de transporte via aplicativos, equilibrando as demandas dos motoristas e as plataformas.&nbsp;<\/p>\n\n\n\n<p>Al\u00e9m das financeiramente vis\u00edveis, a regulamenta\u00e7\u00e3o pode impactar hor\u00e1rios de trabalho e direitos trabalhistas. A inten\u00e7\u00e3o \u00e9 assegurar que os motoristas operem em condi\u00e7\u00f5es justas, ainda que dentro de um setor menos tradicional.&nbsp;<\/p>\n","protected":false},"excerpt":{"rendered":"<p>Proposta de regulamenta\u00e7\u00e3o dos motoristas de aplicativos no Brasil est\u00e1 em andamento na C\u00e2mara dos Deputados. <\/p>\n","protected":false},"author":12,"featured_media":16154,"comment_status":"closed","ping_status":"closed","sticky":false,"template":"","format":"standard","meta":{"jnews-multi-image_gallery":[],"jnews_single_post":{"format":"standard"},"jnews_primary_category":[],"jnews_social_meta":[],"jnews_override_counter":[],"jnews_post_split":[],"footnotes":""},"categories":[1],"tags":[],"class_list":["post-38218","post","type-post","status-publish","format-standard","has-post-thumbnail","hentry","category-geral"],"_referencia":"","_links":{"self":[{"href":"https:\/\/diariodocomercio.com.br\/mix\/wp-json\/wp\/v2\/posts\/38218","targetHints":{"allow":["GET"]}}],"collection":[{"href":"https:\/\/diariodocomercio.com.br\/mix\/wp-json\/wp\/v2\/posts"}],"about":[{"href":"https:\/\/diariodocomercio.com.br\/mix\/wp-json\/wp\/v2\/types\/post"}],"author":[{"embeddable":true,"href":"https:\/\/diariodocomercio.com.br\/mix\/wp-json\/wp\/v2\/users\/12"}],"replies":[{"embeddable":true,"href":"https:\/\/diariodocomercio.com.br\/mix\/wp-json\/wp\/v2\/comments?post=38218"}],"version-history":[{"count":2,"href":"https:\/\/diariodocomercio.com.br\/mix\/wp-json\/wp\/v2\/posts\/38218\/revisions"}],"predecessor-version":[{"id":38225,"href":"https:\/\/diariodocomercio.com.br\/mix\/wp-json\/wp\/v2\/posts\/38218\/revisions\/38225"}],"wp:featuredmedia":[{"embeddable":true,"href":"https:\/\/diariodocomercio.com.br\/mix\/wp-json\/wp\/v2\/media\/16154"}],"wp:attachment":[{"href":"https:\/\/diariodocomercio.com.br\/mix\/wp-json\/wp\/v2\/media?parent=38218"}],"wp:term":[{"taxonomy":"category","embeddable":true,"href":"https:\/\/diariodocomercio.com.br\/mix\/wp-json\/wp\/v2\/categories?post=38218"},{"taxonomy":"post_tag","embeddable":true,"href":"https:\/\/diariodocomercio.com.br\/mix\/wp-json\/wp\/v2\/tags?post=38218"}],"curies":[{"name":"wp","href":"https:\/\/api.w.org\/{rel}","templated":true}]}}