{"id":38222,"date":"2026-03-12T14:57:39","date_gmt":"2026-03-12T17:57:39","guid":{"rendered":"https:\/\/diariodocomercio.com.br\/mix\/?p=38222"},"modified":"2026-03-12T14:57:43","modified_gmt":"2026-03-12T17:57:43","slug":"porsche-aplica-desconto-de-r-667-mil-em-um-dos-seus-carros-mais-vendidos-e-surpreende-a-todos-neste-pais","status":"publish","type":"post","link":"https:\/\/diariodocomercio.com.br\/mix\/porsche-aplica-desconto-de-r-667-mil-em-um-dos-seus-carros-mais-vendidos-e-surpreende-a-todos-neste-pais\/","title":{"rendered":"Porsche aplica desconto de R$ 667 mil em um dos seus carros mais vendidos e surpreende a todos neste pa\u00eds"},"content":{"rendered":"\n<p>A montadora alem\u00e3 <strong>Porsche anunciou uma forte redu\u00e7\u00e3o nos pre\u00e7os de seus ve\u00edculos na Argentina<\/strong>, ap\u00f3s a aprova\u00e7\u00e3o de uma reforma que eliminou o imposto interno aplicado a carros de alto valor. Em alguns modelos, o desconto pode chegar a cerca de <strong>US$ 128 mil (aproximadamente R$ 667 mil)<\/strong>, como no caso do esportivo <strong>Porsche 911 Turbo S<\/strong>.<\/p>\n\n\n\n<p>A queda nos valores j\u00e1 aparece no configurador oficial da marca no pa\u00eds e passa a valer para consumidores argentinos a partir de <strong>abril de 2026<\/strong>, refletindo diretamente as mudan\u00e7as fiscais aprovadas pelo governo.<\/p>\n\n\n\n<p>Com a retirada do chamado <strong>\u201cimposto ao luxo\u201d<\/strong>, v\u00e1rios ve\u00edculos da marca tiveram redu\u00e7\u00f5es relevantes nos pre\u00e7os. Nos modelos da linha <strong>911<\/strong>, por exemplo, a queda m\u00e9dia \u00e9 de aproximadamente <strong>19%<\/strong>.<\/p>\n\n\n\n<p>Com isso, o <strong>Porsche 911 Carrera<\/strong> passa a ter pre\u00e7o inicial de <strong>US$ 266.700<\/strong>, enquanto o <strong>911 Carrera 4S<\/strong> parte de <strong>US$ 334.800<\/strong>. J\u00e1 o <strong>911 Turbo S<\/strong>, um dos modelos mais potentes da marca, agora tem valor inicial de cerca de <strong>US$ 554 mil<\/strong>, ap\u00f3s a redu\u00e7\u00e3o.<\/p>\n\n\n\n<p>Entre os esportivos mais radicais da linha, o <strong>911 GT3<\/strong> aparece com pre\u00e7o inicial de <strong>US$ 437.300<\/strong> no mercado argentino.<\/p>\n\n\n\n<figure class=\"wp-block-image size-large\"><img decoding=\"async\" width=\"1200\" height=\"675\" src=\"https:\/\/diariodocomercio.com.br\/mix\/wp-content\/uploads\/2026\/03\/6DFC261DD0B040A0A3FF9081BD9A36B9_7DFF4660C80843078B7D504B7A95BEEC_CZ26W03OX0001-911-carrera-s-side-1200x675.avif\" alt=\"\" class=\"wp-image-38228\" srcset=\"https:\/\/diariodocomercio.com.br\/mix\/wp-content\/uploads\/2026\/03\/6DFC261DD0B040A0A3FF9081BD9A36B9_7DFF4660C80843078B7D504B7A95BEEC_CZ26W03OX0001-911-carrera-s-side-1200x675.avif 1200w, https:\/\/diariodocomercio.com.br\/mix\/wp-content\/uploads\/2026\/03\/6DFC261DD0B040A0A3FF9081BD9A36B9_7DFF4660C80843078B7D504B7A95BEEC_CZ26W03OX0001-911-carrera-s-side-300x169.avif 300w, https:\/\/diariodocomercio.com.br\/mix\/wp-content\/uploads\/2026\/03\/6DFC261DD0B040A0A3FF9081BD9A36B9_7DFF4660C80843078B7D504B7A95BEEC_CZ26W03OX0001-911-carrera-s-side-768x432.avif 768w, https:\/\/diariodocomercio.com.br\/mix\/wp-content\/uploads\/2026\/03\/6DFC261DD0B040A0A3FF9081BD9A36B9_7DFF4660C80843078B7D504B7A95BEEC_CZ26W03OX0001-911-carrera-s-side-1536x864.avif 1536w, https:\/\/diariodocomercio.com.br\/mix\/wp-content\/uploads\/2026\/03\/6DFC261DD0B040A0A3FF9081BD9A36B9_7DFF4660C80843078B7D504B7A95BEEC_CZ26W03OX0001-911-carrera-s-side-2048x1152.avif 2048w, https:\/\/diariodocomercio.com.br\/mix\/wp-content\/uploads\/2026\/03\/6DFC261DD0B040A0A3FF9081BD9A36B9_7DFF4660C80843078B7D504B7A95BEEC_CZ26W03OX0001-911-carrera-s-side-150x84.avif 150w, https:\/\/diariodocomercio.com.br\/mix\/wp-content\/uploads\/2026\/03\/6DFC261DD0B040A0A3FF9081BD9A36B9_7DFF4660C80843078B7D504B7A95BEEC_CZ26W03OX0001-911-carrera-s-side-750x422.avif 750w, https:\/\/diariodocomercio.com.br\/mix\/wp-content\/uploads\/2026\/03\/6DFC261DD0B040A0A3FF9081BD9A36B9_7DFF4660C80843078B7D504B7A95BEEC_CZ26W03OX0001-911-carrera-s-side-1140x641.avif 1140w\" sizes=\"(max-width: 1200px) 100vw, 1200px\" \/><figcaption class=\"wp-element-caption\"><strong>Porsche 911 Carrera<\/strong> (Divulga\u00e7\u00e3o\/Porsche)<\/figcaption><\/figure>\n\n\n\n<h2 class=\"wp-block-heading\"><strong>SUVs da marca tamb\u00e9m ficaram mais baratos<\/strong><\/h2>\n\n\n\n<p>Os modelos utilit\u00e1rios esportivos da Porsche tamb\u00e9m foram afetados pela redu\u00e7\u00e3o tribut\u00e1ria. Os SUVs <strong>Macan e Cayenne<\/strong> registraram cortes m\u00e9dios pr\u00f3ximos de <strong>15%<\/strong>.<\/p>\n\n\n\n<p>Com isso, o <strong>Macan T<\/strong> passa a ter pre\u00e7o inicial de cerca de <strong>US$ 118 mil<\/strong>, enquanto o <strong>Cayenne Coup\u00e9<\/strong> come\u00e7a em <strong>US$ 162.800<\/strong>.<\/p>\n\n\n\n<p>Outras linhas da marca tamb\u00e9m tiveram ajustes. Os modelos <strong>Panamera e Taycan<\/strong>, por exemplo, registraram redu\u00e7\u00f5es m\u00e9dias pr\u00f3ximas de <strong>18%<\/strong>.<\/p>\n\n\n\n<h2 class=\"wp-block-heading\"><strong>Mudan\u00e7a fiscal movimenta mercado automotivo<\/strong><\/h2>\n\n\n\n<p>A redu\u00e7\u00e3o de pre\u00e7os ocorre ap\u00f3s o Senado argentino aprovar uma <strong>reforma que eliminou os impostos internos sobre ve\u00edculos de alto valor<\/strong>, medida que vinha impactando diretamente o pre\u00e7o de carros premium no pa\u00eds.<\/p>\n\n\n\n<p>Al\u00e9m da Porsche, outras montadoras tamb\u00e9m anunciaram ajustes nas tabelas. A <strong>Ford<\/strong>, por exemplo, aplicou redu\u00e7\u00f5es que chegam a <strong>30% em alguns modelos<\/strong>, enquanto a <strong>Audi<\/strong> divulgou cortes m\u00e9dios de <strong>12,3%<\/strong> em ve\u00edculos afetados pela mudan\u00e7a tribut\u00e1ria.<\/p>\n\n\n\n<p>A reforma tamb\u00e9m prev\u00ea uma cota de <strong>10 mil ve\u00edculos sem tarifa de importa\u00e7\u00e3o<\/strong>, resultado de um acordo comercial entre Argentina e Estados Unidos.<\/p>\n\n\n\n<p>Segundo especialistas do setor, o objetivo da mudan\u00e7a \u00e9 <strong>normalizar os pre\u00e7os do mercado automotivo e estimular a venda de ve\u00edculos<\/strong>, ap\u00f3s anos marcados por elevada carga tribut\u00e1ria sobre carros de luxo.<\/p>\n","protected":false},"excerpt":{"rendered":"<p>A montadora alem\u00e3 Porsche anunciou uma forte redu\u00e7\u00e3o nos pre\u00e7os de seus ve\u00edculos na Argentina, ap\u00f3s a aprova\u00e7\u00e3o de uma reforma que eliminou o imposto interno aplicado a carros de alto valor. Em alguns modelos, o desconto pode chegar a cerca de US$ 128 mil (aproximadamente R$ 667 mil), como no caso do esportivo Porsche [&hellip;]<\/p>\n","protected":false},"author":9,"featured_media":38227,"comment_status":"closed","ping_status":"closed","sticky":false,"template":"","format":"standard","meta":{"jnews-multi-image_gallery":[],"jnews_single_post":{"format":"standard"},"jnews_primary_category":[],"jnews_social_meta":[],"jnews_override_counter":[],"jnews_post_split":[],"footnotes":""},"categories":[1],"tags":[],"class_list":["post-38222","post","type-post","status-publish","format-standard","has-post-thumbnail","hentry","category-geral"],"_referencia":"","_links":{"self":[{"href":"https:\/\/diariodocomercio.com.br\/mix\/wp-json\/wp\/v2\/posts\/38222","targetHints":{"allow":["GET"]}}],"collection":[{"href":"https:\/\/diariodocomercio.com.br\/mix\/wp-json\/wp\/v2\/posts"}],"about":[{"href":"https:\/\/diariodocomercio.com.br\/mix\/wp-json\/wp\/v2\/types\/post"}],"author":[{"embeddable":true,"href":"https:\/\/diariodocomercio.com.br\/mix\/wp-json\/wp\/v2\/users\/9"}],"replies":[{"embeddable":true,"href":"https:\/\/diariodocomercio.com.br\/mix\/wp-json\/wp\/v2\/comments?post=38222"}],"version-history":[{"count":1,"href":"https:\/\/diariodocomercio.com.br\/mix\/wp-json\/wp\/v2\/posts\/38222\/revisions"}],"predecessor-version":[{"id":38229,"href":"https:\/\/diariodocomercio.com.br\/mix\/wp-json\/wp\/v2\/posts\/38222\/revisions\/38229"}],"wp:featuredmedia":[{"embeddable":true,"href":"https:\/\/diariodocomercio.com.br\/mix\/wp-json\/wp\/v2\/media\/38227"}],"wp:attachment":[{"href":"https:\/\/diariodocomercio.com.br\/mix\/wp-json\/wp\/v2\/media?parent=38222"}],"wp:term":[{"taxonomy":"category","embeddable":true,"href":"https:\/\/diariodocomercio.com.br\/mix\/wp-json\/wp\/v2\/categories?post=38222"},{"taxonomy":"post_tag","embeddable":true,"href":"https:\/\/diariodocomercio.com.br\/mix\/wp-json\/wp\/v2\/tags?post=38222"}],"curies":[{"name":"wp","href":"https:\/\/api.w.org\/{rel}","templated":true}]}}