{"id":38236,"date":"2026-03-15T14:19:00","date_gmt":"2026-03-15T17:19:00","guid":{"rendered":"https:\/\/diariodocomercio.com.br\/mix\/?p=38236"},"modified":"2026-03-12T15:18:19","modified_gmt":"2026-03-12T18:18:19","slug":"esqueca-buenos-aires-e-patagonia-destino-surreal-na-argentina-com-deserto-de-sal-encanta-visitantes","status":"publish","type":"post","link":"https:\/\/diariodocomercio.com.br\/mix\/esqueca-buenos-aires-e-patagonia-destino-surreal-na-argentina-com-deserto-de-sal-encanta-visitantes\/","title":{"rendered":"Esque\u00e7a Buenos Aires e Patag\u00f4nia: destino surreal na Argentina com deserto de sal encanta visitantes"},"content":{"rendered":"\n<p>Enquanto destinos como <strong>Buenos Aires e a Patag\u00f4nia<\/strong> costumam concentrar a maior parte dos turistas que visitam a Argentina, um cen\u00e1rio natural pouco explorado tem conquistado cada vez mais viajantes. Trata-se das <strong>Salinas Grandes<\/strong>, um gigantesco deserto de sal localizado entre as prov\u00edncias de <strong>Jujuy e Salta<\/strong>, no noroeste do pa\u00eds.<\/p>\n\n\n\n<p>Com cerca de <strong>2.500 quil\u00f4metros quadrados de extens\u00e3o<\/strong> e situado a <strong>mais de 3.450 metros de altitude<\/strong>, o local \u00e9 considerado um dos maiores desertos de sal do mundo e uma das paisagens naturais mais impressionantes da Am\u00e9rica do Sul.<\/p>\n\n\n\n<p>Ao chegar \u00e0s Salinas Grandes, os visitantes encontram uma vasta plan\u00edcie branca formada por <strong>cristais de sal que refletem intensamente a luz do sol<\/strong>, criando um efeito visual que parece se estender at\u00e9 o horizonte.<\/p>\n\n\n\n<p>A forma\u00e7\u00e3o do salar ocorre pelo ac\u00famulo de <strong>sais minerais provenientes da Cordilheira dos Andes<\/strong>. Com o passar do tempo, a \u00e1gua da chuva se concentra na regi\u00e3o \u2014 um grande plat\u00f4 natural \u2014 e, ao evaporar, deixa para tr\u00e1s os dep\u00f3sitos de sal que formam a superf\u00edcie do deserto.<\/p>\n\n\n\n<p>Entre os pontos mais curiosos do local est\u00e3o os chamados <strong>\u201cOjos del Salar\u201d<\/strong>, lagos naturais que surgem no meio da plan\u00edcie branca e apresentam <strong>tons de azul e turquesa<\/strong>, resultado da presen\u00e7a de diferentes minerais dissolvidos na \u00e1gua.<\/p>\n\n\n\n<p>Al\u00e9m disso, \u00e9 poss\u00edvel observar as chamadas <strong>piletas de extra\u00e7\u00e3o<\/strong>, piscinas artificiais abertas no solo pelos trabalhadores da regi\u00e3o para retirar o sal.<\/p>\n\n\n\n<figure class=\"wp-block-image size-full\"><img decoding=\"async\" width=\"1200\" height=\"900\" src=\"https:\/\/diariodocomercio.com.br\/mix\/wp-content\/uploads\/2026\/03\/image-103.png\" alt=\"\" class=\"wp-image-38240\" srcset=\"https:\/\/diariodocomercio.com.br\/mix\/wp-content\/uploads\/2026\/03\/image-103.png 1200w, https:\/\/diariodocomercio.com.br\/mix\/wp-content\/uploads\/2026\/03\/image-103-300x225.png 300w, https:\/\/diariodocomercio.com.br\/mix\/wp-content\/uploads\/2026\/03\/image-103-768x576.png 768w, https:\/\/diariodocomercio.com.br\/mix\/wp-content\/uploads\/2026\/03\/image-103-150x113.png 150w, https:\/\/diariodocomercio.com.br\/mix\/wp-content\/uploads\/2026\/03\/image-103-750x563.png 750w, https:\/\/diariodocomercio.com.br\/mix\/wp-content\/uploads\/2026\/03\/image-103-1140x855.png 1140w\" sizes=\"(max-width: 1200px) 100vw, 1200px\" \/><figcaption class=\"wp-element-caption\">(Reprodu\u00e7\u00e3o\/TripAdvisor)<\/figcaption><\/figure>\n\n\n\n<h2 class=\"wp-block-heading\"><strong>Visita\u00e7\u00e3o exige cuidados e guia local<\/strong><\/h2>\n\n\n\n<p>Apesar de o acesso ao salar ser gratuito, a visita normalmente \u00e9 acompanhada por <strong>guias locais<\/strong>, que cobram valores acess\u00edveis para conduzir turistas aos pontos mais seguros e explicar o processo de extra\u00e7\u00e3o do sal e a hist\u00f3ria do local.<\/p>\n\n\n\n<p>Segundo moradores da regi\u00e3o, algumas das lagoas s\u00e3o consideradas <strong>sagradas<\/strong> pelas comunidades locais, motivo pelo qual os visitantes n\u00e3o podem tocar na \u00e1gua.<\/p>\n\n\n\n<p>As caminhadas pela plan\u00edcie costumam ser r\u00e1pidas, geralmente com dura\u00e7\u00e3o m\u00e9dia de <strong>cerca de 40 minutos<\/strong>, j\u00e1 que parte da \u00e1rea pode apresentar trechos inst\u00e1veis.<\/p>\n\n\n\n<h2 class=\"wp-block-heading\"><strong>Como chegar \u00e0s Salinas Grandes<\/strong><\/h2>\n\n\n\n<p>O acesso mais comum ao destino \u00e9 feito a partir das cidades de <strong>Salta, Jujuy ou Purmamarca<\/strong>.<\/p>\n\n\n\n<ul class=\"wp-block-list\">\n<li><strong>Saindo de Salta:<\/strong> s\u00e3o cerca de <strong>200 quil\u00f4metros<\/strong>, com aproximadamente tr\u00eas horas de viagem.<\/li>\n\n\n\n<li><strong>Saindo de Jujuy:<\/strong> a dist\u00e2ncia \u00e9 de cerca de <strong>130 quil\u00f4metros<\/strong>, com trajeto de duas horas.<\/li>\n\n\n\n<li><strong>A partir de Purmamarca:<\/strong> o percurso \u00e9 mais curto, com aproximadamente <strong>66 quil\u00f4metros<\/strong>.<\/li>\n<\/ul>\n\n\n\n<p>Grande parte das excurs\u00f5es tur\u00edsticas inclui uma parada no <strong>Cerro de los Siete Colores<\/strong>, forma\u00e7\u00e3o montanhosa famosa pelas tonalidades naturais que variam entre vermelho, verde e amarelo.<\/p>\n\n\n\n<p>O trajeto at\u00e9 as salinas tamb\u00e9m passa pela <strong>Cuesta de Lip\u00e1n<\/strong>, uma estrada de montanha cheia de curvas que oferece vistas panor\u00e2micas da Cordilheira dos Andes.<\/p>\n","protected":false},"excerpt":{"rendered":"<p>Enquanto destinos como Buenos Aires e a Patag\u00f4nia costumam concentrar a maior parte dos turistas que visitam a Argentina, um cen\u00e1rio natural pouco explorado tem conquistado cada vez mais viajantes. Trata-se das Salinas Grandes, um gigantesco deserto de sal localizado entre as prov\u00edncias de Jujuy e Salta, no noroeste do pa\u00eds. Com cerca de 2.500 [&hellip;]<\/p>\n","protected":false},"author":9,"featured_media":38239,"comment_status":"closed","ping_status":"closed","sticky":false,"template":"","format":"standard","meta":{"jnews-multi-image_gallery":[],"jnews_single_post":{"format":"standard"},"jnews_primary_category":[],"jnews_social_meta":[],"jnews_override_counter":[],"jnews_post_split":[],"footnotes":""},"categories":[1],"tags":[],"class_list":["post-38236","post","type-post","status-publish","format-standard","has-post-thumbnail","hentry","category-geral"],"_referencia":"","_links":{"self":[{"href":"https:\/\/diariodocomercio.com.br\/mix\/wp-json\/wp\/v2\/posts\/38236","targetHints":{"allow":["GET"]}}],"collection":[{"href":"https:\/\/diariodocomercio.com.br\/mix\/wp-json\/wp\/v2\/posts"}],"about":[{"href":"https:\/\/diariodocomercio.com.br\/mix\/wp-json\/wp\/v2\/types\/post"}],"author":[{"embeddable":true,"href":"https:\/\/diariodocomercio.com.br\/mix\/wp-json\/wp\/v2\/users\/9"}],"replies":[{"embeddable":true,"href":"https:\/\/diariodocomercio.com.br\/mix\/wp-json\/wp\/v2\/comments?post=38236"}],"version-history":[{"count":1,"href":"https:\/\/diariodocomercio.com.br\/mix\/wp-json\/wp\/v2\/posts\/38236\/revisions"}],"predecessor-version":[{"id":38241,"href":"https:\/\/diariodocomercio.com.br\/mix\/wp-json\/wp\/v2\/posts\/38236\/revisions\/38241"}],"wp:featuredmedia":[{"embeddable":true,"href":"https:\/\/diariodocomercio.com.br\/mix\/wp-json\/wp\/v2\/media\/38239"}],"wp:attachment":[{"href":"https:\/\/diariodocomercio.com.br\/mix\/wp-json\/wp\/v2\/media?parent=38236"}],"wp:term":[{"taxonomy":"category","embeddable":true,"href":"https:\/\/diariodocomercio.com.br\/mix\/wp-json\/wp\/v2\/categories?post=38236"},{"taxonomy":"post_tag","embeddable":true,"href":"https:\/\/diariodocomercio.com.br\/mix\/wp-json\/wp\/v2\/tags?post=38236"}],"curies":[{"name":"wp","href":"https:\/\/api.w.org\/{rel}","templated":true}]}}