{"id":38242,"date":"2026-03-12T16:25:10","date_gmt":"2026-03-12T19:25:10","guid":{"rendered":"https:\/\/diariodocomercio.com.br\/mix\/?p=38242"},"modified":"2026-03-12T16:25:12","modified_gmt":"2026-03-12T19:25:12","slug":"rival-da-havan-vai-inaugurar-megaloja-em-shopping-no-sul-e-luciano-hang-esta-incredulo-com-o-tamanho","status":"publish","type":"post","link":"https:\/\/diariodocomercio.com.br\/mix\/rival-da-havan-vai-inaugurar-megaloja-em-shopping-no-sul-e-luciano-hang-esta-incredulo-com-o-tamanho\/","title":{"rendered":"Rival da Havan vai inaugurar megaloja em shopping no Sul e Luciano Hang est\u00e1 incr\u00e9dulo com o tamanho"},"content":{"rendered":"\n<p>A rede japonesa <strong>Daiso<\/strong>, conhecida mundialmente por suas lojas de variedades com pre\u00e7os acess\u00edveis, vai inaugurar uma nova unidade em <strong>Porto Alegre (RS)<\/strong>, refor\u00e7ando sua expans\u00e3o no Brasil e intensificando a concorr\u00eancia no varejo popular. A loja ser\u00e1 instalada no <strong>Shopping Bourbon Country<\/strong> e faz parte das comemora\u00e7\u00f5es pelos <strong>25 anos do empreendimento<\/strong>, celebrados em junho de 2026.<\/p>\n\n\n\n<p>Com aproximadamente <strong>600 metros quadrados de \u00e1rea<\/strong>, a nova unidade dever\u00e1 abrir as portas <strong>at\u00e9 o fim do primeiro semestre<\/strong>, ampliando a presen\u00e7a da marca no Sul do pa\u00eds.<\/p>\n\n\n\n<p>Al\u00e9m da unidade no Bourbon Country, a Daiso tamb\u00e9m confirmou a abertura de uma <strong>segunda loja na capital ga\u00facha<\/strong>, que ficar\u00e1 no <strong>Bourbon Shopping Wallig<\/strong>. A inaugura\u00e7\u00e3o dessa unidade est\u00e1 prevista para <strong>agosto de 2026<\/strong>.<\/p>\n\n\n\n<p>As lojas funcionar\u00e3o dentro de shoppings administrados pelo <strong>Grupo Zaffari<\/strong>, considerado um dos maiores varejistas do Rio Grande do Sul.<\/p>\n\n\n\n<p>A chegada da marca integra uma estrat\u00e9gia de crescimento da empresa no mercado brasileiro, onde a rede j\u00e1 possui <strong>mais de 180 unidades<\/strong> distribu\u00eddas em diferentes estados.<\/p>\n\n\n<div class=\"wp-block-image\">\n<figure class=\"aligncenter\"><img decoding=\"async\" width=\"832\" height=\"459\" src=\"https:\/\/diariodocomercio.com.br\/mix\/wp-content\/uploads\/2026\/03\/image-105.png\" alt=\"\" class=\"wp-image-38252\" srcset=\"https:\/\/diariodocomercio.com.br\/mix\/wp-content\/uploads\/2026\/03\/image-105.png 832w, https:\/\/diariodocomercio.com.br\/mix\/wp-content\/uploads\/2026\/03\/image-105-300x166.png 300w, https:\/\/diariodocomercio.com.br\/mix\/wp-content\/uploads\/2026\/03\/image-105-768x424.png 768w, https:\/\/diariodocomercio.com.br\/mix\/wp-content\/uploads\/2026\/03\/image-105-150x83.png 150w, https:\/\/diariodocomercio.com.br\/mix\/wp-content\/uploads\/2026\/03\/image-105-750x414.png 750w\" sizes=\"(max-width: 832px) 100vw, 832px\" \/><figcaption class=\"wp-element-caption\">(Divulga\u00e7\u00e3o\/Daiso)<\/figcaption><\/figure>\n<\/div>\n\n\n<h2 class=\"wp-block-heading\"><strong>Marca japonesa tem mais de 50 anos<\/strong><\/h2>\n\n\n\n<p>Fundada em <strong>1972<\/strong>, no Jap\u00e3o, pelo empres\u00e1rio <strong>Hirotake Yano<\/strong>, a Daiso ficou conhecida pelo conceito de lojas de <strong>\u201c100 ienes\u201d<\/strong>, modelo baseado na venda de uma grande variedade de produtos com pre\u00e7o fixo e acess\u00edvel.<\/p>\n\n\n\n<p>Com o tempo, a empresa se expandiu internacionalmente e atualmente soma <strong>mais de 6 mil lojas em cerca de 28 pa\u00edses<\/strong>. No Brasil, a primeira unidade foi inaugurada em <strong>2012<\/strong>, no centro de S\u00e3o Paulo.<\/p>\n\n\n\n<p>A rede se destaca por oferecer itens de utilidades dom\u00e9sticas, papelaria, organiza\u00e7\u00e3o, decora\u00e7\u00e3o e acess\u00f3rios inspirados na cultura japonesa.<\/p>\n\n\n\n<h2 class=\"wp-block-heading\"><strong>Concorr\u00eancia no varejo popular<\/strong><\/h2>\n\n\n\n<p>A expans\u00e3o da Daiso ocorre em um momento de forte disputa no varejo de variedades. Enquanto a rede japonesa aposta na <strong>diversidade de produtos e na experi\u00eancia de compra dentro de shoppings<\/strong>, a <strong>Havan<\/strong>, comandada por <strong>Luciano Hang<\/strong>, segue investindo na abertura de grandes lojas de rua em diferentes regi\u00f5es do pa\u00eds.<\/p>\n\n\n\n<p>A varejista brasileira anunciou recentemente um <strong>plano de investimento de R$ 2 bilh\u00f5es at\u00e9 2026<\/strong>, com o objetivo de abrir <strong>200 novas megalojas<\/strong> e ampliar sua presen\u00e7a em estados onde ainda n\u00e3o atua, como <strong>Amap\u00e1, Roraima e Cear\u00e1<\/strong>.<\/p>\n","protected":false},"excerpt":{"rendered":"<p>A rede japonesa Daiso, conhecida mundialmente por suas lojas de variedades com pre\u00e7os acess\u00edveis, vai inaugurar uma nova unidade em Porto Alegre (RS), refor\u00e7ando sua expans\u00e3o no Brasil e intensificando a concorr\u00eancia no varejo popular. A loja ser\u00e1 instalada no Shopping Bourbon Country e faz parte das comemora\u00e7\u00f5es pelos 25 anos do empreendimento, celebrados em [&hellip;]<\/p>\n","protected":false},"author":9,"featured_media":38251,"comment_status":"closed","ping_status":"closed","sticky":false,"template":"","format":"standard","meta":{"jnews-multi-image_gallery":[],"jnews_single_post":{"format":"standard"},"jnews_primary_category":[],"jnews_social_meta":[],"jnews_override_counter":[],"jnews_post_split":[],"footnotes":""},"categories":[1],"tags":[],"class_list":["post-38242","post","type-post","status-publish","format-standard","has-post-thumbnail","hentry","category-geral"],"_referencia":"","_links":{"self":[{"href":"https:\/\/diariodocomercio.com.br\/mix\/wp-json\/wp\/v2\/posts\/38242","targetHints":{"allow":["GET"]}}],"collection":[{"href":"https:\/\/diariodocomercio.com.br\/mix\/wp-json\/wp\/v2\/posts"}],"about":[{"href":"https:\/\/diariodocomercio.com.br\/mix\/wp-json\/wp\/v2\/types\/post"}],"author":[{"embeddable":true,"href":"https:\/\/diariodocomercio.com.br\/mix\/wp-json\/wp\/v2\/users\/9"}],"replies":[{"embeddable":true,"href":"https:\/\/diariodocomercio.com.br\/mix\/wp-json\/wp\/v2\/comments?post=38242"}],"version-history":[{"count":1,"href":"https:\/\/diariodocomercio.com.br\/mix\/wp-json\/wp\/v2\/posts\/38242\/revisions"}],"predecessor-version":[{"id":38255,"href":"https:\/\/diariodocomercio.com.br\/mix\/wp-json\/wp\/v2\/posts\/38242\/revisions\/38255"}],"wp:featuredmedia":[{"embeddable":true,"href":"https:\/\/diariodocomercio.com.br\/mix\/wp-json\/wp\/v2\/media\/38251"}],"wp:attachment":[{"href":"https:\/\/diariodocomercio.com.br\/mix\/wp-json\/wp\/v2\/media?parent=38242"}],"wp:term":[{"taxonomy":"category","embeddable":true,"href":"https:\/\/diariodocomercio.com.br\/mix\/wp-json\/wp\/v2\/categories?post=38242"},{"taxonomy":"post_tag","embeddable":true,"href":"https:\/\/diariodocomercio.com.br\/mix\/wp-json\/wp\/v2\/tags?post=38242"}],"curies":[{"name":"wp","href":"https:\/\/api.w.org\/{rel}","templated":true}]}}