{"id":38246,"date":"2026-03-15T23:05:00","date_gmt":"2026-03-16T02:05:00","guid":{"rendered":"https:\/\/diariodocomercio.com.br\/mix\/?p=38246"},"modified":"2026-03-12T18:34:27","modified_gmt":"2026-03-12T21:34:27","slug":"billie-eilish-deve-fazer-a-sua-estreia-nos-cinemas-em-breve","status":"publish","type":"post","link":"https:\/\/diariodocomercio.com.br\/mix\/billie-eilish-deve-fazer-a-sua-estreia-nos-cinemas-em-breve\/","title":{"rendered":"Billie Eilish deve fazer a sua estreia nos cinemas em breve"},"content":{"rendered":"\n<p>\u00c9 bastante comum vermos cantoras pop fazendo \u2014 ou tentando fazer  \u2014 a transi\u00e7\u00e3o de estrelas da m\u00fasica para estrelas do cinema. E parece que Billie Eilish \u00e9 a pr\u00f3xima. A artista j\u00e1 fez uma pontinha como atriz na s\u00e9rie Enxame (2023), mas, de acordo com o Deadline, ela est\u00e1 conversando para fazer o seu primeiro papel em um filme. <\/p>\n\n\n\n<p>Segundo o ve\u00edculo, a cantora de 24 anos est\u00e1 negociando para entrar no elenco de uma adapta\u00e7\u00e3o do cl\u00e1ssico livro <a href=\"https:\/\/www.amazon.com.br\/redoma-vidro-Nova-edi%C3%A7%C3%A3o\/dp\/8525068462\/ref=sr_1_2?__mk_pt_BR=%C3%85M%C3%85%C5%BD%C3%95%C3%91&amp;crid=27J404G9WJ4HM&amp;dib=eyJ2IjoiMSJ9.my-StY3hQScj7y2Mrxp5G7CEs3SJeB2yvtVSQDHr08Q.4gYLiaEGx8L3n-vetnHd1Z57lfqAyZuvLWdyXArwOyc&amp;dib_tag=se&amp;keywords=redoma+de+vidro&amp;psr=EY17&amp;qid=1773350190&amp;s=todays-deals&amp;sprefix=redoma+de+vidr%2Ctodays-deals%2C230&amp;sr=1-2\" target=\"_blank\" rel=\"noreferrer noopener\">A Redoma de Vidro<\/a>, de Sylvia Plath. A adapta\u00e7\u00e3o ser\u00e1 dirigida por Sarah Polley, que venceu o Oscar de Melhor Roteiro Adaptado por Entre Mulheres (2023). Polley tamb\u00e9m escreveu a elogiada miniss\u00e9rie Alias Grace (2017), da Netflix.<\/p>\n\n\n\n<p>Como Eilish ainda n\u00e3o fechou sua participa\u00e7\u00e3o no filme (apesar das negocia\u00e7\u00f5es estarem avan\u00e7adas, segundo o Deadline), n\u00e3o temos a menor ideia de qual seria o papel da cantora.<\/p>\n\n\n\n<p>A Redoma de Vidro conta a hist\u00f3ria de Esther, uma jovem talentosa que sai de Boston para trabalhar em uma prestigiada revista de moda em Nova York. Em um momento de transi\u00e7\u00e3o para uma vida cheia de responsabilidades e desafios, a jovem brilhante acaba entrando em um quadro depressivo. O livro foi publicado semanas antes do suic\u00eddio da pr\u00f3pria autora Sylvia Plath.<\/p>\n\n\n\n<h2 class=\"wp-block-heading\">Mesmo sem ter feito um filme, Billie Eilish tem dois Oscars<\/h2>\n\n\n\n<p>\u00c9 claro que n\u00e3o s\u00e3o Oscars por atua\u00e7\u00e3o: a cantora venceu o pr\u00eamio duas vezes na categoria de Melhor Can\u00e7\u00e3o Original, a primeira em 2022 por No Time do Die, do filme 007 &#8211; Sem Tempo para Morrer, e a segunda em 2024, por What Was I Made?, por Barbie.<\/p>\n\n\n\n<style>@media (min-width: 992px) {\n    .recomendadorV2Area1 {\n        width: 280px;\n    }\n    .recomendadorV2Area2 {\n        padding: 0px 20px;\n        width: calc(100% - 280px);\n    }\n}\n\n@media (max-width: 992px) {\n    .recomendadorV2Button {\n        margin: 0 auto;\n    }\n    .recomendadorV2Area {\n        flex-direction: column;\n        text-align: center;\n    }\n    .recomendadorV2Area2 {\n        padding: 0px 20px;\n    }\n}\n\n.recomendadorV2Area {\n    background: #eeeeee3d;\n    border-radius: 10px;\n    padding: 15px;\n    display: flex;\n    margin: 15px auto;\n    border: 1px solid #00000014;\n    max-width: 800px;\n}\n\n.recomendadorV2Area1 img {\n    width: 280px;\n    height: auto;\n    border-radius: 8px;\n}\n\n.linkrecomendadorv2 {\n    text-decoration: none !important;\n}\n\n.recomendadorV2Area2 .recomendadorV2Type {\n    text-transform: uppercase;\n    font-weight: 500;\n    font-size: 11px;\n    letter-spacing: 2px;\n    color: #666;\n    margin: 12px 0;\n    display: block;\n}\n\n.recomendadorV2Title h2 {\n    padding-top: 0px !important;\n    margin: 0px !important;\n    border-left: none !important;\n    padding-left: 0px !important;\n    line-height: 1.3;\n    color: #000 !important;\n    font-size: 24px;\n    margin-bottom: 12px !important;\n}\n\n.recomendadorV2Desc {\n    color: #333;\n    margin: 12px 0px !important;\n    font-size: 15px;\n    line-height: 1.5;\n}\n\n.recomendadorV2Button {\n    width: auto;\n    max-width: 200px;\n    margin: 0;\n    display: inline-flex;\n    align-items: center;\n    background: #1D3557;\n    border-radius: 8px;\n    color: #fff;\n    height: 36px;\n    justify-content: center;\n    text-align: center;\n    font-size: 14px;\n    padding: 0 20px;\n    transition: background-color 0.2s ease;\n}\n\n.recomendadorV2Button:hover {\n    background: #2a4d7a;\n}\n\n.recomendadorV2Button:after {\n    margin-top: -2px;\n    content: \"\u2192\";\n    padding: 0px 0px 0px 8px;\n}\n\n.recomendadorV2Alert {\n    text-align: left;\n    font-size: 11px;\n    margin-top: 8px;\n    color: #666;\n}\n\n.recomendadorFixedArea {\n    width: 100%;\n    display: flex;\n    justify-content: center;\n    align-items: center;\n}\n\n@media (min-width: 992px) {\n    #recomendadorFixed {\n        width: 32% !important;\n        left: 5%;\n    }\n    .recomendadorCloseFixed{\n        right: inherit !important;\n        left: 378px !important;\n    }\n}\n\n#recomendadorFixed {\n    width: 90%;\n    box-shadow: 0 10px 20px 0px #00000057;\n    display: none;\n    height: 90px;\n    background: #F6F6F6;\n    position: fixed;\n    flex-direction: row;\n    bottom: 10px;\n    z-index: 9999;\n    border-radius: 16px;\n    padding: 7px 10px;\n}\n\n.recomendadorLeftArea {\n    width: 160px;\n}\n\n.recomendadorRightArea h2 {\n    padding-top: 0px;\n    margin: 2px 0px 4px 0px !important;\n    font-weight: 400;\n    text-align: center;\n    padding-left: 0px !important;\n    color: #000 !important;\n    border-left: none !important;\n    line-height: 20px;\n    font-size: 12px !important;\n}\n\n.recomendadorImgFixed {\n    overflow: hidden;\n    padding: 8px 6px;\n    height: 100%;\n}\n\n.recomendadorImgFixed img {\n    height: 100% !important;\n    border-radius: 16px;\n}\n\n.recomendadorRightArea {\n    padding-top: 6px;\n    display: flex;\n    width: calc(100% - 130px);\n    justify-content: space-between;\n    align-items: center;\n    flex-direction: column;\n}\n\n.recomendadorButtonFixed {\n    margin: 0 auto;\n    background: #1D3557;\n    width: 80%;\n    text-align: center;\n    font-size: 10px;\n    color: #FFF;\n    padding: 2px 10px;\n    border-radius: 3px;\n}\n\n.recomendadorButtonFixed:after {\n    margin-top: -3px;\n    content: \"\u2192\";\n    padding: 0px 0px 0px 10px;\n}\n\n.recomendadorAlertFixed {\n    font-weight: 400;\n    text-align: center;\n    color: #484848;\n    font-size: 8px;\n}\n\n.recomendadorCloseFixed {\n    z-index: 99999;\n    display: none;\n    right: 0px;\n    left: inherit;\n    bottom: 99px;\n    position: fixed;\n    justify-content: center;\n    background: #F6F6F6;\n    width: 25px;\n    align-items: center;\n    height: 25px;\n    font-weight: 800;\n    border-radius: 50%;\n    border: 1px solid #EBEBEB;\n}\n\n.recomendadorV2Desc{\n    color: #000000;\n    margin: 20px 0px;\n}\n\n@media (max-width: 576px) {\n    .recomendadorV2Area {\n      padding: 10px;\n      max-width: 100%;\n    }\n  \n    .recomendadorV2Area1 img {\n      width: 100%;\n      border-radius: 6px;\n    }\n  \n    .recomendadorV2Area2 .recomendadorV2Type {\n      font-size: 9px;\n      letter-spacing: 1px;\n      margin: 8px 0;\n    }\n  \n    .recomendadorV2Title h2 {\n      font-size: 18px !important;\n      margin-bottom: 8px !important;\n      line-height: 1.2;\n    }\n  \n    .recomendadorV2Desc {\n      font-size: 14px;\n      margin: 8px 0 !important;\n      line-height: 1.4;\n    }\n  \n    .recomendadorV2Button {\n      font-size: 14px;\n      height: 40px;\n      padding: 0 12px;\n      max-width: 100%;\n      width: 100%;\n    }\n  \n    .recomendadorV2Button:after {\n      padding-left: 6px;\n    }\n  }\n  <\/style>\n        <div class=\"lazyblock-recomendador-v2-2jDGz wp-block-lazyblock-recomendador-v2\">\n        <a class=\"linkrecomendadorv2\" href=\"https:\/\/diariodocomercio.com.br\/mix\/documentario-da-hbo-max-quase-foi-barrado-na-justica-brasileira\/\">\n            <div class=\"recomendadorV2Area\">\n            <div class=\"recomendadorV2Area1\">\n                <div class=\"recomendadorV2Img\">\n                <img class=\"lazyloaded\" decoding=\"async\" src=\"https:\/\/diariodocomercio.com.br\/mix\/wp-content\/uploads\/2026\/03\/hbo-max.jpg\" data-src=\"https:\/\/diariodocomercio.com.br\/mix\/wp-content\/uploads\/2026\/03\/hbo-max.jpg\" alt=\"\">\n                <\/div>\n            <\/div>\n            <div class=\"recomendadorV2Area2\">\n                <div class=\"recomendadorV2Type\">\n                    <span>HBO MAX<\/span>\n                <\/div>\n                <div class=\"recomendadorV2Title\">\n                <h2><span>Document\u00e1rio da HBO Max quase foi barrado na Justi\u00e7a brasileira<\/span><\/h2>\n                <\/div>\n                <div class=\"recomendadorV2Desc\">\n                <span>Na \u00faltima quarta-feira (11), estreou na HBO Max o document\u00e1rio Escravos da F\u00e9: Os Arautos do Evangelho. Mas a s\u00e9rie \u2026<\/span>\n                <\/div>\n                <div class=\"recomendadorV2Button\">Leia mais<\/div>\n                <div class=\"recomendadorV2Alert\"><\/div>\n            <\/div>\n            <\/div>\n        <\/a>\n        <div>\n            <div style=\"z-index:99999;\" id=\"buttonClose\" onclick=\"closeRecomendadorFixed()\">\n            <div class=\"recomendadorCloseFixed\">X<\/div>\n            <\/div>\n            <a href=\"https:\/\/diariodocomercio.com.br\/mix\/documentario-da-hbo-max-quase-foi-barrado-na-justica-brasileira\/\">\n            <div class=\"recomendadorFixedArea\">\n                <div id=\"recomendadorFixed\">\n                <div class=\"recomendadorLeftArea\">\n                    <div class=\"recomendadorImgFixed\">\n                    <img class=\"lazyload\" decoding=\"async\" src=\"https:\/\/diariodocomercio.com.br\/mix\/wp-content\/uploads\/2026\/03\/hbo-max.jpg\" alt=\"\">\n                    <\/div>\n                <\/div>\n                <div class=\"recomendadorRightArea\">\n                    <div class=\"recomendadorTitleFixed\">\n                    <h2><span>Document\u00e1rio da HBO Max quase foi barrado na Justi\u00e7a brasileira<\/span><\/h2>\n                    <\/div>\n                    <div class=\"recomendadorButtonFixed\">Leia mais<\/div>\n                    <div class=\"recomendadorAlertFixed\"><\/div>\n                <\/div>\n                <\/div>\n            <\/div>\n            <\/a>\n        <\/div>\n        <\/div>\n","protected":false},"excerpt":{"rendered":"<p>\u00c9 bastante comum vermos cantoras pop fazendo \u2014 ou tentando fazer \u2014 a transi\u00e7\u00e3o de estrelas da m\u00fasica para estrelas do cinema. E parece que Billie Eilish \u00e9 a pr\u00f3xima. A artista j\u00e1 fez uma pontinha como atriz na s\u00e9rie Enxame (2023), mas, de acordo com o Deadline, ela est\u00e1 conversando para fazer o seu [&hellip;]<\/p>\n","protected":false},"author":6,"featured_media":38276,"comment_status":"closed","ping_status":"closed","sticky":false,"template":"","format":"standard","meta":{"jnews-multi-image_gallery":[],"jnews_single_post":{"format":"standard"},"jnews_primary_category":[],"jnews_social_meta":[],"jnews_override_counter":[],"jnews_post_split":[],"footnotes":""},"categories":[1],"tags":[],"class_list":["post-38246","post","type-post","status-publish","format-standard","has-post-thumbnail","hentry","category-geral"],"_referencia":"","_links":{"self":[{"href":"https:\/\/diariodocomercio.com.br\/mix\/wp-json\/wp\/v2\/posts\/38246","targetHints":{"allow":["GET"]}}],"collection":[{"href":"https:\/\/diariodocomercio.com.br\/mix\/wp-json\/wp\/v2\/posts"}],"about":[{"href":"https:\/\/diariodocomercio.com.br\/mix\/wp-json\/wp\/v2\/types\/post"}],"author":[{"embeddable":true,"href":"https:\/\/diariodocomercio.com.br\/mix\/wp-json\/wp\/v2\/users\/6"}],"replies":[{"embeddable":true,"href":"https:\/\/diariodocomercio.com.br\/mix\/wp-json\/wp\/v2\/comments?post=38246"}],"version-history":[{"count":2,"href":"https:\/\/diariodocomercio.com.br\/mix\/wp-json\/wp\/v2\/posts\/38246\/revisions"}],"predecessor-version":[{"id":38281,"href":"https:\/\/diariodocomercio.com.br\/mix\/wp-json\/wp\/v2\/posts\/38246\/revisions\/38281"}],"wp:featuredmedia":[{"embeddable":true,"href":"https:\/\/diariodocomercio.com.br\/mix\/wp-json\/wp\/v2\/media\/38276"}],"wp:attachment":[{"href":"https:\/\/diariodocomercio.com.br\/mix\/wp-json\/wp\/v2\/media?parent=38246"}],"wp:term":[{"taxonomy":"category","embeddable":true,"href":"https:\/\/diariodocomercio.com.br\/mix\/wp-json\/wp\/v2\/categories?post=38246"},{"taxonomy":"post_tag","embeddable":true,"href":"https:\/\/diariodocomercio.com.br\/mix\/wp-json\/wp\/v2\/tags?post=38246"}],"curies":[{"name":"wp","href":"https:\/\/api.w.org\/{rel}","templated":true}]}}