{"id":38248,"date":"2026-03-12T16:03:19","date_gmt":"2026-03-12T19:03:19","guid":{"rendered":"https:\/\/diariodocomercio.com.br\/mix\/?p=38248"},"modified":"2026-03-12T18:39:48","modified_gmt":"2026-03-12T21:39:48","slug":"prazo-do-inss-vence-em-20-03-e-aposentados-vao-perder-dinheiro-se-ficarem-parados","status":"publish","type":"post","link":"https:\/\/diariodocomercio.com.br\/mix\/prazo-do-inss-vence-em-20-03-e-aposentados-vao-perder-dinheiro-se-ficarem-parados\/","title":{"rendered":"Prazo do INSS vence em 20\/03 e aposentados v\u00e3o perder dinheiro se ficarem parados"},"content":{"rendered":"\n<p>O prazo para os aposentados e pensionistas do Instituto Nacional do Seguro Social (INSS) <strong>contestarem descontos indevidos <\/strong>em seus benef\u00edcios termina em <strong>20 de mar\u00e7o<\/strong> de 2026. Esta data \u00e9 crucial para recuperar valores descontados sem autoriza\u00e7\u00e3o em decorr\u00eancia de acordos de coopera\u00e7\u00e3o t\u00e9cnica.<\/p>\n\n\n\n<p>At\u00e9 o momento, 6,3 milh\u00f5es de segurados manifestaram-se contra essas dedu\u00e7\u00f5es n\u00e3o autorizadas, que afetam diretamente seus rendimentos mensais.<\/p>\n\n\n\n<h2 class=\"wp-block-heading\"><strong>Meu INSS<\/strong><\/h2>\n\n\n\n<p>As a\u00e7\u00f5es devem ser realizadas pelo aplicativo ou site <strong>Meu INSS<\/strong>, pela central 135 ou diretamente nas ag\u00eancias dos Correios. A contesta\u00e7\u00e3o \u00e9 urgente, pois o tempo para reaver valores indevidamente cobrados \u00e9 limitado.<\/p>\n\n\n\n<p>Ap\u00f3s a manifesta\u00e7\u00e3o, as entidades t\u00eam 15 dias \u00fateis para comprovar a autoriza\u00e7\u00e3o dos descontos. Caso essa justificativa n\u00e3o seja fornecida, os segurados podem aderir ao acordo de devolu\u00e7\u00e3o atrav\u00e9s da se\u00e7\u00e3o &#8220;Mensalidade Associativa&#8221; no Meu INSS.<\/p>\n\n\n\n<h2 class=\"wp-block-heading\">Opera\u00e7\u00e3o Sem Desconto <\/h2>\n\n\n\n<p>A mobiliza\u00e7\u00e3o dos benefici\u00e1rios \u00e9 resultado da <strong>Opera\u00e7\u00e3o Sem Desconto, <\/strong>deflagrada em abril de 2025. A a\u00e7\u00e3o, executada pela Pol\u00edcia Federal e pela Controladoria-Geral da Uni\u00e3o, desmascarou um esquema de fraudes envolvendo associa\u00e7\u00f5es, confedera\u00e7\u00f5es e sindicatos.<\/p>\n\n\n\n<p>Essas organiza\u00e7\u00f5es realizavam descontos n\u00e3o autorizados, utilizando-se indevidamente dos Acordos de Coopera\u00e7\u00e3o T\u00e9cnica estabelecidos com o Instituto.<\/p>\n\n\n\n<p>O caso ilustra a urg\u00eancia de os benefici\u00e1rios revisarem minuciosamente seus extratos para identificar quaisquer erros. O Meu INSS \u00e9 uma ferramenta valiosa nesse processo, oferecendo um m\u00e9todo simples e transparente para verificar a legitimidade dos descontos aplicados.<\/p>\n","protected":false},"excerpt":{"rendered":"<p>Prazo est\u00e1 chegando ao fim. Confira detalhes.<\/p>\n","protected":false},"author":12,"featured_media":10504,"comment_status":"closed","ping_status":"closed","sticky":false,"template":"","format":"standard","meta":{"jnews-multi-image_gallery":[],"jnews_single_post":{"format":"standard"},"jnews_primary_category":[],"jnews_social_meta":[],"jnews_override_counter":[],"jnews_post_split":[],"footnotes":""},"categories":[1],"tags":[],"class_list":["post-38248","post","type-post","status-publish","format-standard","has-post-thumbnail","hentry","category-geral"],"_referencia":"","_links":{"self":[{"href":"https:\/\/diariodocomercio.com.br\/mix\/wp-json\/wp\/v2\/posts\/38248","targetHints":{"allow":["GET"]}}],"collection":[{"href":"https:\/\/diariodocomercio.com.br\/mix\/wp-json\/wp\/v2\/posts"}],"about":[{"href":"https:\/\/diariodocomercio.com.br\/mix\/wp-json\/wp\/v2\/types\/post"}],"author":[{"embeddable":true,"href":"https:\/\/diariodocomercio.com.br\/mix\/wp-json\/wp\/v2\/users\/12"}],"replies":[{"embeddable":true,"href":"https:\/\/diariodocomercio.com.br\/mix\/wp-json\/wp\/v2\/comments?post=38248"}],"version-history":[{"count":2,"href":"https:\/\/diariodocomercio.com.br\/mix\/wp-json\/wp\/v2\/posts\/38248\/revisions"}],"predecessor-version":[{"id":38290,"href":"https:\/\/diariodocomercio.com.br\/mix\/wp-json\/wp\/v2\/posts\/38248\/revisions\/38290"}],"wp:featuredmedia":[{"embeddable":true,"href":"https:\/\/diariodocomercio.com.br\/mix\/wp-json\/wp\/v2\/media\/10504"}],"wp:attachment":[{"href":"https:\/\/diariodocomercio.com.br\/mix\/wp-json\/wp\/v2\/media?parent=38248"}],"wp:term":[{"taxonomy":"category","embeddable":true,"href":"https:\/\/diariodocomercio.com.br\/mix\/wp-json\/wp\/v2\/categories?post=38248"},{"taxonomy":"post_tag","embeddable":true,"href":"https:\/\/diariodocomercio.com.br\/mix\/wp-json\/wp\/v2\/tags?post=38248"}],"curies":[{"name":"wp","href":"https:\/\/api.w.org\/{rel}","templated":true}]}}