{"id":38250,"date":"2026-03-12T16:25:06","date_gmt":"2026-03-12T19:25:06","guid":{"rendered":"https:\/\/diariodocomercio.com.br\/mix\/?p=38250"},"modified":"2026-03-12T18:33:28","modified_gmt":"2026-03-12T21:33:28","slug":"pais-agora-poderao-controlar-o-whatsapp-de-filhos-menores-de-idade","status":"publish","type":"post","link":"https:\/\/diariodocomercio.com.br\/mix\/pais-agora-poderao-controlar-o-whatsapp-de-filhos-menores-de-idade\/","title":{"rendered":"Pais agora poder\u00e3o controlar o WhatsApp de filhos menores de idade"},"content":{"rendered":"\n<p>Em 11 de mar\u00e7o, o <strong>WhatsApp <\/strong>anunciou um novo recurso que promete transformar a seguran\u00e7a digital para crian\u00e7as. O aplicativo agora oferece <strong>controle parental, <\/strong>permitindo que pais monitorem e limitem atividades de filhos menores de 13 anos na plataforma.<\/p>\n\n\n\n<p>O objetivo \u00e9 garantir um ambiente seguro, \u00e0 medida que as intera\u00e7\u00f5es digitais se tornam mais comuns e precoces entre os jovens.<\/p>\n\n\n\n<p>Desenvolvido para permitir um monitoramento nas trocas de mensagens, os respons\u00e1veis podem agora decidir quem pode contatar as crian\u00e7as e como essas intera\u00e7\u00f5es ocorrem. Esta implementa\u00e7\u00e3o visa, portanto, proporcionar aos pais ferramentas eficazes de supervis\u00e3o.<\/p>\n\n\n\n<h2 class=\"wp-block-heading\">Configura\u00e7\u00e3o simples e segura<\/h2>\n\n\n<style>@media (min-width: 992px) {\n    .recomendadorV2Area1 {\n        width: 280px;\n    }\n    .recomendadorV2Area2 {\n        padding: 0px 20px;\n        width: calc(100% - 280px);\n    }\n}\n\n@media (max-width: 992px) {\n    .recomendadorV2Button {\n        margin: 0 auto;\n    }\n    .recomendadorV2Area {\n        flex-direction: column;\n        text-align: center;\n    }\n    .recomendadorV2Area2 {\n        padding: 0px 20px;\n    }\n}\n\n.recomendadorV2Area {\n    background: #eeeeee3d;\n    border-radius: 10px;\n    padding: 15px;\n    display: flex;\n    margin: 15px auto;\n    border: 1px solid #00000014;\n    max-width: 800px;\n}\n\n.recomendadorV2Area1 img {\n    width: 280px;\n    height: auto;\n    border-radius: 8px;\n}\n\n.linkrecomendadorv2 {\n    text-decoration: none !important;\n}\n\n.recomendadorV2Area2 .recomendadorV2Type {\n    text-transform: uppercase;\n    font-weight: 500;\n    font-size: 11px;\n    letter-spacing: 2px;\n    color: #666;\n    margin: 12px 0;\n    display: block;\n}\n\n.recomendadorV2Title h2 {\n    padding-top: 0px !important;\n    margin: 0px !important;\n    border-left: none !important;\n    padding-left: 0px !important;\n    line-height: 1.3;\n    color: #000 !important;\n    font-size: 24px;\n    margin-bottom: 12px !important;\n}\n\n.recomendadorV2Desc {\n    color: #333;\n    margin: 12px 0px !important;\n    font-size: 15px;\n    line-height: 1.5;\n}\n\n.recomendadorV2Button {\n    width: auto;\n    max-width: 200px;\n    margin: 0;\n    display: inline-flex;\n    align-items: center;\n    background: #1D3557;\n    border-radius: 8px;\n    color: #fff;\n    height: 36px;\n    justify-content: center;\n    text-align: center;\n    font-size: 14px;\n    padding: 0 20px;\n    transition: background-color 0.2s ease;\n}\n\n.recomendadorV2Button:hover {\n    background: #2a4d7a;\n}\n\n.recomendadorV2Button:after {\n    margin-top: -2px;\n    content: \"\u2192\";\n    padding: 0px 0px 0px 8px;\n}\n\n.recomendadorV2Alert {\n    text-align: left;\n    font-size: 11px;\n    margin-top: 8px;\n    color: #666;\n}\n\n.recomendadorFixedArea {\n    width: 100%;\n    display: flex;\n    justify-content: center;\n    align-items: center;\n}\n\n@media (min-width: 992px) {\n    #recomendadorFixed {\n        width: 32% !important;\n        left: 5%;\n    }\n    .recomendadorCloseFixed{\n        right: inherit !important;\n        left: 378px !important;\n    }\n}\n\n#recomendadorFixed {\n    width: 90%;\n    box-shadow: 0 10px 20px 0px #00000057;\n    display: none;\n    height: 90px;\n    background: #F6F6F6;\n    position: fixed;\n    flex-direction: row;\n    bottom: 10px;\n    z-index: 9999;\n    border-radius: 16px;\n    padding: 7px 10px;\n}\n\n.recomendadorLeftArea {\n    width: 160px;\n}\n\n.recomendadorRightArea h2 {\n    padding-top: 0px;\n    margin: 2px 0px 4px 0px !important;\n    font-weight: 400;\n    text-align: center;\n    padding-left: 0px !important;\n    color: #000 !important;\n    border-left: none !important;\n    line-height: 20px;\n    font-size: 12px !important;\n}\n\n.recomendadorImgFixed {\n    overflow: hidden;\n    padding: 8px 6px;\n    height: 100%;\n}\n\n.recomendadorImgFixed img {\n    height: 100% !important;\n    border-radius: 16px;\n}\n\n.recomendadorRightArea {\n    padding-top: 6px;\n    display: flex;\n    width: calc(100% - 130px);\n    justify-content: space-between;\n    align-items: center;\n    flex-direction: column;\n}\n\n.recomendadorButtonFixed {\n    margin: 0 auto;\n    background: #1D3557;\n    width: 80%;\n    text-align: center;\n    font-size: 10px;\n    color: #FFF;\n    padding: 2px 10px;\n    border-radius: 3px;\n}\n\n.recomendadorButtonFixed:after {\n    margin-top: -3px;\n    content: \"\u2192\";\n    padding: 0px 0px 0px 10px;\n}\n\n.recomendadorAlertFixed {\n    font-weight: 400;\n    text-align: center;\n    color: #484848;\n    font-size: 8px;\n}\n\n.recomendadorCloseFixed {\n    z-index: 99999;\n    display: none;\n    right: 0px;\n    left: inherit;\n    bottom: 99px;\n    position: fixed;\n    justify-content: center;\n    background: #F6F6F6;\n    width: 25px;\n    align-items: center;\n    height: 25px;\n    font-weight: 800;\n    border-radius: 50%;\n    border: 1px solid #EBEBEB;\n}\n\n.recomendadorV2Desc{\n    color: #000000;\n    margin: 20px 0px;\n}\n\n@media (max-width: 576px) {\n    .recomendadorV2Area {\n      padding: 10px;\n      max-width: 100%;\n    }\n  \n    .recomendadorV2Area1 img {\n      width: 100%;\n      border-radius: 6px;\n    }\n  \n    .recomendadorV2Area2 .recomendadorV2Type {\n      font-size: 9px;\n      letter-spacing: 1px;\n      margin: 8px 0;\n    }\n  \n    .recomendadorV2Title h2 {\n      font-size: 18px !important;\n      margin-bottom: 8px !important;\n      line-height: 1.2;\n    }\n  \n    .recomendadorV2Desc {\n      font-size: 14px;\n      margin: 8px 0 !important;\n      line-height: 1.4;\n    }\n  \n    .recomendadorV2Button {\n      font-size: 14px;\n      height: 40px;\n      padding: 0 12px;\n      max-width: 100%;\n      width: 100%;\n    }\n  \n    .recomendadorV2Button:after {\n      padding-left: 6px;\n    }\n  }\n  <\/style>\n        <div class=\"lazyblock-recomendador-v2-2jDGz wp-block-lazyblock-recomendador-v2\">\n        <a class=\"linkrecomendadorv2\" href=\"https:\/\/diariodocomercio.com.br\/mix\/virus-mpox-ja-atinge-13-estados-do-brasil-e-ministerio-da-saude-faz-recomendacoes-urgentes\/?utm_source=lazy\">\n            <div class=\"recomendadorV2Area\">\n            <div class=\"recomendadorV2Area1\">\n                <div class=\"recomendadorV2Img\">\n                <img class=\"lazyloaded\" decoding=\"async\" src=\"https:\/\/diariodocomercio.com.br\/mix\/wp-content\/uploads\/2026\/02\/image-13-1140x570.jpg\" data-src=\"https:\/\/diariodocomercio.com.br\/mix\/wp-content\/uploads\/2026\/02\/image-13-1140x570.jpg\" alt=\"\">\n                <\/div>\n            <\/div>\n            <div class=\"recomendadorV2Area2\">\n                <div class=\"recomendadorV2Type\">\n                    <span>Alerta sa\u00fade<\/span>\n                <\/div>\n                <div class=\"recomendadorV2Title\">\n                <h2><span>Mpox avan\u00e7a \u26a0\ufe0f<\/span><\/h2>\n                <\/div>\n                <div class=\"recomendadorV2Desc\">\n                <span>V\u00edrus j\u00e1 atinge 13 estados<\/span>\n                <\/div>\n                <div class=\"recomendadorV2Button\">Ver recomenda\u00e7\u00f5es<\/div>\n                <div class=\"recomendadorV2Alert\"><\/div>\n            <\/div>\n            <\/div>\n        <\/a>\n        <div>\n            <div style=\"z-index:99999;\" id=\"buttonClose\" onclick=\"closeRecomendadorFixed()\">\n            <div class=\"recomendadorCloseFixed\">X<\/div>\n            <\/div>\n            <a href=\"https:\/\/diariodocomercio.com.br\/mix\/virus-mpox-ja-atinge-13-estados-do-brasil-e-ministerio-da-saude-faz-recomendacoes-urgentes\/?utm_source=lazy\">\n            <div class=\"recomendadorFixedArea\">\n                <div id=\"recomendadorFixed\">\n                <div class=\"recomendadorLeftArea\">\n                    <div class=\"recomendadorImgFixed\">\n                    <img class=\"lazyload\" decoding=\"async\" src=\"https:\/\/diariodocomercio.com.br\/mix\/wp-content\/uploads\/2026\/02\/image-13-1140x570.jpg\" alt=\"\">\n                    <\/div>\n                <\/div>\n                <div class=\"recomendadorRightArea\">\n                    <div class=\"recomendadorTitleFixed\">\n                    <h2><span>Mpox avan\u00e7a \u26a0\ufe0f<\/span><\/h2>\n                    <\/div>\n                    <div class=\"recomendadorButtonFixed\">Ver recomenda\u00e7\u00f5es<\/div>\n                    <div class=\"recomendadorAlertFixed\"><\/div>\n                <\/div>\n                <\/div>\n            <\/div>\n            <\/a>\n        <\/div>\n        <\/div>\n\n\n\n<p>Para ativar essa fun\u00e7\u00e3o, \u00e9 necess\u00e1rio que os respons\u00e1veis usem dois dispositivos: o pr\u00f3prio celular e o do filho. O processo come\u00e7a com a vincula\u00e7\u00e3o da conta da crian\u00e7a \u00e0 conta dos pais, feito por meio de um QR code.<\/p>\n\n\n\n<p>Uma vez conectado, \u00e9 poss\u00edvel definir contatos permitidos, revisar solicita\u00e7\u00f5es de contato desconhecido e gerenciar configura\u00e7\u00f5es de privacidade.<\/p>\n\n\n\n<p>Importante ressaltar, as mensagens entre as crian\u00e7as e seus contatos <strong>permanecem protegidas por criptografia<\/strong> de ponta a ponta. Assim, a privacidade das conversas pessoais \u00e9 mantida, equilibrando supervis\u00e3o com respeito \u00e0 privacidade.<\/p>\n\n\n\n<h2 class=\"wp-block-heading\">Etapas para configurar a conta<\/h2>\n\n\n\n<p>A configura\u00e7\u00e3o da conta gerenciada come\u00e7a com o download do WhatsApp no telefone da crian\u00e7a. Ap\u00f3s ajustar o idioma e aceitar os termos, a ferramenta oferece a op\u00e7\u00e3o de criar uma conta gerenciada.<\/p>\n\n\n\n<p>Verifica-se o n\u00famero de telefone, insere-se a idade, e a conta \u00e9 vinculada \u00e0 dos respons\u00e1veis atrav\u00e9s do QR code.<\/p>\n\n\n\n<p>Um PIN exclusivo de seis d\u00edgitos, criado pelos pais, protege as configura\u00e7\u00f5es. Este c\u00f3digo impede acessos n\u00e3o autorizados e garante que somente os respons\u00e1veis possam modificar as prefer\u00eancias definidas. A crian\u00e7a pode personalizar seu nome e foto de perfil dentro das limita\u00e7\u00f5es determinadas.<\/p>\n","protected":false},"excerpt":{"rendered":"<p>Implementa\u00e7\u00e3o visa proporcionar aos pais ferramentas eficazes de supervis\u00e3o.<\/p>\n","protected":false},"author":12,"featured_media":11326,"comment_status":"closed","ping_status":"closed","sticky":false,"template":"","format":"standard","meta":{"jnews-multi-image_gallery":[],"jnews_single_post":{"format":"standard"},"jnews_primary_category":[],"jnews_social_meta":[],"jnews_override_counter":[],"jnews_post_split":[],"footnotes":""},"categories":[1],"tags":[],"class_list":["post-38250","post","type-post","status-publish","format-standard","has-post-thumbnail","hentry","category-geral"],"_referencia":"","_links":{"self":[{"href":"https:\/\/diariodocomercio.com.br\/mix\/wp-json\/wp\/v2\/posts\/38250","targetHints":{"allow":["GET"]}}],"collection":[{"href":"https:\/\/diariodocomercio.com.br\/mix\/wp-json\/wp\/v2\/posts"}],"about":[{"href":"https:\/\/diariodocomercio.com.br\/mix\/wp-json\/wp\/v2\/types\/post"}],"author":[{"embeddable":true,"href":"https:\/\/diariodocomercio.com.br\/mix\/wp-json\/wp\/v2\/users\/12"}],"replies":[{"embeddable":true,"href":"https:\/\/diariodocomercio.com.br\/mix\/wp-json\/wp\/v2\/comments?post=38250"}],"version-history":[{"count":2,"href":"https:\/\/diariodocomercio.com.br\/mix\/wp-json\/wp\/v2\/posts\/38250\/revisions"}],"predecessor-version":[{"id":38279,"href":"https:\/\/diariodocomercio.com.br\/mix\/wp-json\/wp\/v2\/posts\/38250\/revisions\/38279"}],"wp:featuredmedia":[{"embeddable":true,"href":"https:\/\/diariodocomercio.com.br\/mix\/wp-json\/wp\/v2\/media\/11326"}],"wp:attachment":[{"href":"https:\/\/diariodocomercio.com.br\/mix\/wp-json\/wp\/v2\/media?parent=38250"}],"wp:term":[{"taxonomy":"category","embeddable":true,"href":"https:\/\/diariodocomercio.com.br\/mix\/wp-json\/wp\/v2\/categories?post=38250"},{"taxonomy":"post_tag","embeddable":true,"href":"https:\/\/diariodocomercio.com.br\/mix\/wp-json\/wp\/v2\/tags?post=38250"}],"curies":[{"name":"wp","href":"https:\/\/api.w.org\/{rel}","templated":true}]}}