{"id":38257,"date":"2026-03-15T13:38:00","date_gmt":"2026-03-15T16:38:00","guid":{"rendered":"https:\/\/diariodocomercio.com.br\/mix\/?p=38257"},"modified":"2026-03-13T19:33:49","modified_gmt":"2026-03-13T22:33:49","slug":"decisao-de-sair-do-trabalho-para-cuidar-da-familia-pode-garantir-pensao-permanente","status":"publish","type":"post","link":"https:\/\/diariodocomercio.com.br\/mix\/decisao-de-sair-do-trabalho-para-cuidar-da-familia-pode-garantir-pensao-permanente\/","title":{"rendered":"Decis\u00e3o de sair do trabalho para cuidar da fam\u00edlia pode garantir pens\u00e3o permanente"},"content":{"rendered":"\n<p>Em 2025, o Superior Tribunal de Justi\u00e7a (STJ) concedeu o direito a uma <strong>pens\u00e3o vital\u00edcia<\/strong> para uma mulher, com base no <strong>trabalho dom\u00e9stico<\/strong> n\u00e3o remunerado. A decis\u00e3o foi proferida pela Terceira Turma do STJ, liderada pela ministra Nancy Andrighi, no Brasil. A mulher, que dedicou 29 anos ao lar, teve sua contribui\u00e7\u00e3o econ\u00f4mica dom\u00e9stica finalmente reconhecida legalmente.<\/p>\n\n\n\n<p>A decis\u00e3o do STJ, caso n\u00ba 2.138.877\/MG, destacou a import\u00e2ncia econ\u00f4mica do trabalho dom\u00e9stico. A mulher, casada desde 1988, optou por deixar sua carreira para cuidar da casa enquanto seu marido se dedicava \u00e0 profiss\u00e3o. Este sacrif\u00edcio resultou em depend\u00eancia financeira ap\u00f3s o div\u00f3rcio, j\u00e1 que ela n\u00e3o possu\u00eda mais autonomia no mercado de trabalho.<\/p>\n\n\n\n<h2 class=\"wp-block-heading\">Casamento e sustento<\/h2>\n\n\n\n<p>Durante o casamento sob o regime de comunh\u00e3o universal de bens, a mulher gradualmente limitou sua presen\u00e7a profissional para apoiar a carreira do marido, que obteve sucesso financeiro e aposentadoria especial. A separa\u00e7\u00e3o, entretanto, gerou dificuldades financeiras para ela, que teve que contar com apoio familiar.<\/p>\n\n\n\n<p>A decis\u00e3o alinha-se com princ\u00edpios de g\u00eanero do Conselho Nacional de Justi\u00e7a (CNJ), assegurando avalia\u00e7\u00f5es justas em disputas familiares.<\/p>\n\n\n\n<h2 class=\"wp-block-heading\">Trabalho dom\u00e9stico<\/h2>\n\n\n\n<p>O STJ afirmou que o trabalho dom\u00e9stico carrega tanto valor econ\u00f4mico quanto social, uma perspectiva amparada pelo Protocolo para Julgamento com Perspectiva de G\u00eanero do CNJ.<\/p>\n\n\n\n<p>Essa decis\u00e3o oferece uma nova interpreta\u00e7\u00e3o jur\u00eddica que considera o impacto do trabalho dom\u00e9stico na divis\u00e3o de bens ap\u00f3s uma separa\u00e7\u00e3o. Esta decis\u00e3o do STJ estabelece um precedente importante para a prote\u00e7\u00e3o dos que abdicaram de carreiras em prol da fam\u00edlia. <\/p>\n","protected":false},"excerpt":{"rendered":"<p>Decis\u00e3o do STJ estabelece um precedente importante. Confira detalhes.<\/p>\n","protected":false},"author":12,"featured_media":10834,"comment_status":"closed","ping_status":"closed","sticky":false,"template":"","format":"standard","meta":{"jnews-multi-image_gallery":[],"jnews_single_post":{"format":"standard"},"jnews_primary_category":[],"jnews_social_meta":[],"jnews_override_counter":[],"jnews_post_split":[],"footnotes":""},"categories":[1],"tags":[],"class_list":["post-38257","post","type-post","status-publish","format-standard","has-post-thumbnail","hentry","category-geral"],"_referencia":"","_links":{"self":[{"href":"https:\/\/diariodocomercio.com.br\/mix\/wp-json\/wp\/v2\/posts\/38257","targetHints":{"allow":["GET"]}}],"collection":[{"href":"https:\/\/diariodocomercio.com.br\/mix\/wp-json\/wp\/v2\/posts"}],"about":[{"href":"https:\/\/diariodocomercio.com.br\/mix\/wp-json\/wp\/v2\/types\/post"}],"author":[{"embeddable":true,"href":"https:\/\/diariodocomercio.com.br\/mix\/wp-json\/wp\/v2\/users\/12"}],"replies":[{"embeddable":true,"href":"https:\/\/diariodocomercio.com.br\/mix\/wp-json\/wp\/v2\/comments?post=38257"}],"version-history":[{"count":1,"href":"https:\/\/diariodocomercio.com.br\/mix\/wp-json\/wp\/v2\/posts\/38257\/revisions"}],"predecessor-version":[{"id":38260,"href":"https:\/\/diariodocomercio.com.br\/mix\/wp-json\/wp\/v2\/posts\/38257\/revisions\/38260"}],"wp:featuredmedia":[{"embeddable":true,"href":"https:\/\/diariodocomercio.com.br\/mix\/wp-json\/wp\/v2\/media\/10834"}],"wp:attachment":[{"href":"https:\/\/diariodocomercio.com.br\/mix\/wp-json\/wp\/v2\/media?parent=38257"}],"wp:term":[{"taxonomy":"category","embeddable":true,"href":"https:\/\/diariodocomercio.com.br\/mix\/wp-json\/wp\/v2\/categories?post=38257"},{"taxonomy":"post_tag","embeddable":true,"href":"https:\/\/diariodocomercio.com.br\/mix\/wp-json\/wp\/v2\/tags?post=38257"}],"curies":[{"name":"wp","href":"https:\/\/api.w.org\/{rel}","templated":true}]}}