{"id":38259,"date":"2026-03-12T16:43:33","date_gmt":"2026-03-12T19:43:33","guid":{"rendered":"https:\/\/diariodocomercio.com.br\/mix\/?p=38259"},"modified":"2026-03-12T18:34:37","modified_gmt":"2026-03-12T21:34:37","slug":"espaconave-com-mais-de-500kg-da-nasa-perde-o-controle-e-vai-explodir-na-terra-podendo-ate-atingir-pessoas","status":"publish","type":"post","link":"https:\/\/diariodocomercio.com.br\/mix\/espaconave-com-mais-de-500kg-da-nasa-perde-o-controle-e-vai-explodir-na-terra-podendo-ate-atingir-pessoas\/","title":{"rendered":"Espa\u00e7onave com mais de 500kg da NASA perde o controle e vai explodir na Terra, podendo at\u00e9 atingir pessoas"},"content":{"rendered":"\n<p>A sonda <strong>Van Allen Probe A<\/strong>, da NASA, deve realizar uma <strong>reentrada descontrolada na atmosfera terrestre<\/strong> ap\u00f3s quase 14 anos em \u00f3rbita. A espa\u00e7onave, que pesa cerca de <strong>600 quilos<\/strong>, foi lan\u00e7ada em 2012 e agora perdeu a capacidade de se orientar no espa\u00e7o, iniciando seu retorno ao planeta.<\/p>\n\n\n\n<p>Segundo a ag\u00eancia espacial norte-americana, a previs\u00e3o indica que a reentrada poder\u00e1 ocorrer <strong>entre a noite de ter\u00e7a-feira (10) e a noite de quarta-feira (11)<\/strong>, com uma margem de erro aproximada de <strong>24 horas<\/strong>.<\/p>\n\n\n\n<p>Embora a maior parte da estrutura deva se desintegrar ao atravessar a atmosfera, <strong>alguns fragmentos podem sobreviver \u00e0 queda<\/strong>, e ainda n\u00e3o h\u00e1 previs\u00e3o precisa sobre onde eles poder\u00e3o atingir o solo.<\/p>\n\n\n\n<p>A NASA informou que a possibilidade de algum fragmento atingir uma pessoa \u00e9 extremamente pequena. A estimativa \u00e9 de <strong>aproximadamente 1 em 4.200<\/strong>, \u00edndice que a ag\u00eancia classifica como <strong>baixo risco<\/strong>.<\/p>\n\n\n\n<p>Mesmo assim, a ag\u00eancia continuar\u00e1 <strong>monitorando a trajet\u00f3ria da sonda e atualizando as previs\u00f5es<\/strong> conforme a reentrada se aproxima.<\/p>\n\n\n\n<figure class=\"wp-block-image size-full\"><img decoding=\"async\" width=\"1029\" height=\"579\" src=\"https:\/\/diariodocomercio.com.br\/mix\/wp-content\/uploads\/2026\/03\/image-108.png\" alt=\"\" class=\"wp-image-38264\" srcset=\"https:\/\/diariodocomercio.com.br\/mix\/wp-content\/uploads\/2026\/03\/image-108.png 1029w, https:\/\/diariodocomercio.com.br\/mix\/wp-content\/uploads\/2026\/03\/image-108-300x169.png 300w, https:\/\/diariodocomercio.com.br\/mix\/wp-content\/uploads\/2026\/03\/image-108-768x432.png 768w, https:\/\/diariodocomercio.com.br\/mix\/wp-content\/uploads\/2026\/03\/image-108-150x84.png 150w, https:\/\/diariodocomercio.com.br\/mix\/wp-content\/uploads\/2026\/03\/image-108-750x422.png 750w\" sizes=\"(max-width: 1029px) 100vw, 1029px\" \/><figcaption class=\"wp-element-caption\">(Reprodu\u00e7\u00e3o\/NASA)<\/figcaption><\/figure>\n\n\n\n<h2 class=\"wp-block-heading\"><strong>Miss\u00e3o da NASA estudou cintur\u00f5es de radia\u00e7\u00e3o da Terra<\/strong><\/h2>\n\n\n\n<p>A Van Allen Probe A fazia parte de uma miss\u00e3o cient\u00edfica composta por <strong>duas sondas g\u00eameas<\/strong>, lan\u00e7adas em 2012 para estudar os <strong>cintur\u00f5es de radia\u00e7\u00e3o que envolvem a Terra<\/strong>, conhecidos como <strong>Cintur\u00f5es de Van Allen<\/strong>.<\/p>\n\n\n\n<p>Essas regi\u00f5es do espa\u00e7o s\u00e3o formadas por <strong>part\u00edculas carregadas presas ao campo magn\u00e9tico do planeta<\/strong> e funcionam como uma esp\u00e9cie de escudo natural contra radia\u00e7\u00e3o c\u00f3smica e tempestades solares.<\/p>\n\n\n\n<p>A miss\u00e3o tinha dura\u00e7\u00e3o prevista de <strong>dois anos<\/strong>, mas acabou operando por quase <strong>sete anos<\/strong>, at\u00e9 2019, quando as sondas ficaram sem combust\u00edvel suficiente para manter o controle de orienta\u00e7\u00e3o.<\/p>\n\n\n\n<h2 class=\"wp-block-heading\"><strong>Retorno antecipado surpreendeu cientistas<\/strong><\/h2>\n\n\n\n<p>Inicialmente, os c\u00e1lculos indicavam que a reentrada da sonda ocorreria apenas por volta de <strong>2034<\/strong>. No entanto, o aumento da atividade solar nos \u00faltimos anos alterou as condi\u00e7\u00f5es da atmosfera superior da Terra.<\/p>\n\n\n\n<p>Esse fen\u00f4meno aumentou o <strong>arrasto atmosf\u00e9rico<\/strong>, reduzindo a altitude da espa\u00e7onave mais rapidamente do que o previsto e antecipando seu retorno ao planeta.<\/p>\n","protected":false},"excerpt":{"rendered":"<p>A sonda Van Allen Probe A, da NASA, deve realizar uma reentrada descontrolada na atmosfera terrestre ap\u00f3s quase 14 anos em \u00f3rbita. A espa\u00e7onave, que pesa cerca de 600 quilos, foi lan\u00e7ada em 2012 e agora perdeu a capacidade de se orientar no espa\u00e7o, iniciando seu retorno ao planeta. Segundo a ag\u00eancia espacial norte-americana, a [&hellip;]<\/p>\n","protected":false},"author":9,"featured_media":38263,"comment_status":"closed","ping_status":"closed","sticky":false,"template":"","format":"standard","meta":{"jnews-multi-image_gallery":[],"jnews_single_post":{"format":"standard"},"jnews_primary_category":[],"jnews_social_meta":[],"jnews_override_counter":[],"jnews_post_split":[],"footnotes":""},"categories":[1],"tags":[],"class_list":["post-38259","post","type-post","status-publish","format-standard","has-post-thumbnail","hentry","category-geral"],"_referencia":"","_links":{"self":[{"href":"https:\/\/diariodocomercio.com.br\/mix\/wp-json\/wp\/v2\/posts\/38259","targetHints":{"allow":["GET"]}}],"collection":[{"href":"https:\/\/diariodocomercio.com.br\/mix\/wp-json\/wp\/v2\/posts"}],"about":[{"href":"https:\/\/diariodocomercio.com.br\/mix\/wp-json\/wp\/v2\/types\/post"}],"author":[{"embeddable":true,"href":"https:\/\/diariodocomercio.com.br\/mix\/wp-json\/wp\/v2\/users\/9"}],"replies":[{"embeddable":true,"href":"https:\/\/diariodocomercio.com.br\/mix\/wp-json\/wp\/v2\/comments?post=38259"}],"version-history":[{"count":2,"href":"https:\/\/diariodocomercio.com.br\/mix\/wp-json\/wp\/v2\/posts\/38259\/revisions"}],"predecessor-version":[{"id":38282,"href":"https:\/\/diariodocomercio.com.br\/mix\/wp-json\/wp\/v2\/posts\/38259\/revisions\/38282"}],"wp:featuredmedia":[{"embeddable":true,"href":"https:\/\/diariodocomercio.com.br\/mix\/wp-json\/wp\/v2\/media\/38263"}],"wp:attachment":[{"href":"https:\/\/diariodocomercio.com.br\/mix\/wp-json\/wp\/v2\/media?parent=38259"}],"wp:term":[{"taxonomy":"category","embeddable":true,"href":"https:\/\/diariodocomercio.com.br\/mix\/wp-json\/wp\/v2\/categories?post=38259"},{"taxonomy":"post_tag","embeddable":true,"href":"https:\/\/diariodocomercio.com.br\/mix\/wp-json\/wp\/v2\/tags?post=38259"}],"curies":[{"name":"wp","href":"https:\/\/api.w.org\/{rel}","templated":true}]}}