{"id":38266,"date":"2026-03-12T17:34:39","date_gmt":"2026-03-12T20:34:39","guid":{"rendered":"https:\/\/diariodocomercio.com.br\/mix\/?p=38266"},"modified":"2026-03-12T17:34:41","modified_gmt":"2026-03-12T20:34:41","slug":"lanche-queridinho-do-mcdonalds-deixou-de-ser-vendido-e-rede-explicou-o-motivo","status":"publish","type":"post","link":"https:\/\/diariodocomercio.com.br\/mix\/lanche-queridinho-do-mcdonalds-deixou-de-ser-vendido-e-rede-explicou-o-motivo\/","title":{"rendered":"Lanche queridinho do McDonald\u2019s deixou de ser vendido e rede explicou o motivo"},"content":{"rendered":"\n<p>Um dos sandu\u00edches mais conhecidos do McDonald\u2019s, o <strong>McFish<\/strong>, deixou de fazer parte do card\u00e1pio fixo da rede no Brasil em 2019. A decis\u00e3o foi tomada ap\u00f3s an\u00e1lises internas que indicaram que a procura pelo produto n\u00e3o era suficiente para sustentar sua presen\u00e7a permanente nas lojas.<\/p>\n\n\n\n<p>Apesar da sa\u00edda do menu regular, o lanche continua retornando periodicamente em <strong>edi\u00e7\u00f5es limitadas<\/strong>, impulsionado por uma base fiel de f\u00e3s.<\/p>\n\n\n\n<p>O McFish tem origem nos Estados Unidos e foi criado em <strong>1962<\/strong>, inicialmente com o nome <strong>Filet-O-Fish<\/strong>. O sandu\u00edche surgiu para atender principalmente clientes <strong>cat\u00f3licos que evitavam carne vermelha durante a Quaresma<\/strong>.<\/p>\n\n\n\n<p>A receita tradicional inclui <strong>fil\u00e9 de peixe empanado, queijo cheddar e molho t\u00e1rtaro<\/strong>, servidos no p\u00e3o t\u00edpico da rede.<\/p>\n\n\n\n<p>No Brasil, o lanche chegou em <strong>1992<\/strong> e permaneceu por anos alternando per\u00edodos no card\u00e1pio at\u00e9 ser retirado definitivamente da linha fixa em <strong>2019<\/strong>. Em alguns pa\u00edses, como <strong>Estados Unidos e Austr\u00e1lia<\/strong>, o produto continua dispon\u00edvel de forma permanente.<\/p>\n\n\n\n<figure class=\"wp-block-image size-full\"><img decoding=\"async\" width=\"1200\" height=\"900\" src=\"https:\/\/diariodocomercio.com.br\/mix\/wp-content\/uploads\/2026\/03\/image-109.png\" alt=\"\" class=\"wp-image-38267\" srcset=\"https:\/\/diariodocomercio.com.br\/mix\/wp-content\/uploads\/2026\/03\/image-109.png 1200w, https:\/\/diariodocomercio.com.br\/mix\/wp-content\/uploads\/2026\/03\/image-109-300x225.png 300w, https:\/\/diariodocomercio.com.br\/mix\/wp-content\/uploads\/2026\/03\/image-109-768x576.png 768w, https:\/\/diariodocomercio.com.br\/mix\/wp-content\/uploads\/2026\/03\/image-109-150x113.png 150w, https:\/\/diariodocomercio.com.br\/mix\/wp-content\/uploads\/2026\/03\/image-109-750x563.png 750w, https:\/\/diariodocomercio.com.br\/mix\/wp-content\/uploads\/2026\/03\/image-109-1140x855.png 1140w\" sizes=\"(max-width: 1200px) 100vw, 1200px\" \/><figcaption class=\"wp-element-caption\">(Divulga\u00e7\u00e3o\/McDonald\u2019s)<\/figcaption><\/figure>\n\n\n\n<h2 class=\"wp-block-heading\"><strong>Retornos sazonais movimentam vendas<\/strong><\/h2>\n\n\n\n<p>Desde que saiu do card\u00e1pio fixo, o McFish passou a aparecer em <strong>campanhas sazonais<\/strong>. Um dos retornos mais recentes ocorreu em <strong>2024<\/strong>, quando a rede chegou a vender vouchers antecipados para o lanche.<\/p>\n\n\n\n<p>Segundo o McDonald\u2019s, somente na pr\u00e9-venda o produto atingiu <strong>cerca de 5% do volume total de vendas esperado para toda a campanha<\/strong>, indicando o forte interesse do p\u00fablico.<\/p>\n\n\n\n<p>Naquele mesmo ano, a rede tamb\u00e9m lan\u00e7ou <strong>uma vers\u00e3o dupla do sandu\u00edche<\/strong>, com dois fil\u00e9s de peixe.<\/p>\n\n\n\n<p>Em 2025, o McFish voltou novamente ao menu por tempo limitado, refor\u00e7ando a estrat\u00e9gia de lan\u00e7amentos tempor\u00e1rios para manter o interesse dos consumidores.<\/p>\n\n\n\n<h2 class=\"wp-block-heading\"><strong>Base de f\u00e3s ativa nas redes sociais<\/strong><\/h2>\n\n\n\n<p>Mesmo fora do card\u00e1pio fixo, o sandu\u00edche mant\u00e9m uma <strong>comunidade ativa de admiradores<\/strong>. Nas redes sociais, p\u00e1ginas dedicadas \u00e0 campanha pela volta do lanche re\u00fanem milhares de seguidores.<\/p>\n\n\n\n<p>De acordo com o McDonald\u2019s, o McFish se transformou em um <strong>fen\u00f4meno entre os clientes da marca<\/strong>, que aguardam novas edi\u00e7\u00f5es do produto a cada temporada.<\/p>\n\n\n\n<p>Para 2026, a expectativa entre os consumidores \u00e9 de que o sandu\u00edche volte a aparecer novamente nas unidades da rede, ainda que <strong>por tempo limitado e enquanto durarem os estoques<\/strong>.<\/p>\n","protected":false},"excerpt":{"rendered":"<p>Um dos sandu\u00edches mais conhecidos do McDonald\u2019s, o McFish, deixou de fazer parte do card\u00e1pio fixo da rede no Brasil em 2019. A decis\u00e3o foi tomada ap\u00f3s an\u00e1lises internas que indicaram que a procura pelo produto n\u00e3o era suficiente para sustentar sua presen\u00e7a permanente nas lojas. Apesar da sa\u00edda do menu regular, o lanche continua [&hellip;]<\/p>\n","protected":false},"author":9,"featured_media":35476,"comment_status":"closed","ping_status":"closed","sticky":false,"template":"","format":"standard","meta":{"jnews-multi-image_gallery":[],"jnews_single_post":{"format":"standard"},"jnews_primary_category":[],"jnews_social_meta":[],"jnews_override_counter":[],"jnews_post_split":[],"footnotes":""},"categories":[1],"tags":[],"class_list":["post-38266","post","type-post","status-publish","format-standard","has-post-thumbnail","hentry","category-geral"],"_referencia":"","_links":{"self":[{"href":"https:\/\/diariodocomercio.com.br\/mix\/wp-json\/wp\/v2\/posts\/38266","targetHints":{"allow":["GET"]}}],"collection":[{"href":"https:\/\/diariodocomercio.com.br\/mix\/wp-json\/wp\/v2\/posts"}],"about":[{"href":"https:\/\/diariodocomercio.com.br\/mix\/wp-json\/wp\/v2\/types\/post"}],"author":[{"embeddable":true,"href":"https:\/\/diariodocomercio.com.br\/mix\/wp-json\/wp\/v2\/users\/9"}],"replies":[{"embeddable":true,"href":"https:\/\/diariodocomercio.com.br\/mix\/wp-json\/wp\/v2\/comments?post=38266"}],"version-history":[{"count":1,"href":"https:\/\/diariodocomercio.com.br\/mix\/wp-json\/wp\/v2\/posts\/38266\/revisions"}],"predecessor-version":[{"id":38268,"href":"https:\/\/diariodocomercio.com.br\/mix\/wp-json\/wp\/v2\/posts\/38266\/revisions\/38268"}],"wp:featuredmedia":[{"embeddable":true,"href":"https:\/\/diariodocomercio.com.br\/mix\/wp-json\/wp\/v2\/media\/35476"}],"wp:attachment":[{"href":"https:\/\/diariodocomercio.com.br\/mix\/wp-json\/wp\/v2\/media?parent=38266"}],"wp:term":[{"taxonomy":"category","embeddable":true,"href":"https:\/\/diariodocomercio.com.br\/mix\/wp-json\/wp\/v2\/categories?post=38266"},{"taxonomy":"post_tag","embeddable":true,"href":"https:\/\/diariodocomercio.com.br\/mix\/wp-json\/wp\/v2\/tags?post=38266"}],"curies":[{"name":"wp","href":"https:\/\/api.w.org\/{rel}","templated":true}]}}