{"id":38269,"date":"2026-03-12T18:03:07","date_gmt":"2026-03-12T21:03:07","guid":{"rendered":"https:\/\/diariodocomercio.com.br\/mix\/?p=38269"},"modified":"2026-03-12T18:03:10","modified_gmt":"2026-03-12T21:03:10","slug":"governo-publica-novo-comunicado-urgente-sobre-o-virus-nipah-no-brasil-em-marco","status":"publish","type":"post","link":"https:\/\/diariodocomercio.com.br\/mix\/governo-publica-novo-comunicado-urgente-sobre-o-virus-nipah-no-brasil-em-marco\/","title":{"rendered":"Governo publica novo comunicado urgente sobre o V\u00edrus Nipah no Brasil em mar\u00e7o"},"content":{"rendered":"\n<p>O Minist\u00e9rio da Sa\u00fade divulgou um comunicado oficial em mar\u00e7o para esclarecer informa\u00e7\u00f5es que circulam nas redes sociais sobre o v\u00edrus Nipah. Segundo a pasta, n\u00e3o h\u00e1 registros ou suspeitas da presen\u00e7a do v\u00edrus no Brasil, e a doen\u00e7a n\u00e3o representa risco imediato para a popula\u00e7\u00e3o brasileira.<\/p>\n\n\n\n<p>A manifesta\u00e7\u00e3o do governo ocorre ap\u00f3s o aumento de publica\u00e7\u00f5es e conte\u00fados alarmistas na internet que associam o v\u00edrus \u00e0 possibilidade de uma nova pandemia. O Minist\u00e9rio refor\u00e7a que o pa\u00eds mant\u00e9m <strong>protocolos permanentes de vigil\u00e2ncia epidemiol\u00f3gica<\/strong> para monitorar agentes infecciosos considerados de alto risco.<\/p>\n\n\n\n<p>O v\u00edrus Nipah foi identificado pela primeira vez no final da d\u00e9cada de 1990 e \u00e9 classificado como <strong>uma doen\u00e7a zoon\u00f3tica<\/strong>, ou seja, transmitida de animais para seres humanos.<\/p>\n\n\n\n<p>De acordo com a Organiza\u00e7\u00e3o Mundial da Sa\u00fade (OMS), a infec\u00e7\u00e3o apresenta <strong>taxa de letalidade que pode variar entre 40% e 75%<\/strong>, o que faz com que autoridades sanit\u00e1rias acompanhem com aten\u00e7\u00e3o eventuais surtos.<\/p>\n\n\n\n<p>Os principais hospedeiros naturais do v\u00edrus s\u00e3o <strong>morcegos do g\u00eanero <em>Pteropus<\/em><\/strong>, conhecidos como morcegos-frug\u00edvoros, que se alimentam de frutas. Esses animais <strong>n\u00e3o existem nas Am\u00e9ricas<\/strong>, o que reduz significativamente o risco de circula\u00e7\u00e3o do v\u00edrus no Brasil.<\/p>\n\n\n\n<h2 class=\"wp-block-heading\"><strong>Como ocorre a transmiss\u00e3o<\/strong><\/h2>\n\n\n\n<p>A transmiss\u00e3o para humanos ocorre, em geral, por <strong>contato direto com secre\u00e7\u00f5es de animais infectados<\/strong>, como saliva, urina ou fezes. Em alguns casos, a infec\u00e7\u00e3o tamb\u00e9m pode ocorrer por meio do consumo de <strong>alimentos contaminados<\/strong>, como frutas parcialmente ingeridas por morcegos ou seiva de palmeira crua.<\/p>\n\n\n\n<p>H\u00e1 registros de transmiss\u00e3o entre pessoas, principalmente em ambientes hospitalares ou em situa\u00e7\u00f5es de contato pr\u00f3ximo com pacientes infectados. No entanto, diferentemente de v\u00edrus respirat\u00f3rios como o coronav\u00edrus, <strong>a propaga\u00e7\u00e3o do Nipah costuma ser limitada<\/strong>, pois exige contato prolongado.<\/p>\n\n\n\n<p>Os sintomas iniciais da doen\u00e7a podem incluir <strong>febre, dor de cabe\u00e7a, dores musculares, n\u00e1useas e tosse<\/strong>. Em alguns casos, a infec\u00e7\u00e3o pode evoluir para <strong>complica\u00e7\u00f5es neurol\u00f3gicas graves<\/strong>, o que aumenta a preocupa\u00e7\u00e3o das autoridades de sa\u00fade em regi\u00f5es onde j\u00e1 houve surtos.<\/p>\n\n\n\n<p>Segundo o Minist\u00e9rio da Sa\u00fade, os casos registrados historicamente ocorreram principalmente em <strong>pa\u00edses do sul e sudeste da \u00c1sia<\/strong>, como \u00cdndia e Bangladesh.<\/p>\n\n\n\n<h2 class=\"wp-block-heading\"><strong>Vigil\u00e2ncia e preven\u00e7\u00e3o<\/strong><\/h2>\n\n\n\n<p>Apesar de n\u00e3o haver risco imediato no Brasil, o Minist\u00e9rio da Sa\u00fade destaca que o pa\u00eds mant\u00e9m <strong>monitoramento cont\u00ednuo em parceria com organismos internacionais<\/strong> para acompanhar a evolu\u00e7\u00e3o de doen\u00e7as emergentes.<\/p>\n\n\n\n<p>A pasta tamb\u00e9m orienta a popula\u00e7\u00e3o a manter <strong>medidas b\u00e1sicas de preven\u00e7\u00e3o<\/strong>, como higiene frequente das m\u00e3os, evitar contato com animais silvestres e buscar informa\u00e7\u00f5es apenas em canais oficiais.<\/p>\n\n\n\n<p>Ainda segundo o comunicado, o cen\u00e1rio atual refor\u00e7a a import\u00e2ncia de vigil\u00e2ncia constante diante do aumento das <strong>doen\u00e7as zoon\u00f3ticas<\/strong>, que podem surgir com maior frequ\u00eancia devido a fatores como desmatamento, mudan\u00e7as clim\u00e1ticas e maior contato entre humanos e fauna silvestre.<\/p>\n","protected":false},"excerpt":{"rendered":"<p>O Minist\u00e9rio da Sa\u00fade divulgou um comunicado oficial em mar\u00e7o para esclarecer informa\u00e7\u00f5es que circulam nas redes sociais sobre o v\u00edrus Nipah. Segundo a pasta, n\u00e3o h\u00e1 registros ou suspeitas da presen\u00e7a do v\u00edrus no Brasil, e a doen\u00e7a n\u00e3o representa risco imediato para a popula\u00e7\u00e3o brasileira. A manifesta\u00e7\u00e3o do governo ocorre ap\u00f3s o aumento [&hellip;]<\/p>\n","protected":false},"author":9,"featured_media":33265,"comment_status":"closed","ping_status":"closed","sticky":false,"template":"","format":"standard","meta":{"jnews-multi-image_gallery":[],"jnews_single_post":{"format":"standard"},"jnews_primary_category":[],"jnews_social_meta":[],"jnews_override_counter":[],"jnews_post_split":[],"footnotes":""},"categories":[1],"tags":[],"class_list":["post-38269","post","type-post","status-publish","format-standard","has-post-thumbnail","hentry","category-geral"],"_referencia":"","_links":{"self":[{"href":"https:\/\/diariodocomercio.com.br\/mix\/wp-json\/wp\/v2\/posts\/38269","targetHints":{"allow":["GET"]}}],"collection":[{"href":"https:\/\/diariodocomercio.com.br\/mix\/wp-json\/wp\/v2\/posts"}],"about":[{"href":"https:\/\/diariodocomercio.com.br\/mix\/wp-json\/wp\/v2\/types\/post"}],"author":[{"embeddable":true,"href":"https:\/\/diariodocomercio.com.br\/mix\/wp-json\/wp\/v2\/users\/9"}],"replies":[{"embeddable":true,"href":"https:\/\/diariodocomercio.com.br\/mix\/wp-json\/wp\/v2\/comments?post=38269"}],"version-history":[{"count":1,"href":"https:\/\/diariodocomercio.com.br\/mix\/wp-json\/wp\/v2\/posts\/38269\/revisions"}],"predecessor-version":[{"id":38271,"href":"https:\/\/diariodocomercio.com.br\/mix\/wp-json\/wp\/v2\/posts\/38269\/revisions\/38271"}],"wp:featuredmedia":[{"embeddable":true,"href":"https:\/\/diariodocomercio.com.br\/mix\/wp-json\/wp\/v2\/media\/33265"}],"wp:attachment":[{"href":"https:\/\/diariodocomercio.com.br\/mix\/wp-json\/wp\/v2\/media?parent=38269"}],"wp:term":[{"taxonomy":"category","embeddable":true,"href":"https:\/\/diariodocomercio.com.br\/mix\/wp-json\/wp\/v2\/categories?post=38269"},{"taxonomy":"post_tag","embeddable":true,"href":"https:\/\/diariodocomercio.com.br\/mix\/wp-json\/wp\/v2\/tags?post=38269"}],"curies":[{"name":"wp","href":"https:\/\/api.w.org\/{rel}","templated":true}]}}