{"id":38272,"date":"2026-03-15T17:03:00","date_gmt":"2026-03-15T20:03:00","guid":{"rendered":"https:\/\/diariodocomercio.com.br\/mix\/?p=38272"},"modified":"2026-03-12T18:13:04","modified_gmt":"2026-03-12T21:13:04","slug":"inss-paga-ate-r-105-mil-mensais-para-aposentados-com-bonus-adicional-autorizado-por-lei","status":"publish","type":"post","link":"https:\/\/diariodocomercio.com.br\/mix\/inss-paga-ate-r-105-mil-mensais-para-aposentados-com-bonus-adicional-autorizado-por-lei\/","title":{"rendered":"INSS paga at\u00e9 R$ 10,5 mil mensais para aposentados com b\u00f4nus adicional autorizado por lei"},"content":{"rendered":"\n<p>Alguns aposentados do Instituto Nacional do Seguro Social (INSS) podem receber at\u00e9 R$ 10.594,44 por m\u00eas em 2026. O valor resulta da soma entre o teto previdenci\u00e1rio atual, de R$ 8.475,55, e um acr\u00e9scimo de 25% previsto na legisla\u00e7\u00e3o brasileira para determinadas situa\u00e7\u00f5es.<\/p>\n\n\n\n<p>O benef\u00edcio adicional est\u00e1 previsto no artigo 45 da Lei n\u00ba 8.213\/1991, que regula os benef\u00edcios da Previd\u00eancia Social. A norma estabelece que aposentados por invalidez que necessitam de assist\u00eancia permanente de outra pessoa t\u00eam direito ao aumento no valor mensal da aposentadoria.<\/p>\n\n\n\n<p>De acordo com a legisla\u00e7\u00e3o, o acr\u00e9scimo \u00e9 destinado a segurados que recebem <strong>aposentadoria por invalidez<\/strong> e comprovam a necessidade de ajuda cont\u00ednua para atividades do dia a dia.<\/p>\n\n\n\n<p>Entre as situa\u00e7\u00f5es mais comuns est\u00e3o casos de pessoas com <strong>limita\u00e7\u00f5es graves de mobilidade, doen\u00e7as incapacitantes ou condi\u00e7\u00f5es que exigem cuidados permanentes<\/strong>.<\/p>\n\n\n\n<p>Um ponto espec\u00edfico da regra \u00e9 que, mesmo quando o benef\u00edcio j\u00e1 atinge o teto da Previd\u00eancia, <strong>o adicional pode fazer o valor ultrapassar esse limite<\/strong>, algo que n\u00e3o ocorre em outros tipos de benef\u00edcios previdenci\u00e1rios.<\/p>\n\n\n\n<h2 class=\"wp-block-heading\"><strong>O que acontece em caso de morte do benefici\u00e1rio<\/strong><\/h2>\n\n\n\n<p>Outra particularidade do adicional \u00e9 que ele <strong>n\u00e3o \u00e9 incorporado \u00e0 pens\u00e3o por morte<\/strong>. Caso o segurado venha a falecer, o valor extra deixa de existir na convers\u00e3o do benef\u00edcio para pens\u00e3o, pois a justificativa do acr\u00e9scimo est\u00e1 ligada \u00e0 necessidade de assist\u00eancia pessoal do aposentado.<\/p>\n\n\n\n<h2 class=\"wp-block-heading\"><strong>Valores atualizados da Previd\u00eancia<\/strong><\/h2>\n\n\n\n<p>Em 2026, o <strong>sal\u00e1rio m\u00ednimo nacional foi fixado em R$ 1.621<\/strong>, valor que serve de base para milh\u00f5es de benef\u00edcios pagos pelo INSS. Atualmente, cerca de <strong>21,9 milh\u00f5es de segurados recebem o piso previdenci\u00e1rio<\/strong>, enquanto mais de <strong>12,2 milh\u00f5es de benef\u00edcios t\u00eam valor superior ao m\u00ednimo<\/strong>.<\/p>\n\n\n\n<p>A portaria que atualizou os valores tamb\u00e9m definiu que o <strong>sal\u00e1rio de contribui\u00e7\u00e3o e o sal\u00e1rio de benef\u00edcio n\u00e3o podem ser inferiores a R$ 1.621 nem superiores a R$ 8.475,55<\/strong> neste ano.<\/p>\n\n\n\n<p>As al\u00edquotas de contribui\u00e7\u00e3o dos trabalhadores empregados, dom\u00e9sticos e avulsos foram atualizadas e seguem quatro faixas salariais:<\/p>\n\n\n\n<ul class=\"wp-block-list\">\n<li>7,5% para quem ganha at\u00e9 R$ 1.621<\/li>\n\n\n\n<li>9% para sal\u00e1rios entre R$ 1.621,01 e R$ 2.902,84<\/li>\n\n\n\n<li>12% para rendimentos entre R$ 2.902,85 e R$ 4.354,27<\/li>\n\n\n\n<li>14% para sal\u00e1rios de R$ 4.354,28 at\u00e9 R$ 8.475,55<\/li>\n<\/ul>\n\n\n\n<p>Os recolhimentos s\u00e3o feitos sempre no m\u00eas seguinte ao per\u00edodo trabalhado, conforme o calend\u00e1rio de contribui\u00e7\u00e3o da Previd\u00eancia.<\/p>\n","protected":false},"excerpt":{"rendered":"<p>Alguns aposentados do Instituto Nacional do Seguro Social (INSS) podem receber at\u00e9 R$ 10.594,44 por m\u00eas em 2026. O valor resulta da soma entre o teto previdenci\u00e1rio atual, de R$ 8.475,55, e um acr\u00e9scimo de 25% previsto na legisla\u00e7\u00e3o brasileira para determinadas situa\u00e7\u00f5es. O benef\u00edcio adicional est\u00e1 previsto no artigo 45 da Lei n\u00ba 8.213\/1991, [&hellip;]<\/p>\n","protected":false},"author":9,"featured_media":5556,"comment_status":"closed","ping_status":"closed","sticky":false,"template":"","format":"standard","meta":{"jnews-multi-image_gallery":[],"jnews_single_post":{"format":"standard"},"jnews_primary_category":[],"jnews_social_meta":[],"jnews_override_counter":[],"jnews_post_split":[],"footnotes":""},"categories":[1],"tags":[],"class_list":["post-38272","post","type-post","status-publish","format-standard","has-post-thumbnail","hentry","category-geral"],"_referencia":"","_links":{"self":[{"href":"https:\/\/diariodocomercio.com.br\/mix\/wp-json\/wp\/v2\/posts\/38272","targetHints":{"allow":["GET"]}}],"collection":[{"href":"https:\/\/diariodocomercio.com.br\/mix\/wp-json\/wp\/v2\/posts"}],"about":[{"href":"https:\/\/diariodocomercio.com.br\/mix\/wp-json\/wp\/v2\/types\/post"}],"author":[{"embeddable":true,"href":"https:\/\/diariodocomercio.com.br\/mix\/wp-json\/wp\/v2\/users\/9"}],"replies":[{"embeddable":true,"href":"https:\/\/diariodocomercio.com.br\/mix\/wp-json\/wp\/v2\/comments?post=38272"}],"version-history":[{"count":1,"href":"https:\/\/diariodocomercio.com.br\/mix\/wp-json\/wp\/v2\/posts\/38272\/revisions"}],"predecessor-version":[{"id":38274,"href":"https:\/\/diariodocomercio.com.br\/mix\/wp-json\/wp\/v2\/posts\/38272\/revisions\/38274"}],"wp:featuredmedia":[{"embeddable":true,"href":"https:\/\/diariodocomercio.com.br\/mix\/wp-json\/wp\/v2\/media\/5556"}],"wp:attachment":[{"href":"https:\/\/diariodocomercio.com.br\/mix\/wp-json\/wp\/v2\/media?parent=38272"}],"wp:term":[{"taxonomy":"category","embeddable":true,"href":"https:\/\/diariodocomercio.com.br\/mix\/wp-json\/wp\/v2\/categories?post=38272"},{"taxonomy":"post_tag","embeddable":true,"href":"https:\/\/diariodocomercio.com.br\/mix\/wp-json\/wp\/v2\/tags?post=38272"}],"curies":[{"name":"wp","href":"https:\/\/api.w.org\/{rel}","templated":true}]}}