{"id":38275,"date":"2026-03-15T18:06:00","date_gmt":"2026-03-15T21:06:00","guid":{"rendered":"https:\/\/diariodocomercio.com.br\/mix\/?p=38275"},"modified":"2026-03-12T18:23:27","modified_gmt":"2026-03-12T21:23:27","slug":"pessoas-elegantes-geralmente-trocam-o-nao-por-essa-frase-ao-recusar-convites","status":"publish","type":"post","link":"https:\/\/diariodocomercio.com.br\/mix\/pessoas-elegantes-geralmente-trocam-o-nao-por-essa-frase-ao-recusar-convites\/","title":{"rendered":"Pessoas elegantes geralmente trocam o \u201cn\u00e3o\u201d por essa frase ao recusar convites"},"content":{"rendered":"\n<p>Dizer \u201cn\u00e3o\u201d pode ser um desafio para muitas pessoas, especialmente quando a inten\u00e7\u00e3o \u00e9 evitar constrangimentos ou conflitos. No entanto, especialistas em comportamento social apontam que indiv\u00edduos considerados mais elegantes e diplom\u00e1ticos costumam substituir a negativa direta por <strong>frases educadas e claras<\/strong>, capazes de recusar convites sem prejudicar relacionamentos.<\/p>\n\n\n\n<p>Entre as express\u00f5es mais utilizadas est\u00e1 a frase: <strong>\u201cAgrade\u00e7o muito o convite, mas vou precisar recusar desta vez.\u201d<\/strong> A estrutura demonstra gratid\u00e3o pelo convite ao mesmo tempo em que comunica a indisponibilidade de forma respeitosa.<\/p>\n\n\n\n<p>Segundo especialistas em comunica\u00e7\u00e3o, a estrat\u00e9gia ajuda a estabelecer limites pessoais sem parecer rude ou indiferente.<\/p>\n\n\n\n<p>De acordo com estudiosos da \u00e1rea de comportamento, muitas pessoas t\u00eam dificuldade em dizer \u201cn\u00e3o\u201d por medo de decepcionar amigos, familiares ou colegas de trabalho. O problema \u00e9 que aceitar compromissos contra a pr\u00f3pria vontade pode gerar sobrecarga e frustra\u00e7\u00e3o.<\/p>\n\n\n\n<p>A recomenda\u00e7\u00e3o \u00e9 que cada pessoa identifique <strong>suas prioridades e valores pessoais<\/strong> antes mesmo de receber convites ou pedidos. Com objetivos mais claros, torna-se mais f\u00e1cil decidir quais compromissos aceitar e quais recusar.<\/p>\n\n\n\n<p>Especialistas destacam que dizer \u201cn\u00e3o\u201d tamb\u00e9m pode ser uma forma de proteger tempo e energia para atividades consideradas realmente importantes.<\/p>\n\n\n\n<h2 class=\"wp-block-heading\"><strong>Como recusar convites de forma educada<\/strong><\/h2>\n\n\n\n<p>Al\u00e9m da frase mais comum, existem outras formas educadas de recusar compromissos sem causar desconforto. Entre elas est\u00e3o:<\/p>\n\n\n\n<ul class=\"wp-block-list\">\n<li>\u201cAgrade\u00e7o por lembrar de mim, mas n\u00e3o poderei participar desta vez.\u201d<\/li>\n\n\n\n<li>\u201cEu adoraria ir, mas j\u00e1 tenho um compromisso nesse dia.\u201d<\/li>\n\n\n\n<li>\u201cO convite parece \u00f3timo, mas infelizmente n\u00e3o poderei comparecer.\u201d<\/li>\n\n\n\n<li>\u201cFico honrado pelo convite, mas minha agenda est\u00e1 cheia no momento.\u201d<\/li>\n<\/ul>\n\n\n\n<p>Essas respostas demonstram considera\u00e7\u00e3o pela outra pessoa ao mesmo tempo em que deixam claro que a participa\u00e7\u00e3o n\u00e3o ser\u00e1 poss\u00edvel.<\/p>\n\n\n\n<h2 class=\"wp-block-heading\"><strong>Clareza evita mal-entendidos<\/strong><\/h2>\n\n\n\n<p>Especialistas tamb\u00e9m alertam que respostas muito vagas podem gerar interpreta\u00e7\u00f5es equivocadas. Frases como \u201cvou tentar\u201d ou \u201ctalvez outra hora\u201d podem levar quem fez o convite a insistir novamente.<\/p>\n\n\n\n<p>Por isso, a recomenda\u00e7\u00e3o \u00e9 combinar <strong>gentileza com clareza<\/strong>, evitando explica\u00e7\u00f5es longas ou justificativas excessivas.<\/p>\n\n\n\n<p>Outro ponto importante \u00e9 responder aos convites <strong>em tempo adequado<\/strong>, sem deixar a outra pessoa esperando uma decis\u00e3o. A resposta r\u00e1pida demonstra respeito e facilita o planejamento de quem fez o convite.<\/p>\n","protected":false},"excerpt":{"rendered":"<p>Dizer \u201cn\u00e3o\u201d pode ser um desafio para muitas pessoas, especialmente quando a inten\u00e7\u00e3o \u00e9 evitar constrangimentos ou conflitos. No entanto, especialistas em comportamento social apontam que indiv\u00edduos considerados mais elegantes e diplom\u00e1ticos costumam substituir a negativa direta por frases educadas e claras, capazes de recusar convites sem prejudicar relacionamentos. Entre as express\u00f5es mais utilizadas est\u00e1 [&hellip;]<\/p>\n","protected":false},"author":9,"featured_media":38277,"comment_status":"closed","ping_status":"closed","sticky":false,"template":"","format":"standard","meta":{"jnews-multi-image_gallery":[],"jnews_single_post":{"format":"standard"},"jnews_primary_category":[],"jnews_social_meta":[],"jnews_override_counter":[],"jnews_post_split":[],"footnotes":""},"categories":[1],"tags":[],"class_list":["post-38275","post","type-post","status-publish","format-standard","has-post-thumbnail","hentry","category-geral"],"_referencia":"","_links":{"self":[{"href":"https:\/\/diariodocomercio.com.br\/mix\/wp-json\/wp\/v2\/posts\/38275","targetHints":{"allow":["GET"]}}],"collection":[{"href":"https:\/\/diariodocomercio.com.br\/mix\/wp-json\/wp\/v2\/posts"}],"about":[{"href":"https:\/\/diariodocomercio.com.br\/mix\/wp-json\/wp\/v2\/types\/post"}],"author":[{"embeddable":true,"href":"https:\/\/diariodocomercio.com.br\/mix\/wp-json\/wp\/v2\/users\/9"}],"replies":[{"embeddable":true,"href":"https:\/\/diariodocomercio.com.br\/mix\/wp-json\/wp\/v2\/comments?post=38275"}],"version-history":[{"count":1,"href":"https:\/\/diariodocomercio.com.br\/mix\/wp-json\/wp\/v2\/posts\/38275\/revisions"}],"predecessor-version":[{"id":38278,"href":"https:\/\/diariodocomercio.com.br\/mix\/wp-json\/wp\/v2\/posts\/38275\/revisions\/38278"}],"wp:featuredmedia":[{"embeddable":true,"href":"https:\/\/diariodocomercio.com.br\/mix\/wp-json\/wp\/v2\/media\/38277"}],"wp:attachment":[{"href":"https:\/\/diariodocomercio.com.br\/mix\/wp-json\/wp\/v2\/media?parent=38275"}],"wp:term":[{"taxonomy":"category","embeddable":true,"href":"https:\/\/diariodocomercio.com.br\/mix\/wp-json\/wp\/v2\/categories?post=38275"},{"taxonomy":"post_tag","embeddable":true,"href":"https:\/\/diariodocomercio.com.br\/mix\/wp-json\/wp\/v2\/tags?post=38275"}],"curies":[{"name":"wp","href":"https:\/\/api.w.org\/{rel}","templated":true}]}}