{"id":38299,"date":"2026-03-12T19:59:58","date_gmt":"2026-03-12T22:59:58","guid":{"rendered":"https:\/\/diariodocomercio.com.br\/mix\/?p=38299"},"modified":"2026-03-12T20:00:00","modified_gmt":"2026-03-12T23:00:00","slug":"adeus-uber-black-nova-categoria-premium-foi-criada-e-vai-oferecer-servicos-exclusivos-para-passageiros","status":"publish","type":"post","link":"https:\/\/diariodocomercio.com.br\/mix\/adeus-uber-black-nova-categoria-premium-foi-criada-e-vai-oferecer-servicos-exclusivos-para-passageiros\/","title":{"rendered":"Adeus, Uber Black: nova categoria premium foi criada e vai oferecer servi\u00e7os exclusivos para passageiros"},"content":{"rendered":"\n<p>A <strong>Uber <\/strong>apresentou o <strong>Uber Elite, <\/strong>uma nova plataforma de transporte que promete redefinir o conceito de servi\u00e7o premium no segmento corporativo. Lan\u00e7ada em mar\u00e7o de 2026, a iniciativa come\u00e7ou sua opera\u00e7\u00e3o em Los Angeles e S\u00e3o Francisco, com planos de expans\u00e3o para Nova York em breve.\u00a0<\/p>\n\n\n\n<p>A proposta \u00e9 oferecer mais que o Uber Black, garantindo exclusividade e conforto incompar\u00e1veis.<\/p>\n\n\n\n<p>O servi\u00e7o inclui o uso de ve\u00edculos de luxo, conduzidos por motoristas altamente experientes. Essa aposta da Uber busca captar o interesse de empresas que priorizam viagens corporativas seguras e \u00e1geis, aumentando a competitividade em rela\u00e7\u00e3o a outros servi\u00e7os, como o Lyft.<\/p>\n\n\n\n<h2 class=\"wp-block-heading\">Funcionalidades exclusivas do Uber Elite<\/h2>\n\n\n\n<p>Os clientes ganham a possibilidade de se comunicar com seus motoristas antes do in\u00edcio da corrida. Isso permite que todos os detalhes da viagem sejam ajustados previamente. A frota inclui ve\u00edculos de prest\u00edgio, como Cadillac Escalade, proporcionando uma experi\u00eancia diferenciada.<\/p>\n\n\n\n<p>Al\u00e9m de ve\u00edculos de luxo, o Uber Elite oferece amenidades como \u00e1gua engarrafada e len\u00e7os de higieniza\u00e7\u00e3o. O aplicativo tamb\u00e9m inclui funcionalidades para aumentar a seguran\u00e7a dos usu\u00e1rios em emerg\u00eancias.<\/p>\n\n\n\n<h2 class=\"wp-block-heading\">Foco no mercado corporativo<\/h2>\n\n\n\n<p>O objetivo da Uber com o Uber Elite \u00e9 consolidar sua participa\u00e7\u00e3o no setor de luxo corporativo. Este mercado movimenta cifras significativas e impulsiona a necessidade por servi\u00e7os que combinem seguran\u00e7a, agilidade e personaliza\u00e7\u00e3o.<\/p>\n\n\n\n<p>O Uber Elite permite a reserva de corridas com at\u00e9 90 dias de anteced\u00eancia, incluindo a solicita\u00e7\u00e3o de itens espec\u00edficos, como bebidas, atrav\u00e9s do aplicativo. Essa capacidade de personaliza\u00e7\u00e3o foi destacada para competir diretamente com op\u00e7\u00f5es premium de concorrentes.<\/p>\n","protected":false},"excerpt":{"rendered":"<p>A proposta \u00e9 oferecer mais que o Uber Black, garantindo exclusividade e conforto incompar\u00e1veis.<\/p>\n","protected":false},"author":12,"featured_media":25469,"comment_status":"closed","ping_status":"closed","sticky":false,"template":"","format":"standard","meta":{"jnews-multi-image_gallery":[],"jnews_single_post":{"format":"standard"},"jnews_primary_category":[],"jnews_social_meta":[],"jnews_override_counter":[],"jnews_post_split":[],"footnotes":""},"categories":[1],"tags":[],"class_list":["post-38299","post","type-post","status-publish","format-standard","has-post-thumbnail","hentry","category-geral"],"_referencia":"","_links":{"self":[{"href":"https:\/\/diariodocomercio.com.br\/mix\/wp-json\/wp\/v2\/posts\/38299","targetHints":{"allow":["GET"]}}],"collection":[{"href":"https:\/\/diariodocomercio.com.br\/mix\/wp-json\/wp\/v2\/posts"}],"about":[{"href":"https:\/\/diariodocomercio.com.br\/mix\/wp-json\/wp\/v2\/types\/post"}],"author":[{"embeddable":true,"href":"https:\/\/diariodocomercio.com.br\/mix\/wp-json\/wp\/v2\/users\/12"}],"replies":[{"embeddable":true,"href":"https:\/\/diariodocomercio.com.br\/mix\/wp-json\/wp\/v2\/comments?post=38299"}],"version-history":[{"count":1,"href":"https:\/\/diariodocomercio.com.br\/mix\/wp-json\/wp\/v2\/posts\/38299\/revisions"}],"predecessor-version":[{"id":38300,"href":"https:\/\/diariodocomercio.com.br\/mix\/wp-json\/wp\/v2\/posts\/38299\/revisions\/38300"}],"wp:featuredmedia":[{"embeddable":true,"href":"https:\/\/diariodocomercio.com.br\/mix\/wp-json\/wp\/v2\/media\/25469"}],"wp:attachment":[{"href":"https:\/\/diariodocomercio.com.br\/mix\/wp-json\/wp\/v2\/media?parent=38299"}],"wp:term":[{"taxonomy":"category","embeddable":true,"href":"https:\/\/diariodocomercio.com.br\/mix\/wp-json\/wp\/v2\/categories?post=38299"},{"taxonomy":"post_tag","embeddable":true,"href":"https:\/\/diariodocomercio.com.br\/mix\/wp-json\/wp\/v2\/tags?post=38299"}],"curies":[{"name":"wp","href":"https:\/\/api.w.org\/{rel}","templated":true}]}}