{"id":38301,"date":"2026-03-12T20:22:00","date_gmt":"2026-03-12T23:22:00","guid":{"rendered":"https:\/\/diariodocomercio.com.br\/mix\/?p=38301"},"modified":"2026-03-12T20:13:20","modified_gmt":"2026-03-12T23:13:20","slug":"estudantes-de-15-estados-poderao-sacar-ate-r-3-200-a-partir-de-23-03","status":"publish","type":"post","link":"https:\/\/diariodocomercio.com.br\/mix\/estudantes-de-15-estados-poderao-sacar-ate-r-3-200-a-partir-de-23-03\/","title":{"rendered":"Estudantes de 15 estados poder\u00e3o sacar at\u00e9 R$ 3.200 a partir de 23\/03"},"content":{"rendered":"\n<p>O programa <strong>P\u00e9-de-Meia<\/strong>, iniciativa do governo federal, est\u00e1 programado para beneficiar jovens que conclu\u00edram o ensino m\u00e9dio em 2025. O pagamento de R$ 3 mil, previsto para ocorrer at\u00e9 mar\u00e7o de 2026, ser\u00e1 creditado de acordo com a ordem de envio dos dados das redes de ensino ao Minist\u00e9rio da Educa\u00e7\u00e3o (MEC). A conclus\u00e3o do programa pode se estender at\u00e9 junho, devido a atrasos na comunica\u00e7\u00e3o dos dados.<\/p>\n\n\n\n<p>Os participantes s\u00e3o brasileiros rec\u00e9m-formados no ensino m\u00e9dio que atenderam a crit\u00e9rios espec\u00edficos, como n\u00e3o terem sido reprovados e terem realizado o Enem. Dependendo das informa\u00e7\u00f5es recebidas pelo MEC, os pagamentos ocorrer\u00e3o em diferentes per\u00edodos ao longo de 2026.<\/p>\n\n\n\n<p><strong>O valor pode chegar a R$ 3.200:<\/strong><\/p>\n\n\n\n<ul class=\"wp-block-list\">\n<li>R$ 1 mil a todos que terminaram o ensino m\u00e9dio em 2025, somando mais R$ 2 mil referentes aos dois anos anteriores do ensino;<\/li>\n\n\n\n<li>R$ 200 aos concluintes que prestaram a \u00faltima edi\u00e7\u00e3o do Enem e compareceram aos dois dias de prova.<\/li>\n<\/ul>\n\n\n\n<h2 class=\"wp-block-heading\">Progresso nos estados<\/h2>\n\n\n\n<p>At\u00e9 mar\u00e7o, estados como Alagoas e Amazonas j\u00e1 haviam creditado os valores a grande parte dos benefici\u00e1rios. Na Bahia, 246 mil alunos receberam o incentivo, enquanto outros 95 mil aguardam at\u00e9 30 de mar\u00e7o. No Rio Grande do Norte, 88% dos alunos foram pagos. No Maranh\u00e3o, o processo segue at\u00e9 junho.<\/p>\n\n\n\n<p>Estados em que o pagamento cair\u00e1 entre 23 e 30 de mar\u00e7o:<\/p>\n\n\n\n<ol class=\"wp-block-list\">\n<li>Acre<\/li>\n\n\n\n<li>Cear\u00e1<\/li>\n\n\n\n<li>Esp\u00edrito Santo<\/li>\n\n\n\n<li>Goi\u00e1s<\/li>\n\n\n\n<li>Mato Grosso<\/li>\n\n\n\n<li>Mato Grosso do Sul<\/li>\n\n\n\n<li>Par\u00e1<\/li>\n\n\n\n<li>Paran\u00e1<\/li>\n\n\n\n<li>Pernambuco<\/li>\n\n\n\n<li>Piau\u00ed (os que foram enviados em 28\/01 receberam)<\/li>\n\n\n\n<li>Roraima<\/li>\n\n\n\n<li>S\u00e3o Paulo<\/li>\n\n\n\n<li>Sergipe<\/li>\n\n\n\n<li>Cerca de metade dos alunos do Tocantins<\/li>\n\n\n\n<li>95 mil alunos da Bahia<\/li>\n<\/ol>\n\n\n\n<p>Estudantes de outros estados receberam o pagamento at\u00e9 5 de mar\u00e7o.<\/p>\n\n\n\n<h2 class=\"wp-block-heading\">Desafios restantes<\/h2>\n\n\n\n<p>Alguns estados, como Santa Catarina e Rond\u00f4nia, n\u00e3o enviaram informa\u00e7\u00f5es ao governo federal at\u00e9 o momento, comprometendo as datas finais de pagamento. Em resposta, o MEC solicitou urg\u00eancia na entrega desses dados para evitar maiores atrasos.<\/p>\n\n\n\n<p>As pr\u00f3ximas fases do cronograma s\u00e3o essenciais para assegurar que todos os jovens eleg\u00edveis recebam o incentivo financeiro. O sucesso do programa depende da efici\u00eancia das redes de ensino em fornecer informa\u00e7\u00f5es corretas e pontuais.<\/p>\n\n\n\n<p>At\u00e9 o momento, as janelas de pagamento permanecem como oportunidades vi\u00e1veis para completar o processo dentro do prazo estipulado pelo governo.&nbsp;<\/p>\n","protected":false},"excerpt":{"rendered":"<p>Lista completa foi divulgada. Confira quais s\u00e3o.<\/p>\n","protected":false},"author":12,"featured_media":10659,"comment_status":"closed","ping_status":"closed","sticky":false,"template":"","format":"standard","meta":{"jnews-multi-image_gallery":[],"jnews_single_post":{"format":"standard"},"jnews_primary_category":[],"jnews_social_meta":[],"jnews_override_counter":[],"jnews_post_split":[],"footnotes":""},"categories":[1],"tags":[],"class_list":["post-38301","post","type-post","status-publish","format-standard","has-post-thumbnail","hentry","category-geral"],"_referencia":"","_links":{"self":[{"href":"https:\/\/diariodocomercio.com.br\/mix\/wp-json\/wp\/v2\/posts\/38301","targetHints":{"allow":["GET"]}}],"collection":[{"href":"https:\/\/diariodocomercio.com.br\/mix\/wp-json\/wp\/v2\/posts"}],"about":[{"href":"https:\/\/diariodocomercio.com.br\/mix\/wp-json\/wp\/v2\/types\/post"}],"author":[{"embeddable":true,"href":"https:\/\/diariodocomercio.com.br\/mix\/wp-json\/wp\/v2\/users\/12"}],"replies":[{"embeddable":true,"href":"https:\/\/diariodocomercio.com.br\/mix\/wp-json\/wp\/v2\/comments?post=38301"}],"version-history":[{"count":1,"href":"https:\/\/diariodocomercio.com.br\/mix\/wp-json\/wp\/v2\/posts\/38301\/revisions"}],"predecessor-version":[{"id":38303,"href":"https:\/\/diariodocomercio.com.br\/mix\/wp-json\/wp\/v2\/posts\/38301\/revisions\/38303"}],"wp:featuredmedia":[{"embeddable":true,"href":"https:\/\/diariodocomercio.com.br\/mix\/wp-json\/wp\/v2\/media\/10659"}],"wp:attachment":[{"href":"https:\/\/diariodocomercio.com.br\/mix\/wp-json\/wp\/v2\/media?parent=38301"}],"wp:term":[{"taxonomy":"category","embeddable":true,"href":"https:\/\/diariodocomercio.com.br\/mix\/wp-json\/wp\/v2\/categories?post=38301"},{"taxonomy":"post_tag","embeddable":true,"href":"https:\/\/diariodocomercio.com.br\/mix\/wp-json\/wp\/v2\/tags?post=38301"}],"curies":[{"name":"wp","href":"https:\/\/api.w.org\/{rel}","templated":true}]}}