{"id":38304,"date":"2026-03-12T20:46:00","date_gmt":"2026-03-12T23:46:00","guid":{"rendered":"https:\/\/diariodocomercio.com.br\/mix\/?p=38304"},"modified":"2026-03-12T20:24:10","modified_gmt":"2026-03-12T23:24:10","slug":"o-que-significa-a-frase-do-fisico-stephen-hawking-as-pessoas-tranquilas-e-silenciosas-sao-as-que-possuem-as-mentes-mais-fortes-e-barulhentas","status":"publish","type":"post","link":"https:\/\/diariodocomercio.com.br\/mix\/o-que-significa-a-frase-do-fisico-stephen-hawking-as-pessoas-tranquilas-e-silenciosas-sao-as-que-possuem-as-mentes-mais-fortes-e-barulhentas\/","title":{"rendered":"O que significa a frase do f\u00edsico Stephen Hawking: \u201cAs pessoas tranquilas e silenciosas s\u00e3o as que possuem as mentes mais fortes e barulhentas\u201d"},"content":{"rendered":"\n<p><strong>Stephen Hawking,<\/strong> renomado f\u00edsico te\u00f3rico brit\u00e2nico, provou que uma mente poderosa pode superar os desafios mais formid\u00e1veis da vida. Diagnosticado com Esclerose Lateral Amiotr\u00f3fica (ELA) em 1963, aos 21 anos, Hawking recebeu uma expectativa de vida de apenas dois anos.<\/p>\n\n\n\n<p>Entretanto, contra todas as expectativas m\u00e9dicas, ele viveu at\u00e9 14 de mar\u00e7o de 2018, atingindo <strong>76 anos. <\/strong>Hawking conduziu suas pesquisas principalmente na Universidade de Cambridge, Reino Unido, e se tornou um \u00edcone global tanto por suas contribui\u00e7\u00f5es cient\u00edficas quanto por sua extraordin\u00e1ria resili\u00eancia.<\/p>\n\n\n\n<p>Hawking acreditava que mentes tranquilas possuem um poder transformador. Ele defendia que indiv\u00edduos introvertidos t\u00eam a capacidade de processar informa\u00e7\u00f5es e desenvolver ideias complexas longe dos holofotes. <em>\u201cAs pessoas tranquilas e silenciosas s\u00e3o as que possuem as mentes mais fortes e barulhentas\u201d, <\/em>declarou.<\/p>\n\n\n\n<p>Essa vis\u00e3o n\u00e3o apenas valorizou a introspec\u00e7\u00e3o, mas tamb\u00e9m destacou a import\u00e2ncia de um ambiente sem distra\u00e7\u00f5es para o desenvolvimento de novas teorias cient\u00edficas.<\/p>\n\n\n\n<h2 class=\"wp-block-heading\">Ci\u00eancia por tr\u00e1s das mentes introspectivas<\/h2>\n\n\n\n<p>Estudos indicam que introvertidos podem apresentar diferen\u00e7as anat\u00f4micas no c\u00e9rebro. Pesquisas mostram associa\u00e7\u00f5es entre introvers\u00e3o e espessura da mat\u00e9ria cinzenta, assim como atividade intensa nos lobos frontais. Essas caracter\u00edsticas contribuem para um alto n\u00edvel de foco e an\u00e1lise cr\u00edtica, essenciais para inova\u00e7\u00f5es cient\u00edficas.<\/p>\n\n\n\n<p>Hawking utilizou essas qualidades para explorar campos complexos dentro da f\u00edsica te\u00f3rica. Seu trabalho sobre buracos negros e cosmologia se beneficiou dessa abordagem introspectiva, permitindo que ele desenvolvesse teorias inovadoras.<\/p>\n\n\n\n<p>A vida de Stephen Hawking \u00e9 um exemplo de supera\u00e7\u00e3o e persist\u00eancia. Sua resili\u00eancia inspira outros a aceitarem suas diferen\u00e7as e valorizarem caracter\u00edsticas \u00fanicas. A c\u00e9lebre frase de Hawking destaca como o sil\u00eancio pode ser um terreno f\u00e9rtil para a criatividade e a inova\u00e7\u00e3o.<\/p>\n","protected":false},"excerpt":{"rendered":"<p>Hawking acreditava que mentes tranquilas possuem um poder transformador. <\/p>\n","protected":false},"author":12,"featured_media":11136,"comment_status":"closed","ping_status":"closed","sticky":false,"template":"","format":"standard","meta":{"jnews-multi-image_gallery":[],"jnews_single_post":{"format":"standard"},"jnews_primary_category":[],"jnews_social_meta":[],"jnews_override_counter":[],"jnews_post_split":[],"footnotes":""},"categories":[1],"tags":[],"class_list":["post-38304","post","type-post","status-publish","format-standard","has-post-thumbnail","hentry","category-geral"],"_referencia":"","_links":{"self":[{"href":"https:\/\/diariodocomercio.com.br\/mix\/wp-json\/wp\/v2\/posts\/38304","targetHints":{"allow":["GET"]}}],"collection":[{"href":"https:\/\/diariodocomercio.com.br\/mix\/wp-json\/wp\/v2\/posts"}],"about":[{"href":"https:\/\/diariodocomercio.com.br\/mix\/wp-json\/wp\/v2\/types\/post"}],"author":[{"embeddable":true,"href":"https:\/\/diariodocomercio.com.br\/mix\/wp-json\/wp\/v2\/users\/12"}],"replies":[{"embeddable":true,"href":"https:\/\/diariodocomercio.com.br\/mix\/wp-json\/wp\/v2\/comments?post=38304"}],"version-history":[{"count":1,"href":"https:\/\/diariodocomercio.com.br\/mix\/wp-json\/wp\/v2\/posts\/38304\/revisions"}],"predecessor-version":[{"id":38305,"href":"https:\/\/diariodocomercio.com.br\/mix\/wp-json\/wp\/v2\/posts\/38304\/revisions\/38305"}],"wp:featuredmedia":[{"embeddable":true,"href":"https:\/\/diariodocomercio.com.br\/mix\/wp-json\/wp\/v2\/media\/11136"}],"wp:attachment":[{"href":"https:\/\/diariodocomercio.com.br\/mix\/wp-json\/wp\/v2\/media?parent=38304"}],"wp:term":[{"taxonomy":"category","embeddable":true,"href":"https:\/\/diariodocomercio.com.br\/mix\/wp-json\/wp\/v2\/categories?post=38304"},{"taxonomy":"post_tag","embeddable":true,"href":"https:\/\/diariodocomercio.com.br\/mix\/wp-json\/wp\/v2\/tags?post=38304"}],"curies":[{"name":"wp","href":"https:\/\/api.w.org\/{rel}","templated":true}]}}