{"id":38311,"date":"2026-03-12T21:31:00","date_gmt":"2026-03-13T00:31:00","guid":{"rendered":"https:\/\/diariodocomercio.com.br\/mix\/?p=38311"},"modified":"2026-03-12T20:52:55","modified_gmt":"2026-03-12T23:52:55","slug":"adeus-diabetes-anvisa-aprova-remedio-que-pode-por-fim-na-doenca","status":"publish","type":"post","link":"https:\/\/diariodocomercio.com.br\/mix\/adeus-diabetes-anvisa-aprova-remedio-que-pode-por-fim-na-doenca\/","title":{"rendered":"Adeus, diabetes: Anvisa aprova rem\u00e9dio que pode p\u00f4r fim na doen\u00e7a"},"content":{"rendered":"\n<p>A Ag\u00eancia Nacional de Vigil\u00e2ncia Sanit\u00e1ria (Anvisa) aprovou em mar\u00e7o de 2026 o <strong>Tzield\u00ae <\/strong>(teplizumabe), um medicamento inovador com potencial para adiar o desenvolvimento do <strong>diabetes tipo 1.<\/strong> Esse tratamento \u00e9 especialmente relevante para crian\u00e7as e adolescentes no Brasil, grupo mais afetado por esta condi\u00e7\u00e3o.<\/p>\n\n\n\n<p>O medicamento atua modulando a resposta imunol\u00f3gica e retardando a destrui\u00e7\u00e3o das c\u00e9lulas pancre\u00e1ticas, essenciais na produ\u00e7\u00e3o de insulina.<\/p>\n\n\n\n<p>O Tzield\u00ae surge como uma solu\u00e7\u00e3o promissora, interferindo na resposta imunol\u00f3gica para proteger as c\u00e9lulas pancre\u00e1ticas. Estudos indicam que o medicamento pode retardar a progress\u00e3o para o est\u00e1gio cr\u00edtico do diabetes, onde a insulina se torna necess\u00e1ria.<\/p>\n\n\n\n<p>Dessa forma, pacientes poderiam postergar a necessidade de tratamento com insulina ex\u00f3gena, melhorando sua qualidade de vida.<\/p>\n\n\n\n<p>O diabetes tipo 1 \u00e9 uma doen\u00e7a autoimune que afeta significativamente a vida dos acometidos, especialmente na inf\u00e2ncia e adolesc\u00eancia. A introdu\u00e7\u00e3o do Tzield\u00ae no tratamento busca oferecer um controle mais eficaz da doen\u00e7a, destacando-se como um avan\u00e7o significativo na sa\u00fade p\u00fablica.<\/p>\n\n\n\n<h2 class=\"wp-block-heading\">Conex\u00e3o entre sono e diabetes<\/h2>\n\n\n\n<p>A rela\u00e7\u00e3o entre qualidade do sono e controle do diabetes \u00e9 outro ponto de interesse. Estudos comprovam que um sono adequado pode melhorar a resist\u00eancia \u00e0 insulina e otimizar o controle glic\u00eamico.<\/p>\n\n\n\n<p>Isso \u00e9 especialmente relevante enquanto medicamentos como o Tzield\u00ae come\u00e7am a ser utilizados, pois h\u00e1bitos saud\u00e1veis complementam o tratamento medicinal na gest\u00e3o do diabetes.<\/p>\n\n\n\n<h2 class=\"wp-block-heading\">Benef\u00edcios para crian\u00e7as e adolescentes<\/h2>\n\n\n\n<p>Para crian\u00e7as e adolescentes, a perspectiva de adiar o desenvolvimento do diabetes tipo 1 significa mais liberdade e menos restri\u00e7\u00f5es durante uma fase crucial da vida.<\/p>\n\n\n\n<p>A interven\u00e7\u00e3o precoce pode minimizar futuras complica\u00e7\u00f5es de sa\u00fade, como problemas card\u00edacos e renais, oferecendo a esses jovens maior controle sobre sua sa\u00fade a longo prazo.<\/p>\n","protected":false},"excerpt":{"rendered":"<p>O medicamento atua modulando a resposta imunol\u00f3gica.<\/p>\n","protected":false},"author":12,"featured_media":17226,"comment_status":"closed","ping_status":"closed","sticky":false,"template":"","format":"standard","meta":{"jnews-multi-image_gallery":[],"jnews_single_post":{"format":"standard"},"jnews_primary_category":[],"jnews_social_meta":[],"jnews_override_counter":[],"jnews_post_split":[],"footnotes":""},"categories":[1],"tags":[],"class_list":["post-38311","post","type-post","status-publish","format-standard","has-post-thumbnail","hentry","category-geral"],"_referencia":"","_links":{"self":[{"href":"https:\/\/diariodocomercio.com.br\/mix\/wp-json\/wp\/v2\/posts\/38311","targetHints":{"allow":["GET"]}}],"collection":[{"href":"https:\/\/diariodocomercio.com.br\/mix\/wp-json\/wp\/v2\/posts"}],"about":[{"href":"https:\/\/diariodocomercio.com.br\/mix\/wp-json\/wp\/v2\/types\/post"}],"author":[{"embeddable":true,"href":"https:\/\/diariodocomercio.com.br\/mix\/wp-json\/wp\/v2\/users\/12"}],"replies":[{"embeddable":true,"href":"https:\/\/diariodocomercio.com.br\/mix\/wp-json\/wp\/v2\/comments?post=38311"}],"version-history":[{"count":3,"href":"https:\/\/diariodocomercio.com.br\/mix\/wp-json\/wp\/v2\/posts\/38311\/revisions"}],"predecessor-version":[{"id":38314,"href":"https:\/\/diariodocomercio.com.br\/mix\/wp-json\/wp\/v2\/posts\/38311\/revisions\/38314"}],"wp:featuredmedia":[{"embeddable":true,"href":"https:\/\/diariodocomercio.com.br\/mix\/wp-json\/wp\/v2\/media\/17226"}],"wp:attachment":[{"href":"https:\/\/diariodocomercio.com.br\/mix\/wp-json\/wp\/v2\/media?parent=38311"}],"wp:term":[{"taxonomy":"category","embeddable":true,"href":"https:\/\/diariodocomercio.com.br\/mix\/wp-json\/wp\/v2\/categories?post=38311"},{"taxonomy":"post_tag","embeddable":true,"href":"https:\/\/diariodocomercio.com.br\/mix\/wp-json\/wp\/v2\/tags?post=38311"}],"curies":[{"name":"wp","href":"https:\/\/api.w.org\/{rel}","templated":true}]}}