{"id":38315,"date":"2026-03-12T21:52:00","date_gmt":"2026-03-13T00:52:00","guid":{"rendered":"https:\/\/diariodocomercio.com.br\/mix\/?p=38315"},"modified":"2026-03-12T21:16:07","modified_gmt":"2026-03-13T00:16:07","slug":"mansao-em-que-daniel-vorcaro-vivia-em-brasilia-vale-r-36-milhoes-e-conta-com-17-mil-metros-quadrados-de-area-construida","status":"publish","type":"post","link":"https:\/\/diariodocomercio.com.br\/mix\/mansao-em-que-daniel-vorcaro-vivia-em-brasilia-vale-r-36-milhoes-e-conta-com-17-mil-metros-quadrados-de-area-construida\/","title":{"rendered":"Mans\u00e3o em que Daniel Vorcaro vivia em Bras\u00edlia vale R$ 36 milh\u00f5es e conta com 1,7 mil metros quadrados de \u00e1rea constru\u00edda"},"content":{"rendered":"\n<p>Dentro dos bastidores de Bras\u00edlia, uma mans\u00e3o de R$ 36 milh\u00f5es no Lago Sul \u00e9 um centro de reuni\u00f5es pol\u00edticas. O banqueiro <strong>Daniel Vorcaro<\/strong>, acusado de envolvimento em fraudes financeiras, usou a propriedade para encontros de alto n\u00edvel. Jantares reuniram importantes pol\u00edticos.<\/p>\n\n\n\n<p>Localizada em um condom\u00ednio fechado, a luxuosa resid\u00eancia foi projetada pelo Studio Hub em 2012. Com <strong>1.700 metros quadrados de \u00e1rea constru\u00edda<\/strong> e <strong>4.300 metros quadrados de \u00e1rea privativa<\/strong>, ela foi palco de grandes encontros.\u00a0<\/p>\n\n\n<div class=\"wp-block-image\">\n<figure class=\"aligncenter size-full is-resized\"><img decoding=\"async\" width=\"768\" height=\"512\" src=\"https:\/\/diariodocomercio.com.br\/mix\/wp-content\/uploads\/2026\/03\/mansao-volcaro-master-moraes02.webp\" alt=\"\" class=\"wp-image-38317\" style=\"width:519px;height:auto\" srcset=\"https:\/\/diariodocomercio.com.br\/mix\/wp-content\/uploads\/2026\/03\/mansao-volcaro-master-moraes02.webp 768w, https:\/\/diariodocomercio.com.br\/mix\/wp-content\/uploads\/2026\/03\/mansao-volcaro-master-moraes02-300x200.webp 300w, https:\/\/diariodocomercio.com.br\/mix\/wp-content\/uploads\/2026\/03\/mansao-volcaro-master-moraes02-150x100.webp 150w, https:\/\/diariodocomercio.com.br\/mix\/wp-content\/uploads\/2026\/03\/mansao-volcaro-master-moraes02-750x500.webp 750w\" sizes=\"(max-width: 768px) 100vw, 768px\" \/><figcaption class=\"wp-element-caption\">Foto: Divulga\u00e7\u00e3o \/ StudioHub Arquitetura<\/figcaption><\/figure>\n<\/div>\n\n\n<p>A resid\u00eancia n\u00e3o atrai apenas pela presen\u00e7a de poderosos. O interesse tamb\u00e9m vem das investiga\u00e7\u00f5es em torno de Vorcaro.&nbsp;<\/p>\n\n\n\n<h2 class=\"wp-block-heading\">Investiga\u00e7\u00f5es contra Vorcaro<\/h2>\n\n\n\n<p>Em novembro de 2025, Vorcaro foi preso pela Opera\u00e7\u00e3o Compliance Zero. A opera\u00e7\u00e3o investiga fraudes com t\u00edtulos de cr\u00e9dito falsos. Vorcaro foi pego tentando deixar o Brasil.&nbsp;<\/p>\n\n\n\n<p>Essas deten\u00e7\u00f5es s\u00e3o um cap\u00edtulo dentro de investiga\u00e7\u00f5es maiores. O futuro de Vorcaro e suas rela\u00e7\u00f5es na elite pol\u00edtica continuam sob avalia\u00e7\u00e3o judicial. Com um processo em andamento em 2026, as expectativas incluem decis\u00f5es importantes sobre suas pr\u00e1ticas e conex\u00f5es.<\/p>\n\n\n\n<p>Com o desdobrar das investiga\u00e7\u00f5es, o cen\u00e1rio pol\u00edtico no ambiente exclusivo da mans\u00e3o continua chamando aten\u00e7\u00e3o. O caso de Daniel Vorcaro \u00e9 seguido de perto pela Justi\u00e7a. As investiga\u00e7\u00f5es continuam ao longo de 2026, e ele segue preso em Bras\u00edlia.<\/p>\n","protected":false},"excerpt":{"rendered":"<p>Localizada em um condom\u00ednio fechado, a luxuosa resid\u00eancia foi projetada pelo Studio Hub em 2012. <\/p>\n","protected":false},"author":12,"featured_media":38316,"comment_status":"closed","ping_status":"closed","sticky":false,"template":"","format":"standard","meta":{"jnews-multi-image_gallery":[],"jnews_single_post":{"format":"standard"},"jnews_primary_category":[],"jnews_social_meta":[],"jnews_override_counter":[],"jnews_post_split":[],"footnotes":""},"categories":[1],"tags":[],"class_list":["post-38315","post","type-post","status-publish","format-standard","has-post-thumbnail","hentry","category-geral"],"_referencia":"","_links":{"self":[{"href":"https:\/\/diariodocomercio.com.br\/mix\/wp-json\/wp\/v2\/posts\/38315","targetHints":{"allow":["GET"]}}],"collection":[{"href":"https:\/\/diariodocomercio.com.br\/mix\/wp-json\/wp\/v2\/posts"}],"about":[{"href":"https:\/\/diariodocomercio.com.br\/mix\/wp-json\/wp\/v2\/types\/post"}],"author":[{"embeddable":true,"href":"https:\/\/diariodocomercio.com.br\/mix\/wp-json\/wp\/v2\/users\/12"}],"replies":[{"embeddable":true,"href":"https:\/\/diariodocomercio.com.br\/mix\/wp-json\/wp\/v2\/comments?post=38315"}],"version-history":[{"count":1,"href":"https:\/\/diariodocomercio.com.br\/mix\/wp-json\/wp\/v2\/posts\/38315\/revisions"}],"predecessor-version":[{"id":38318,"href":"https:\/\/diariodocomercio.com.br\/mix\/wp-json\/wp\/v2\/posts\/38315\/revisions\/38318"}],"wp:featuredmedia":[{"embeddable":true,"href":"https:\/\/diariodocomercio.com.br\/mix\/wp-json\/wp\/v2\/media\/38316"}],"wp:attachment":[{"href":"https:\/\/diariodocomercio.com.br\/mix\/wp-json\/wp\/v2\/media?parent=38315"}],"wp:term":[{"taxonomy":"category","embeddable":true,"href":"https:\/\/diariodocomercio.com.br\/mix\/wp-json\/wp\/v2\/categories?post=38315"},{"taxonomy":"post_tag","embeddable":true,"href":"https:\/\/diariodocomercio.com.br\/mix\/wp-json\/wp\/v2\/tags?post=38315"}],"curies":[{"name":"wp","href":"https:\/\/api.w.org\/{rel}","templated":true}]}}