{"id":38319,"date":"2026-03-15T21:01:00","date_gmt":"2026-03-16T00:01:00","guid":{"rendered":"https:\/\/diariodocomercio.com.br\/mix\/?p=38319"},"modified":"2026-03-12T21:24:57","modified_gmt":"2026-03-13T00:24:57","slug":"nova-lei-mesmo-se-perder-as-eleicoes-lula-vai-abrir-2027-na-presidencia-da-republica","status":"publish","type":"post","link":"https:\/\/diariodocomercio.com.br\/mix\/nova-lei-mesmo-se-perder-as-eleicoes-lula-vai-abrir-2027-na-presidencia-da-republica\/","title":{"rendered":"Nova lei: mesmo se perder as elei\u00e7\u00f5es, Lula vai abrir 2027 na presid\u00eancia da Rep\u00fablica"},"content":{"rendered":"\n<p>O Brasil implementou uma mudan\u00e7a significativa nas <strong>datas de posse<\/strong> para o presidente e governadores. A partir de 2027, as posses ocorrer\u00e3o em <strong>5 de janeiro para o presidente<\/strong> eleito e em <strong>6 de janeiro para os governadores<\/strong> eleitos. Isso significa que, mesmo que o presidente Lula perca a reelei\u00e7\u00e3o em 2026, continuar\u00e1 por 4 dias de 2027 no cargo.<\/p>\n\n\n\n<p>Essa altera\u00e7\u00e3o foi estabelecida ap\u00f3s a aprova\u00e7\u00e3o da Emenda Constitucional n\u00ba 111 pelo Congresso Nacional em 2021. O objetivo principal \u00e9 evitar conflitos com as festas de fim de ano e melhorar a presen\u00e7a das autoridades nas cerim\u00f4nias. Tradicionalmente, as posses ocorriam em 1\u00ba de janeiro desde a Constitui\u00e7\u00e3o de 1988.<\/p>\n\n\n\n<p>As novas datas de posse representam um avan\u00e7o log\u00edstico no calend\u00e1rio pol\u00edtico brasileiro. A mudan\u00e7a assegura que autoridades possam participar das cerim\u00f4nias sem a sobreposi\u00e7\u00e3o de datas.<\/p>\n\n\n\n<p>O presidente assume o cargo em Bras\u00edlia, enquanto os governadores tomam posse em suas respectivas capitais. O ajuste nas datas promete elevar a organiza\u00e7\u00e3o e o simbolismo dos eventos, garantindo maior participa\u00e7\u00e3o e visibilidade para as lideran\u00e7as pol\u00edticas.<\/p>\n\n\n\n<h2 class=\"wp-block-heading\">Contexto hist\u00f3rico<\/h2>\n\n\n\n<p>Desde 1989, dia 1\u00ba de janeiro foi o marco oficial para a transfer\u00eancia de poder, conforme definido pela Constitui\u00e7\u00e3o de 1988. No entanto, a sobreposi\u00e7\u00e3o com as celebra\u00e7\u00f5es de Ano Novo frequentemente resultava na aus\u00eancia de governadores na posse presidencial.<\/p>\n\n\n\n<p>Com a nova emenda, essa situa\u00e7\u00e3o ser\u00e1 evitada, permitindo maior integra\u00e7\u00e3o e coopera\u00e7\u00e3o entre as lideran\u00e7as estaduais e federal.<\/p>\n\n\n\n<p>Al\u00e9m disso, a modifica\u00e7\u00e3o das datas de posse busca oferecer tempo adequado para que as autoridades eleitas possam se preparar e conduzir uma transi\u00e7\u00e3o mais eficiente. As cerim\u00f4nias de posse para presidente e governadores agora ganhar\u00e3o destaque individual.&nbsp;<\/p>\n","protected":false},"excerpt":{"rendered":"<p>O Brasil implementou uma mudan\u00e7a significativa. Confira detalhes.<\/p>\n","protected":false},"author":12,"featured_media":28673,"comment_status":"closed","ping_status":"closed","sticky":false,"template":"","format":"standard","meta":{"jnews-multi-image_gallery":[],"jnews_single_post":{"format":"standard"},"jnews_primary_category":[],"jnews_social_meta":[],"jnews_override_counter":[],"jnews_post_split":[],"footnotes":""},"categories":[1],"tags":[],"class_list":["post-38319","post","type-post","status-publish","format-standard","has-post-thumbnail","hentry","category-geral"],"_referencia":"","_links":{"self":[{"href":"https:\/\/diariodocomercio.com.br\/mix\/wp-json\/wp\/v2\/posts\/38319","targetHints":{"allow":["GET"]}}],"collection":[{"href":"https:\/\/diariodocomercio.com.br\/mix\/wp-json\/wp\/v2\/posts"}],"about":[{"href":"https:\/\/diariodocomercio.com.br\/mix\/wp-json\/wp\/v2\/types\/post"}],"author":[{"embeddable":true,"href":"https:\/\/diariodocomercio.com.br\/mix\/wp-json\/wp\/v2\/users\/12"}],"replies":[{"embeddable":true,"href":"https:\/\/diariodocomercio.com.br\/mix\/wp-json\/wp\/v2\/comments?post=38319"}],"version-history":[{"count":1,"href":"https:\/\/diariodocomercio.com.br\/mix\/wp-json\/wp\/v2\/posts\/38319\/revisions"}],"predecessor-version":[{"id":38320,"href":"https:\/\/diariodocomercio.com.br\/mix\/wp-json\/wp\/v2\/posts\/38319\/revisions\/38320"}],"wp:featuredmedia":[{"embeddable":true,"href":"https:\/\/diariodocomercio.com.br\/mix\/wp-json\/wp\/v2\/media\/28673"}],"wp:attachment":[{"href":"https:\/\/diariodocomercio.com.br\/mix\/wp-json\/wp\/v2\/media?parent=38319"}],"wp:term":[{"taxonomy":"category","embeddable":true,"href":"https:\/\/diariodocomercio.com.br\/mix\/wp-json\/wp\/v2\/categories?post=38319"},{"taxonomy":"post_tag","embeddable":true,"href":"https:\/\/diariodocomercio.com.br\/mix\/wp-json\/wp\/v2\/tags?post=38319"}],"curies":[{"name":"wp","href":"https:\/\/api.w.org\/{rel}","templated":true}]}}