{"id":38322,"date":"2026-03-14T08:34:00","date_gmt":"2026-03-14T11:34:00","guid":{"rendered":"https:\/\/diariodocomercio.com.br\/mix\/?p=38322"},"modified":"2026-03-13T08:06:29","modified_gmt":"2026-03-13T11:06:29","slug":"bolsa-familia-anuncia-condicao-exclusiva-para-adicionar-r-15000-ao-pagamento-de-marco","status":"publish","type":"post","link":"https:\/\/diariodocomercio.com.br\/mix\/bolsa-familia-anuncia-condicao-exclusiva-para-adicionar-r-15000-ao-pagamento-de-marco\/","title":{"rendered":"Bolsa Fam\u00edlia anuncia condi\u00e7\u00e3o exclusiva para adicionar R$ 150,00 ao pagamento de mar\u00e7o"},"content":{"rendered":"\n<p>Fam\u00edlias inscritas no <strong>Bolsa Fam\u00edlia<\/strong> poder\u00e3o receber <strong>um adicional de R$ 150 no pagamento de mar\u00e7o<\/strong>, desde que cumpram uma condi\u00e7\u00e3o espec\u00edfica prevista nas regras do programa. O valor extra \u00e9 destinado aos benefici\u00e1rios que possuem <strong>crian\u00e7as de at\u00e9 seis anos de idade no n\u00facleo familiar<\/strong>.<\/p>\n\n\n\n<p>O pagamento faz parte do <strong>Benef\u00edcio Primeira Inf\u00e2ncia (BPI)<\/strong>, componente do programa federal voltado \u00e0 prote\u00e7\u00e3o e ao desenvolvimento de crian\u00e7as pequenas. O adicional \u00e9 pago <strong>por crian\u00e7a<\/strong>, o que significa que fam\u00edlias com mais de um filho nessa faixa et\u00e1ria podem receber valores maiores.<\/p>\n\n\n\n<p>O Benef\u00edcio Primeira Inf\u00e2ncia foi incorporado ao novo formato do Bolsa Fam\u00edlia em <strong>2023<\/strong>, quando o programa passou por reformula\u00e7\u00f5es e ampliou o n\u00famero de fam\u00edlias atendidas em todo o pa\u00eds.<\/p>\n\n\n\n<p>Segundo o <strong>Minist\u00e9rio do Desenvolvimento e Assist\u00eancia Social, Fam\u00edlia e Combate \u00e0 Fome (MDS)<\/strong>, o objetivo do pagamento extra \u00e9 garantir melhores condi\u00e7\u00f5es de alimenta\u00e7\u00e3o, sa\u00fade e desenvolvimento para crian\u00e7as nos primeiros anos de vida.<\/p>\n\n\n\n<p>De acordo com o governo federal, o Bolsa Fam\u00edlia tamb\u00e9m inclui <strong>um valor base por fam\u00edlia de R$ 600<\/strong>, al\u00e9m de benef\u00edcios complementares de acordo com a composi\u00e7\u00e3o familiar.<\/p>\n\n\n\n<h2 class=\"wp-block-heading\"><strong>Outros adicionais previstos no programa<\/strong><\/h2>\n\n\n\n<p>Al\u00e9m do pagamento de <strong>R$ 150 por crian\u00e7a de at\u00e9 seis anos<\/strong>, o programa prev\u00ea outros valores extras para determinados perfis de benefici\u00e1rios.<\/p>\n\n\n\n<p>Entre eles est\u00e3o:<\/p>\n\n\n\n<ul class=\"wp-block-list\">\n<li><strong>R$ 50 adicionais<\/strong> para gestantes<\/li>\n\n\n\n<li><strong>R$ 50 para nutrizes<\/strong> (m\u00e3es com beb\u00eas de at\u00e9 seis meses)<\/li>\n\n\n\n<li><strong>R$ 50 para crian\u00e7as e adolescentes entre sete e 18 anos incompletos<\/strong><\/li>\n<\/ul>\n\n\n\n<p>Esses valores s\u00e3o somados ao benef\u00edcio m\u00ednimo do programa, que continua sendo de <strong>R$ 600 por fam\u00edlia<\/strong>.<\/p>\n\n\n\n<h2 class=\"wp-block-heading\"><strong>Regras de sa\u00fade e educa\u00e7\u00e3o continuam obrigat\u00f3rias<\/strong><\/h2>\n\n\n\n<p>Para continuar recebendo o Bolsa Fam\u00edlia, as fam\u00edlias precisam cumprir <strong>condicionalidades nas \u00e1reas de sa\u00fade e educa\u00e7\u00e3o<\/strong>.<\/p>\n\n\n\n<p>Entre as exig\u00eancias est\u00e3o:<\/p>\n\n\n\n<ul class=\"wp-block-list\">\n<li>manter <strong>crian\u00e7as com vacina\u00e7\u00e3o em dia<\/strong><\/li>\n\n\n\n<li>realizar <strong>acompanhamento nutricional<\/strong> de crian\u00e7as menores de sete anos<\/li>\n\n\n\n<li>garantir que <strong>gestantes fa\u00e7am o pr\u00e9-natal<\/strong><\/li>\n\n\n\n<li>assegurar a <strong>frequ\u00eancia escolar m\u00ednima<\/strong> de crian\u00e7as e adolescentes<\/li>\n<\/ul>\n\n\n\n<p>A presen\u00e7a escolar exigida \u00e9 de <strong>60% para crian\u00e7as de quatro a seis anos<\/strong> e <strong>75% para estudantes entre seis e 18 anos que ainda n\u00e3o conclu\u00edram a educa\u00e7\u00e3o b\u00e1sica<\/strong>.<\/p>\n\n\n\n<h2 class=\"wp-block-heading\"><strong>Impacto no combate \u00e0 pobreza infantil<\/strong><\/h2>\n\n\n\n<p>Dados do Cadastro \u00danico indicam que <strong>cerca de 10 milh\u00f5es de crian\u00e7as brasileiras de zero a seis anos<\/strong> est\u00e3o registradas em programas sociais do governo federal.<\/p>\n\n\n\n<p>Estudos realizados pelo Minist\u00e9rio do Desenvolvimento Social em parceria com a <strong>Funda\u00e7\u00e3o Maria Cecilia Souto Vidigal<\/strong> em 2024 apontam que pol\u00edticas de transfer\u00eancia de renda, como o Bolsa Fam\u00edlia, ajudam a reduzir significativamente a pobreza na primeira inf\u00e2ncia.<\/p>\n\n\n\n<p>Segundo o levantamento, sem esse tipo de programa, <strong>milh\u00f5es de crian\u00e7as a mais poderiam estar em situa\u00e7\u00e3o de pobreza ou extrema pobreza no pa\u00eds<\/strong>.<\/p>\n","protected":false},"excerpt":{"rendered":"<p>Fam\u00edlias inscritas no Bolsa Fam\u00edlia poder\u00e3o receber um adicional de R$ 150 no pagamento de mar\u00e7o, desde que cumpram uma condi\u00e7\u00e3o espec\u00edfica prevista nas regras do programa. O valor extra \u00e9 destinado aos benefici\u00e1rios que possuem crian\u00e7as de at\u00e9 seis anos de idade no n\u00facleo familiar. O pagamento faz parte do Benef\u00edcio Primeira Inf\u00e2ncia (BPI), [&hellip;]<\/p>\n","protected":false},"author":9,"featured_media":23426,"comment_status":"closed","ping_status":"closed","sticky":false,"template":"","format":"standard","meta":{"jnews-multi-image_gallery":[],"jnews_single_post":{"format":"standard"},"jnews_primary_category":[],"jnews_social_meta":[],"jnews_override_counter":[],"jnews_post_split":[],"footnotes":""},"categories":[1],"tags":[],"class_list":["post-38322","post","type-post","status-publish","format-standard","has-post-thumbnail","hentry","category-geral"],"_referencia":"","_links":{"self":[{"href":"https:\/\/diariodocomercio.com.br\/mix\/wp-json\/wp\/v2\/posts\/38322","targetHints":{"allow":["GET"]}}],"collection":[{"href":"https:\/\/diariodocomercio.com.br\/mix\/wp-json\/wp\/v2\/posts"}],"about":[{"href":"https:\/\/diariodocomercio.com.br\/mix\/wp-json\/wp\/v2\/types\/post"}],"author":[{"embeddable":true,"href":"https:\/\/diariodocomercio.com.br\/mix\/wp-json\/wp\/v2\/users\/9"}],"replies":[{"embeddable":true,"href":"https:\/\/diariodocomercio.com.br\/mix\/wp-json\/wp\/v2\/comments?post=38322"}],"version-history":[{"count":2,"href":"https:\/\/diariodocomercio.com.br\/mix\/wp-json\/wp\/v2\/posts\/38322\/revisions"}],"predecessor-version":[{"id":38326,"href":"https:\/\/diariodocomercio.com.br\/mix\/wp-json\/wp\/v2\/posts\/38322\/revisions\/38326"}],"wp:featuredmedia":[{"embeddable":true,"href":"https:\/\/diariodocomercio.com.br\/mix\/wp-json\/wp\/v2\/media\/23426"}],"wp:attachment":[{"href":"https:\/\/diariodocomercio.com.br\/mix\/wp-json\/wp\/v2\/media?parent=38322"}],"wp:term":[{"taxonomy":"category","embeddable":true,"href":"https:\/\/diariodocomercio.com.br\/mix\/wp-json\/wp\/v2\/categories?post=38322"},{"taxonomy":"post_tag","embeddable":true,"href":"https:\/\/diariodocomercio.com.br\/mix\/wp-json\/wp\/v2\/tags?post=38322"}],"curies":[{"name":"wp","href":"https:\/\/api.w.org\/{rel}","templated":true}]}}