{"id":38327,"date":"2026-03-13T08:26:45","date_gmt":"2026-03-13T11:26:45","guid":{"rendered":"https:\/\/diariodocomercio.com.br\/mix\/?p=38327"},"modified":"2026-03-13T08:26:47","modified_gmt":"2026-03-13T11:26:47","slug":"flavio-bolsonaro-define-nome-forte-para-ser-o-seu-vice-presidente-nas-eleicoes-de-2026","status":"publish","type":"post","link":"https:\/\/diariodocomercio.com.br\/mix\/flavio-bolsonaro-define-nome-forte-para-ser-o-seu-vice-presidente-nas-eleicoes-de-2026\/","title":{"rendered":"Fl\u00e1vio Bolsonaro define nome forte para ser o seu vice-presidente nas elei\u00e7\u00f5es de 2026"},"content":{"rendered":"\n<p>O senador <strong>Fl\u00e1vio Bolsonaro (PL-RJ)<\/strong> iniciou articula\u00e7\u00f5es para definir um poss\u00edvel nome para a vice-presid\u00eancia em sua chapa nas <strong>elei\u00e7\u00f5es de 2026<\/strong>. Um dos nomes discutidos nas negocia\u00e7\u00f5es pol\u00edticas \u00e9 o do <strong>governador do Paran\u00e1, Ratinho J\u00fanior (PSD)<\/strong>, considerado uma lideran\u00e7a forte no cen\u00e1rio nacional.<\/p>\n\n\n\n<p>O assunto foi tratado em uma reuni\u00e3o realizada nesta quarta-feira (11), em Bras\u00edlia, entre o senador <strong>Rog\u00e9rio Marinho (PL-RN)<\/strong>, que coordena a campanha de Fl\u00e1vio Bolsonaro, e o governador paranaense.<\/p>\n\n\n\n<p>Durante o encontro, segundo interlocutores, foi sugerida a possibilidade de <strong>Ratinho J\u00fanior abrir m\u00e3o de uma eventual candidatura pr\u00f3pria ao Pal\u00e1cio do Planalto para compor como vice na chapa do PL<\/strong>.<\/p>\n\n\n\n<p>De acordo com aliados ouvidos por ve\u00edculos de imprensa, <strong>Ratinho J\u00fanior rejeitou a proposta<\/strong> e deixou claro que pretende continuar trabalhando para viabilizar a pr\u00f3pria candidatura \u00e0 Presid\u00eancia da Rep\u00fablica.<\/p>\n\n\n\n<p>A defini\u00e7\u00e3o sobre quem ser\u00e1 o candidato do <strong>PSD ao Planalto<\/strong> deve ocorrer em reuni\u00e3o da sigla prevista para <strong>25 de mar\u00e7o<\/strong>.<\/p>\n\n\n\n<p>Apesar da recusa, lideran\u00e7as pol\u00edticas afirmam que a reuni\u00e3o teve como objetivo <strong>manter aberto o canal de di\u00e1logo entre o PL e o PSD<\/strong>, partidos considerados estrat\u00e9gicos nas articula\u00e7\u00f5es eleitorais para 2026.<\/p>\n\n\n\n<figure class=\"wp-block-image size-large\"><img decoding=\"async\" width=\"1200\" height=\"900\" src=\"https:\/\/diariodocomercio.com.br\/mix\/wp-content\/uploads\/2026\/03\/image-111-1200x900.png\" alt=\"\" class=\"wp-image-38332\" srcset=\"https:\/\/diariodocomercio.com.br\/mix\/wp-content\/uploads\/2026\/03\/image-111-1200x900.png 1200w, https:\/\/diariodocomercio.com.br\/mix\/wp-content\/uploads\/2026\/03\/image-111-300x225.png 300w, https:\/\/diariodocomercio.com.br\/mix\/wp-content\/uploads\/2026\/03\/image-111-768x576.png 768w, https:\/\/diariodocomercio.com.br\/mix\/wp-content\/uploads\/2026\/03\/image-111-150x113.png 150w, https:\/\/diariodocomercio.com.br\/mix\/wp-content\/uploads\/2026\/03\/image-111-750x563.png 750w, https:\/\/diariodocomercio.com.br\/mix\/wp-content\/uploads\/2026\/03\/image-111-1140x855.png 1140w, https:\/\/diariodocomercio.com.br\/mix\/wp-content\/uploads\/2026\/03\/image-111.png 1212w\" sizes=\"(max-width: 1200px) 100vw, 1200px\" \/><figcaption class=\"wp-element-caption\">Ratinho J\u00fanior (Reprodu\u00e7\u00e3o\/AEN)<\/figcaption><\/figure>\n\n\n\n<h2 class=\"wp-block-heading\"><strong>Alian\u00e7as estaduais entram nas negocia\u00e7\u00f5es<\/strong><\/h2>\n\n\n\n<p>Durante a conversa, Ratinho J\u00fanior tamb\u00e9m relembrou acordos pol\u00edticos firmados nas elei\u00e7\u00f5es municipais de <strong>2024 em Curitiba<\/strong>, quando o PL indicou o vice-prefeito na chapa apoiada por seu grupo pol\u00edtico.<\/p>\n\n\n\n<p>Segundo o governador, o entendimento firmado naquele momento previa <strong>apoio do PL ao candidato indicado por ele ao governo do Paran\u00e1 em 2026<\/strong>, enquanto o partido lan\u00e7aria o deputado federal <strong>Filipe Barros (PL)<\/strong> como candidato ao Senado.<\/p>\n\n\n\n<p>Aliados afirmam que uma tentativa de pressionar pela desist\u00eancia da candidatura presidencial poderia <strong>dificultar a constru\u00e7\u00e3o de alian\u00e7as futuras<\/strong>.<\/p>\n\n\n\n<h2 class=\"wp-block-heading\"><strong>Plano alternativo envolve Sergio Moro<\/strong><\/h2>\n\n\n\n<p>Enquanto tenta avan\u00e7ar nas negocia\u00e7\u00f5es com Ratinho J\u00fanior, o entorno de Fl\u00e1vio Bolsonaro tamb\u00e9m avalia <strong>alternativas pol\u00edticas no Paran\u00e1<\/strong> caso a alian\u00e7a n\u00e3o se concretize.<\/p>\n\n\n\n<p>Uma das possibilidades discutidas dentro do PL seria <strong>apoiar o senador Sergio Moro (Uni\u00e3o Brasil)<\/strong> em uma eventual disputa pelo governo estadual, garantindo um palanque competitivo para a campanha presidencial no estado.<\/p>\n\n\n\n<p>Um encontro entre Fl\u00e1vio Bolsonaro e Moro est\u00e1 previsto para ocorrer nos pr\u00f3ximos dias.<\/p>\n\n\n\n<p>Mesmo diante das diverg\u00eancias, interlocutores das duas legendas afirmam que <strong>a tend\u00eancia ainda \u00e9 manter algum n\u00edvel de converg\u00eancia pol\u00edtica<\/strong>, j\u00e1 que o PSD \u00e9 considerado um dos partidos mais estrat\u00e9gicos para alian\u00e7as nacionais, devido \u00e0 sua presen\u00e7a em diversos estados e ao tempo de televis\u00e3o nas campanhas eleitorais.<\/p>\n","protected":false},"excerpt":{"rendered":"<p>O senador Fl\u00e1vio Bolsonaro (PL-RJ) iniciou articula\u00e7\u00f5es para definir um poss\u00edvel nome para a vice-presid\u00eancia em sua chapa nas elei\u00e7\u00f5es de 2026. Um dos nomes discutidos nas negocia\u00e7\u00f5es pol\u00edticas \u00e9 o do governador do Paran\u00e1, Ratinho J\u00fanior (PSD), considerado uma lideran\u00e7a forte no cen\u00e1rio nacional. O assunto foi tratado em uma reuni\u00e3o realizada nesta quarta-feira [&hellip;]<\/p>\n","protected":false},"author":9,"featured_media":28460,"comment_status":"closed","ping_status":"closed","sticky":false,"template":"","format":"standard","meta":{"jnews-multi-image_gallery":[],"jnews_single_post":{"format":"standard"},"jnews_primary_category":[],"jnews_social_meta":[],"jnews_override_counter":[],"jnews_post_split":[],"footnotes":""},"categories":[1],"tags":[],"class_list":["post-38327","post","type-post","status-publish","format-standard","has-post-thumbnail","hentry","category-geral"],"_referencia":"","_links":{"self":[{"href":"https:\/\/diariodocomercio.com.br\/mix\/wp-json\/wp\/v2\/posts\/38327","targetHints":{"allow":["GET"]}}],"collection":[{"href":"https:\/\/diariodocomercio.com.br\/mix\/wp-json\/wp\/v2\/posts"}],"about":[{"href":"https:\/\/diariodocomercio.com.br\/mix\/wp-json\/wp\/v2\/types\/post"}],"author":[{"embeddable":true,"href":"https:\/\/diariodocomercio.com.br\/mix\/wp-json\/wp\/v2\/users\/9"}],"replies":[{"embeddable":true,"href":"https:\/\/diariodocomercio.com.br\/mix\/wp-json\/wp\/v2\/comments?post=38327"}],"version-history":[{"count":1,"href":"https:\/\/diariodocomercio.com.br\/mix\/wp-json\/wp\/v2\/posts\/38327\/revisions"}],"predecessor-version":[{"id":38333,"href":"https:\/\/diariodocomercio.com.br\/mix\/wp-json\/wp\/v2\/posts\/38327\/revisions\/38333"}],"wp:featuredmedia":[{"embeddable":true,"href":"https:\/\/diariodocomercio.com.br\/mix\/wp-json\/wp\/v2\/media\/28460"}],"wp:attachment":[{"href":"https:\/\/diariodocomercio.com.br\/mix\/wp-json\/wp\/v2\/media?parent=38327"}],"wp:term":[{"taxonomy":"category","embeddable":true,"href":"https:\/\/diariodocomercio.com.br\/mix\/wp-json\/wp\/v2\/categories?post=38327"},{"taxonomy":"post_tag","embeddable":true,"href":"https:\/\/diariodocomercio.com.br\/mix\/wp-json\/wp\/v2\/tags?post=38327"}],"curies":[{"name":"wp","href":"https:\/\/api.w.org\/{rel}","templated":true}]}}