{"id":38334,"date":"2026-03-13T09:09:46","date_gmt":"2026-03-13T12:09:46","guid":{"rendered":"https:\/\/diariodocomercio.com.br\/mix\/?p=38334"},"modified":"2026-03-13T18:27:45","modified_gmt":"2026-03-13T21:27:45","slug":"receita-federal-ja-rastreia-movimentacoes-no-pix-veja-o-que-ela-monitora","status":"publish","type":"post","link":"https:\/\/diariodocomercio.com.br\/mix\/receita-federal-ja-rastreia-movimentacoes-no-pix-veja-o-que-ela-monitora\/","title":{"rendered":"Receita Federal j\u00e1 rastreia movimenta\u00e7\u00f5es no Pix; veja o que ela monitora"},"content":{"rendered":"\n<p>A Receita Federal monitora movimenta\u00e7\u00f5es financeiras realizadas por meio do sistema Pix, assim como ocorre com outras opera\u00e7\u00f5es banc\u00e1rias. O acompanhamento \u00e9 feito a partir de relat\u00f3rios peri\u00f3dicos enviados por bancos, cooperativas, fintechs e institui\u00e7\u00f5es de pagamento, que informam valores totais movimentados pelos clientes.<\/p>\n\n\n\n<p>Segundo o \u00f3rg\u00e3o, o objetivo do procedimento \u00e9 identificar poss\u00edveis inconsist\u00eancias entre a movimenta\u00e7\u00e3o financeira e a renda declarada pelos contribuintes, e n\u00e3o criar qualquer tipo de imposto sobre transfer\u00eancias.<\/p>\n\n\n\n<p>A Receita refor\u00e7a que n\u00e3o existe tributa\u00e7\u00e3o sobre o Pix ou sobre movimenta\u00e7\u00f5es financeiras, e que informa\u00e7\u00f5es em contr\u00e1rio divulgadas nas redes sociais s\u00e3o falsas.<\/p>\n\n\n\n<p>De acordo com as regras vigentes, as institui\u00e7\u00f5es financeiras precisam reportar \u00e0 Receita Federal quando o <strong>somat\u00f3rio mensal das movimenta\u00e7\u00f5es ultrapassa determinados valores<\/strong>.<\/p>\n\n\n\n<p>Os limites s\u00e3o:<\/p>\n\n\n<style>@media (min-width: 992px) {\n    .recomendadorV2Area1 {\n        width: 280px;\n    }\n    .recomendadorV2Area2 {\n        padding: 0px 20px;\n        width: calc(100% - 280px);\n    }\n}\n\n@media (max-width: 992px) {\n    .recomendadorV2Button {\n        margin: 0 auto;\n    }\n    .recomendadorV2Area {\n        flex-direction: column;\n        text-align: center;\n    }\n    .recomendadorV2Area2 {\n        padding: 0px 20px;\n    }\n}\n\n.recomendadorV2Area {\n    background: #eeeeee3d;\n    border-radius: 10px;\n    padding: 15px;\n    display: flex;\n    margin: 15px auto;\n    border: 1px solid #00000014;\n    max-width: 800px;\n}\n\n.recomendadorV2Area1 img {\n    width: 280px;\n    height: auto;\n    border-radius: 8px;\n}\n\n.linkrecomendadorv2 {\n    text-decoration: none !important;\n}\n\n.recomendadorV2Area2 .recomendadorV2Type {\n    text-transform: uppercase;\n    font-weight: 500;\n    font-size: 11px;\n    letter-spacing: 2px;\n    color: #666;\n    margin: 12px 0;\n    display: block;\n}\n\n.recomendadorV2Title h2 {\n    padding-top: 0px !important;\n    margin: 0px !important;\n    border-left: none !important;\n    padding-left: 0px !important;\n    line-height: 1.3;\n    color: #000 !important;\n    font-size: 24px;\n    margin-bottom: 12px !important;\n}\n\n.recomendadorV2Desc {\n    color: #333;\n    margin: 12px 0px !important;\n    font-size: 15px;\n    line-height: 1.5;\n}\n\n.recomendadorV2Button {\n    width: auto;\n    max-width: 200px;\n    margin: 0;\n    display: inline-flex;\n    align-items: center;\n    background: #1D3557;\n    border-radius: 8px;\n    color: #fff;\n    height: 36px;\n    justify-content: center;\n    text-align: center;\n    font-size: 14px;\n    padding: 0 20px;\n    transition: background-color 0.2s ease;\n}\n\n.recomendadorV2Button:hover {\n    background: #2a4d7a;\n}\n\n.recomendadorV2Button:after {\n    margin-top: -2px;\n    content: \"\u2192\";\n    padding: 0px 0px 0px 8px;\n}\n\n.recomendadorV2Alert {\n    text-align: left;\n    font-size: 11px;\n    margin-top: 8px;\n    color: #666;\n}\n\n.recomendadorFixedArea {\n    width: 100%;\n    display: flex;\n    justify-content: center;\n    align-items: center;\n}\n\n@media (min-width: 992px) {\n    #recomendadorFixed {\n        width: 32% !important;\n        left: 5%;\n    }\n    .recomendadorCloseFixed{\n        right: inherit !important;\n        left: 378px !important;\n    }\n}\n\n#recomendadorFixed {\n    width: 90%;\n    box-shadow: 0 10px 20px 0px #00000057;\n    display: none;\n    height: 90px;\n    background: #F6F6F6;\n    position: fixed;\n    flex-direction: row;\n    bottom: 10px;\n    z-index: 9999;\n    border-radius: 16px;\n    padding: 7px 10px;\n}\n\n.recomendadorLeftArea {\n    width: 160px;\n}\n\n.recomendadorRightArea h2 {\n    padding-top: 0px;\n    margin: 2px 0px 4px 0px !important;\n    font-weight: 400;\n    text-align: center;\n    padding-left: 0px !important;\n    color: #000 !important;\n    border-left: none !important;\n    line-height: 20px;\n    font-size: 12px !important;\n}\n\n.recomendadorImgFixed {\n    overflow: hidden;\n    padding: 8px 6px;\n    height: 100%;\n}\n\n.recomendadorImgFixed img {\n    height: 100% !important;\n    border-radius: 16px;\n}\n\n.recomendadorRightArea {\n    padding-top: 6px;\n    display: flex;\n    width: calc(100% - 130px);\n    justify-content: space-between;\n    align-items: center;\n    flex-direction: column;\n}\n\n.recomendadorButtonFixed {\n    margin: 0 auto;\n    background: #1D3557;\n    width: 80%;\n    text-align: center;\n    font-size: 10px;\n    color: #FFF;\n    padding: 2px 10px;\n    border-radius: 3px;\n}\n\n.recomendadorButtonFixed:after {\n    margin-top: -3px;\n    content: \"\u2192\";\n    padding: 0px 0px 0px 10px;\n}\n\n.recomendadorAlertFixed {\n    font-weight: 400;\n    text-align: center;\n    color: #484848;\n    font-size: 8px;\n}\n\n.recomendadorCloseFixed {\n    z-index: 99999;\n    display: none;\n    right: 0px;\n    left: inherit;\n    bottom: 99px;\n    position: fixed;\n    justify-content: center;\n    background: #F6F6F6;\n    width: 25px;\n    align-items: center;\n    height: 25px;\n    font-weight: 800;\n    border-radius: 50%;\n    border: 1px solid #EBEBEB;\n}\n\n.recomendadorV2Desc{\n    color: #000000;\n    margin: 20px 0px;\n}\n\n@media (max-width: 576px) {\n    .recomendadorV2Area {\n      padding: 10px;\n      max-width: 100%;\n    }\n  \n    .recomendadorV2Area1 img {\n      width: 100%;\n      border-radius: 6px;\n    }\n  \n    .recomendadorV2Area2 .recomendadorV2Type {\n      font-size: 9px;\n      letter-spacing: 1px;\n      margin: 8px 0;\n    }\n  \n    .recomendadorV2Title h2 {\n      font-size: 18px !important;\n      margin-bottom: 8px !important;\n      line-height: 1.2;\n    }\n  \n    .recomendadorV2Desc {\n      font-size: 14px;\n      margin: 8px 0 !important;\n      line-height: 1.4;\n    }\n  \n    .recomendadorV2Button {\n      font-size: 14px;\n      height: 40px;\n      padding: 0 12px;\n      max-width: 100%;\n      width: 100%;\n    }\n  \n    .recomendadorV2Button:after {\n      padding-left: 6px;\n    }\n  }\n  <\/style>\n        <div class=\"lazyblock-recomendador-v2-2jDGz wp-block-lazyblock-recomendador-v2\">\n        <a class=\"linkrecomendadorv2\" href=\"https:\/\/diariodocomercio.com.br\/mix\/pensao-alimenticia-tem-valor-atualizado-para-2026-veja-quanto-um-pai-deve-pagar-para-1-2-3-ou-ate-4-filhos\/?utm_source=lazy\">\n            <div class=\"recomendadorV2Area\">\n            <div class=\"recomendadorV2Area1\">\n                <div class=\"recomendadorV2Img\">\n                <img class=\"lazyloaded\" decoding=\"async\" src=\"https:\/\/diariodocomercio.com.br\/mix\/wp-content\/uploads\/2025\/04\/mudanca-salario-minimo-750x375.jpg\" data-src=\"https:\/\/diariodocomercio.com.br\/mix\/wp-content\/uploads\/2025\/04\/mudanca-salario-minimo-750x375.jpg\" alt=\"\">\n                <\/div>\n            <\/div>\n            <div class=\"recomendadorV2Area2\">\n                <div class=\"recomendadorV2Type\">\n                    <span>Valor atualizado<\/span>\n                <\/div>\n                <div class=\"recomendadorV2Title\">\n                <h2><span>Pens\u00e3o 2026 \ud83d\udc68\u200d\ud83d\udc67<\/span><\/h2>\n                <\/div>\n                <div class=\"recomendadorV2Desc\">\n                <span>Veja quanto pagar por filho<\/span>\n                <\/div>\n                <div class=\"recomendadorV2Button\">Confira valores<\/div>\n                <div class=\"recomendadorV2Alert\"><\/div>\n            <\/div>\n            <\/div>\n        <\/a>\n        <div>\n            <div style=\"z-index:99999;\" id=\"buttonClose\" onclick=\"closeRecomendadorFixed()\">\n            <div class=\"recomendadorCloseFixed\">X<\/div>\n            <\/div>\n            <a href=\"https:\/\/diariodocomercio.com.br\/mix\/pensao-alimenticia-tem-valor-atualizado-para-2026-veja-quanto-um-pai-deve-pagar-para-1-2-3-ou-ate-4-filhos\/?utm_source=lazy\">\n            <div class=\"recomendadorFixedArea\">\n                <div id=\"recomendadorFixed\">\n                <div class=\"recomendadorLeftArea\">\n                    <div class=\"recomendadorImgFixed\">\n                    <img class=\"lazyload\" decoding=\"async\" src=\"https:\/\/diariodocomercio.com.br\/mix\/wp-content\/uploads\/2025\/04\/mudanca-salario-minimo-750x375.jpg\" alt=\"\">\n                    <\/div>\n                <\/div>\n                <div class=\"recomendadorRightArea\">\n                    <div class=\"recomendadorTitleFixed\">\n                    <h2><span>Pens\u00e3o 2026 \ud83d\udc68\u200d\ud83d\udc67<\/span><\/h2>\n                    <\/div>\n                    <div class=\"recomendadorButtonFixed\">Confira valores<\/div>\n                    <div class=\"recomendadorAlertFixed\"><\/div>\n                <\/div>\n                <\/div>\n            <\/div>\n            <\/a>\n        <\/div>\n        <\/div>\n\n\n\n<ul class=\"wp-block-list\">\n<li><strong>R$ 5 mil por m\u00eas para pessoas f\u00edsicas<\/strong><\/li>\n\n\n\n<li><strong>R$ 15 mil por m\u00eas para empresas<\/strong><\/li>\n<\/ul>\n\n\n\n<p>Esse c\u00e1lculo considera <strong>o total de transa\u00e7\u00f5es realizadas no m\u00eas<\/strong>, e n\u00e3o apenas uma \u00fanica transfer\u00eancia. Assim, v\u00e1rias opera\u00e7\u00f5es menores que, somadas, ultrapassem esse limite tamb\u00e9m entram no relat\u00f3rio enviado ao Fisco.<\/p>\n\n\n\n<p>Outro ponto destacado pela Receita \u00e9 que <strong>transfer\u00eancias entre contas do mesmo titular tamb\u00e9m s\u00e3o contabilizadas<\/strong> no volume total movimentado no per\u00edodo.<\/p>\n\n\n\n<p>A medida permite que o \u00f3rg\u00e3o tenha uma <strong>vis\u00e3o mais completa do fluxo financeiro<\/strong> de cada contribuinte, facilitando a identifica\u00e7\u00e3o de poss\u00edveis diverg\u00eancias entre movimenta\u00e7\u00e3o e renda declarada.<\/p>\n\n\n\n<p>Mesmo assim, a Receita esclarece que o envio dessas informa\u00e7\u00f5es <strong>n\u00e3o significa que exista irregularidade ou investiga\u00e7\u00e3o autom\u00e1tica<\/strong>.<\/p>\n\n\n\n<h2 class=\"wp-block-heading\"><strong>Amplia\u00e7\u00e3o da obriga\u00e7\u00e3o para fintechs<\/strong><\/h2>\n\n\n\n<p>Uma mudan\u00e7a recente ampliou as institui\u00e7\u00f5es obrigadas a fornecer dados ao Fisco. Antes, apenas <strong>bancos tradicionais<\/strong> tinham essa responsabilidade. Agora, a regra tamb\u00e9m se aplica a <strong>operadoras de cart\u00e3o, fintechs e outras institui\u00e7\u00f5es de pagamento<\/strong>.<\/p>\n\n\n\n<p>A medida foi formalizada por meio da <strong>Instru\u00e7\u00e3o Normativa n\u00ba 2.278 de 2025<\/strong>, que, segundo a Receita Federal, busca aumentar a transpar\u00eancia e dificultar pr\u00e1ticas como <strong>lavagem de dinheiro e oculta\u00e7\u00e3o de patrim\u00f4nio<\/strong>.<\/p>\n\n\n\n<h2 class=\"wp-block-heading\"><strong>Sigilo banc\u00e1rio continua protegido<\/strong><\/h2>\n\n\n\n<p>Apesar do monitoramento, a Receita Federal afirma que as regras <strong>respeitam integralmente o sigilo banc\u00e1rio e fiscal<\/strong>.<\/p>\n\n\n\n<p>As informa\u00e7\u00f5es enviadas pelas institui\u00e7\u00f5es financeiras incluem apenas <strong>dados gerais de movimenta\u00e7\u00e3o<\/strong>, como valores totais, e <strong>n\u00e3o detalham a finalidade das transa\u00e7\u00f5es nem o tipo de gasto realizado<\/strong>.<\/p>\n\n\n\n<p>O \u00f3rg\u00e3o tamb\u00e9m alerta que a divulga\u00e7\u00e3o de <strong>informa\u00e7\u00f5es falsas sobre taxa\u00e7\u00e3o do Pix<\/strong> pode gerar p\u00e2nico financeiro e facilitar golpes, j\u00e1 que criminosos costumam usar esse tipo de boato para aplicar fraudes por telefone, redes sociais ou aplicativos de mensagens.<\/p>\n","protected":false},"excerpt":{"rendered":"<p>A Receita Federal monitora movimenta\u00e7\u00f5es financeiras realizadas por meio do sistema Pix, assim como ocorre com outras opera\u00e7\u00f5es banc\u00e1rias. O acompanhamento \u00e9 feito a partir de relat\u00f3rios peri\u00f3dicos enviados por bancos, cooperativas, fintechs e institui\u00e7\u00f5es de pagamento, que informam valores totais movimentados pelos clientes. Segundo o \u00f3rg\u00e3o, o objetivo do procedimento \u00e9 identificar poss\u00edveis inconsist\u00eancias [&hellip;]<\/p>\n","protected":false},"author":9,"featured_media":5476,"comment_status":"closed","ping_status":"closed","sticky":false,"template":"","format":"standard","meta":{"jnews-multi-image_gallery":[],"jnews_single_post":{"format":"standard"},"jnews_primary_category":[],"jnews_social_meta":[],"jnews_override_counter":[],"jnews_post_split":[],"footnotes":""},"categories":[1],"tags":[],"class_list":["post-38334","post","type-post","status-publish","format-standard","has-post-thumbnail","hentry","category-geral"],"_referencia":"","_links":{"self":[{"href":"https:\/\/diariodocomercio.com.br\/mix\/wp-json\/wp\/v2\/posts\/38334","targetHints":{"allow":["GET"]}}],"collection":[{"href":"https:\/\/diariodocomercio.com.br\/mix\/wp-json\/wp\/v2\/posts"}],"about":[{"href":"https:\/\/diariodocomercio.com.br\/mix\/wp-json\/wp\/v2\/types\/post"}],"author":[{"embeddable":true,"href":"https:\/\/diariodocomercio.com.br\/mix\/wp-json\/wp\/v2\/users\/9"}],"replies":[{"embeddable":true,"href":"https:\/\/diariodocomercio.com.br\/mix\/wp-json\/wp\/v2\/comments?post=38334"}],"version-history":[{"count":2,"href":"https:\/\/diariodocomercio.com.br\/mix\/wp-json\/wp\/v2\/posts\/38334\/revisions"}],"predecessor-version":[{"id":38440,"href":"https:\/\/diariodocomercio.com.br\/mix\/wp-json\/wp\/v2\/posts\/38334\/revisions\/38440"}],"wp:featuredmedia":[{"embeddable":true,"href":"https:\/\/diariodocomercio.com.br\/mix\/wp-json\/wp\/v2\/media\/5476"}],"wp:attachment":[{"href":"https:\/\/diariodocomercio.com.br\/mix\/wp-json\/wp\/v2\/media?parent=38334"}],"wp:term":[{"taxonomy":"category","embeddable":true,"href":"https:\/\/diariodocomercio.com.br\/mix\/wp-json\/wp\/v2\/categories?post=38334"},{"taxonomy":"post_tag","embeddable":true,"href":"https:\/\/diariodocomercio.com.br\/mix\/wp-json\/wp\/v2\/tags?post=38334"}],"curies":[{"name":"wp","href":"https:\/\/api.w.org\/{rel}","templated":true}]}}