{"id":38340,"date":"2026-03-13T09:34:24","date_gmt":"2026-03-13T12:34:24","guid":{"rendered":"https:\/\/diariodocomercio.com.br\/mix\/?p=38340"},"modified":"2026-03-13T09:34:27","modified_gmt":"2026-03-13T12:34:27","slug":"contato-alienigena-luz-vinda-de-outra-galaxia-atinge-a-terra-e-intriga-cientistas","status":"publish","type":"post","link":"https:\/\/diariodocomercio.com.br\/mix\/contato-alienigena-luz-vinda-de-outra-galaxia-atinge-a-terra-e-intriga-cientistas\/","title":{"rendered":"Contato alien\u00edgena? Luz vinda de outra gal\u00e1xia atinge a Terra e intriga cientistas"},"content":{"rendered":"\n<p>Um fen\u00f4meno c\u00f3smico detectado por cientistas reacendeu a curiosidade sobre sinais vindos do espa\u00e7o profundo. Pesquisadores que utilizam o radiotelesc\u00f3pio MeerKAT, na \u00c1frica do Sul, identificaram uma emiss\u00e3o extremamente intensa de r\u00e1dio proveniente de uma gal\u00e1xia localizada a mais de 8 bilh\u00f5es de anos-luz da Terra.<\/p>\n\n\n\n<p>Embora o fen\u00f4meno possa parecer, \u00e0 primeira vista, algo relacionado a um poss\u00edvel contato alien\u00edgena, os cientistas explicam que se trata de um <strong>processo natural raro do Universo<\/strong>, conhecido como <strong>megamaser<\/strong>, uma esp\u00e9cie de \u201claser espacial\u201d que amplifica ondas de r\u00e1dio.<\/p>\n\n\n\n<p>Os chamados <strong>megamasers de hidroxila (OHM)<\/strong> s\u00e3o emiss\u00f5es de r\u00e1dio extremamente brilhantes que surgem quando <strong>gal\u00e1xias ricas em g\u00e1s colidem entre si<\/strong>.<\/p>\n\n\n\n<p>Durante essas colis\u00f5es c\u00f3smicas, grandes quantidades de g\u00e1s s\u00e3o comprimidas, estimulando mol\u00e9culas de hidroxila a amplificar sinais de r\u00e1dio em escala gigantesca. O resultado \u00e9 um tipo de emiss\u00e3o muito intensa que pode ser detectada mesmo a bilh\u00f5es de anos-luz de dist\u00e2ncia.<\/p>\n\n\n\n<p>No caso mais recente, o sinal foi identificado em uma <strong>fus\u00e3o violenta de gal\u00e1xias<\/strong>, cuja luz levou mais de <strong>8 bilh\u00f5es de anos para chegar \u00e0 Terra<\/strong>.<\/p>\n\n\n<div class=\"wp-block-image\">\n<figure class=\"aligncenter size-full\"><img decoding=\"async\" width=\"737\" height=\"410\" src=\"https:\/\/diariodocomercio.com.br\/mix\/wp-content\/uploads\/2026\/03\/image-115.png\" alt=\"\" class=\"wp-image-38346\" srcset=\"https:\/\/diariodocomercio.com.br\/mix\/wp-content\/uploads\/2026\/03\/image-115.png 737w, https:\/\/diariodocomercio.com.br\/mix\/wp-content\/uploads\/2026\/03\/image-115-300x167.png 300w, https:\/\/diariodocomercio.com.br\/mix\/wp-content\/uploads\/2026\/03\/image-115-150x83.png 150w\" sizes=\"(max-width: 737px) 100vw, 737px\" \/><figcaption class=\"wp-element-caption\">(Ilustra\u00e7\u00e3o\/<em>Inter-University Institute for Data-Intensive Astronomy (IDIA)<\/em>)<\/figcaption><\/figure>\n<\/div>\n\n\n<p>Antes dessa observa\u00e7\u00e3o, registros desse tipo de fen\u00f4meno haviam sido detectados apenas em dist\u00e2ncias muito menores no universo.<\/p>\n\n\n\n<p>A nova descoberta ultrapassou esses limites ao alcan\u00e7ar <strong>um redshift de 1,027<\/strong>, indicador astron\u00f4mico que revela a enorme dist\u00e2ncia e idade do sinal captado.<\/p>\n\n\n\n<p>Segundo os pesquisadores, o resultado foi poss\u00edvel gra\u00e7as \u00e0 <strong>alta sensibilidade do MeerKAT<\/strong>, al\u00e9m do uso de algoritmos avan\u00e7ados de processamento de dados.<\/p>\n\n\n\n<p>Outro fator importante foi um fen\u00f4meno conhecido como <strong>lente gravitacional<\/strong>, quando a gravidade de uma gal\u00e1xia no caminho entre a fonte e a Terra amplifica a luz e os sinais provenientes de objetos ainda mais distantes.<\/p>\n\n\n\n<h2 class=\"wp-block-heading\"><strong>Evid\u00eancias de atividade intensa no Universo antigo<\/strong><\/h2>\n\n\n\n<p>Outros estudos realizados com o mesmo telesc\u00f3pio tamb\u00e9m revelaram estruturas gigantescas conhecidas como <strong>\u201chalos de r\u00e1dio\u201d<\/strong>, nuvens enormes de emiss\u00e3o que podem se estender por <strong>milh\u00f5es de anos-luz dentro de aglomerados de gal\u00e1xias<\/strong>.<\/p>\n\n\n\n<p>Essas estruturas s\u00e3o formadas quando grandes aglomerados colidem e geram <strong>turbul\u00eancia, ondas de choque e campos magn\u00e9ticos intensos<\/strong> no g\u00e1s que existe entre as gal\u00e1xias.<\/p>\n\n\n\n<p>Os dados indicam que esses processos j\u00e1 ocorriam <strong>h\u00e1 mais de 7 bilh\u00f5es de anos<\/strong>, muito antes do que os modelos cient\u00edficos previam.<\/p>\n\n\n\n<h2 class=\"wp-block-heading\"><strong>Um Universo mais din\u00e2mico do que se imaginava<\/strong><\/h2>\n\n\n\n<p>Para os pesquisadores, as descobertas mostram que o <strong>Universo primitivo era muito mais turbulento e energeticamente ativo<\/strong> do que se pensava.<\/p>\n\n\n\n<p>Apesar da curiosidade popular sobre poss\u00edveis sinais extraterrestres, os cientistas afirmam que <strong>n\u00e3o h\u00e1 qualquer evid\u00eancia de comunica\u00e7\u00e3o alien\u00edgena<\/strong> nesses fen\u00f4menos.<\/p>\n\n\n\n<p>Ainda assim, as observa\u00e7\u00f5es ajudam a entender melhor <strong>como gal\u00e1xias se formam, evoluem e interagem ao longo da hist\u00f3ria c\u00f3smica<\/strong>, oferecendo novas pistas sobre a estrutura e o funcionamento do Universo.<\/p>\n","protected":false},"excerpt":{"rendered":"<p>Um fen\u00f4meno c\u00f3smico detectado por cientistas reacendeu a curiosidade sobre sinais vindos do espa\u00e7o profundo. Pesquisadores que utilizam o radiotelesc\u00f3pio MeerKAT, na \u00c1frica do Sul, identificaram uma emiss\u00e3o extremamente intensa de r\u00e1dio proveniente de uma gal\u00e1xia localizada a mais de 8 bilh\u00f5es de anos-luz da Terra. Embora o fen\u00f4meno possa parecer, \u00e0 primeira vista, algo [&hellip;]<\/p>\n","protected":false},"author":9,"featured_media":38344,"comment_status":"closed","ping_status":"closed","sticky":false,"template":"","format":"standard","meta":{"jnews-multi-image_gallery":[],"jnews_single_post":{"format":"standard"},"jnews_primary_category":[],"jnews_social_meta":[],"jnews_override_counter":[],"jnews_post_split":[],"footnotes":""},"categories":[1],"tags":[],"class_list":["post-38340","post","type-post","status-publish","format-standard","has-post-thumbnail","hentry","category-geral"],"_referencia":"","_links":{"self":[{"href":"https:\/\/diariodocomercio.com.br\/mix\/wp-json\/wp\/v2\/posts\/38340","targetHints":{"allow":["GET"]}}],"collection":[{"href":"https:\/\/diariodocomercio.com.br\/mix\/wp-json\/wp\/v2\/posts"}],"about":[{"href":"https:\/\/diariodocomercio.com.br\/mix\/wp-json\/wp\/v2\/types\/post"}],"author":[{"embeddable":true,"href":"https:\/\/diariodocomercio.com.br\/mix\/wp-json\/wp\/v2\/users\/9"}],"replies":[{"embeddable":true,"href":"https:\/\/diariodocomercio.com.br\/mix\/wp-json\/wp\/v2\/comments?post=38340"}],"version-history":[{"count":1,"href":"https:\/\/diariodocomercio.com.br\/mix\/wp-json\/wp\/v2\/posts\/38340\/revisions"}],"predecessor-version":[{"id":38347,"href":"https:\/\/diariodocomercio.com.br\/mix\/wp-json\/wp\/v2\/posts\/38340\/revisions\/38347"}],"wp:featuredmedia":[{"embeddable":true,"href":"https:\/\/diariodocomercio.com.br\/mix\/wp-json\/wp\/v2\/media\/38344"}],"wp:attachment":[{"href":"https:\/\/diariodocomercio.com.br\/mix\/wp-json\/wp\/v2\/media?parent=38340"}],"wp:term":[{"taxonomy":"category","embeddable":true,"href":"https:\/\/diariodocomercio.com.br\/mix\/wp-json\/wp\/v2\/categories?post=38340"},{"taxonomy":"post_tag","embeddable":true,"href":"https:\/\/diariodocomercio.com.br\/mix\/wp-json\/wp\/v2\/tags?post=38340"}],"curies":[{"name":"wp","href":"https:\/\/api.w.org\/{rel}","templated":true}]}}