{"id":38342,"date":"2026-03-13T09:42:43","date_gmt":"2026-03-13T12:42:43","guid":{"rendered":"https:\/\/diariodocomercio.com.br\/mix\/?p=38342"},"modified":"2026-03-13T09:42:45","modified_gmt":"2026-03-13T12:42:45","slug":"governo-acaba-com-a-farra-e-obriga-postos-de-gasolina-a-reduzirem-o-valor-do-combustivel","status":"publish","type":"post","link":"https:\/\/diariodocomercio.com.br\/mix\/governo-acaba-com-a-farra-e-obriga-postos-de-gasolina-a-reduzirem-o-valor-do-combustivel\/","title":{"rendered":"Governo acaba com a farra e obriga postos de gasolina a reduzirem o valor do combust\u00edvel"},"content":{"rendered":"\n<p>Na \u00faltima quinta-feira (12), o governo federal anunciou um pacote de medidas para tentar barrar uma alta no pre\u00e7o do combust\u00edvel, mais especificamente do diesel. Uma dessas medidas \u00e9 que os postos v\u00e3o precisar adotar uma sinaliza\u00e7\u00e3o clara e vis\u00edvel destacando a redu\u00e7\u00e3o dos tributos federais e, consequentemente, do pre\u00e7o do combust\u00edvel. De acordo com a CNN Brasil, o governo afirma que essa iniciativa tem potencial de reduzir o pre\u00e7o do litro do combust\u00edvel em R$ 0,64.<\/p>\n\n\n\n<p>As medidas foram estabelecidas por meio de um decreto presidencial assinado por Luiz In\u00e1cio Lula da Silva. Entre as medidas, o governo zerou as al\u00edquotas do PIS (Programa de Integra\u00e7\u00e3o Social) e do Confis sobre a importa\u00e7\u00e3o e comercializa\u00e7\u00e3o do diesel. Lula ainda assinou uma medida provis\u00f3ria com subven\u00e7\u00e3o ao diesel para produtores e importadores. <\/p>\n\n\n\n<p>Para equilibrar a perda de arrecada\u00e7\u00e3o do diesel, o governo vai cobrar uma al\u00edquota de 12% sobre a exporta\u00e7\u00e3o do petr\u00f3leo. A medida tamb\u00e9m objetiva incentivar o refino do combust\u00edvel no pa\u00eds. Vale destacar que as medidas t\u00eam prazo de validade: elas v\u00e3o at\u00e9 31 de dezembro deste ano.<\/p>\n\n\n\n<p>Em coletiva de imprensa, o presidente Lula explicou que as medidas buscam amenizar o impacto da guerra no Oriente M\u00e9dio e da alta do petr\u00f3leo para os brasileiros. <em>\u201c[As medidas s\u00e3o] para que a gente garanta que essa guerra n\u00e3o chegue ao bolso do motorista, ao bolso do caminhoneiro e, sobretudo, n\u00e3o chegando ao bolso do caminhoneiro n\u00e3o vai chegar ao prato de feij\u00e3o, \u00e0 salada do alface, da cebola e a comida que o povo mais come\u201d<\/em>, declarou Lula, segundo a Ag\u00eancia Brasil.<\/p>\n\n\n\n<h2 class=\"wp-block-heading\">Guerra j\u00e1 aumentou o pre\u00e7o do combust\u00edvel para os brasileiros<\/h2>\n\n\n\n<p>Segundo dados da Ag\u00eancia Nacional do Petr\u00f3leo, G\u00e1s Natural e Biocombust\u00edveis (ANP), na semana dos dias 22 a 28 de fevereiro, o pre\u00e7o m\u00e9dio do litro da gasolina comum no Brasil era de R$ 6,28. Na semana seguinte, o valor subiu para R$ 6,30. <\/p>\n\n\n\n<p>Mat\u00e9ria da Quatro Rodas destaca que o impacto tamb\u00e9m atingiu o diesel S10, o diesel comum e a gasolina aditivada. Entre a \u00faltima semana de fevereiro e a primeira de mar\u00e7o, os combust\u00edveis aumentaram de: <\/p>\n\n\n\n<ul class=\"wp-block-list\">\n<li>Diesel S10: R$ 6,09 para R$ 6,15 por litro;<\/li>\n\n\n\n<li>Diesel comum: chegou a R$ 6,08 por litro;<\/li>\n\n\n\n<li>Gasolina aditivada: chegou a R$ 6,51 por litro.<\/li>\n<\/ul>\n\n\n\n<style>@media (min-width: 992px) {\n    .recomendadorV2Area1 {\n        width: 280px;\n    }\n    .recomendadorV2Area2 {\n        padding: 0px 20px;\n        width: calc(100% - 280px);\n    }\n}\n\n@media (max-width: 992px) {\n    .recomendadorV2Button {\n        margin: 0 auto;\n    }\n    .recomendadorV2Area {\n        flex-direction: column;\n        text-align: center;\n    }\n    .recomendadorV2Area2 {\n        padding: 0px 20px;\n    }\n}\n\n.recomendadorV2Area {\n    background: #eeeeee3d;\n    border-radius: 10px;\n    padding: 15px;\n    display: flex;\n    margin: 15px auto;\n    border: 1px solid #00000014;\n    max-width: 800px;\n}\n\n.recomendadorV2Area1 img {\n    width: 280px;\n    height: auto;\n    border-radius: 8px;\n}\n\n.linkrecomendadorv2 {\n    text-decoration: none !important;\n}\n\n.recomendadorV2Area2 .recomendadorV2Type {\n    text-transform: uppercase;\n    font-weight: 500;\n    font-size: 11px;\n    letter-spacing: 2px;\n    color: #666;\n    margin: 12px 0;\n    display: block;\n}\n\n.recomendadorV2Title h2 {\n    padding-top: 0px !important;\n    margin: 0px !important;\n    border-left: none !important;\n    padding-left: 0px !important;\n    line-height: 1.3;\n    color: #000 !important;\n    font-size: 24px;\n    margin-bottom: 12px !important;\n}\n\n.recomendadorV2Desc {\n    color: #333;\n    margin: 12px 0px !important;\n    font-size: 15px;\n    line-height: 1.5;\n}\n\n.recomendadorV2Button {\n    width: auto;\n    max-width: 200px;\n    margin: 0;\n    display: inline-flex;\n    align-items: center;\n    background: #1D3557;\n    border-radius: 8px;\n    color: #fff;\n    height: 36px;\n    justify-content: center;\n    text-align: center;\n    font-size: 14px;\n    padding: 0 20px;\n    transition: background-color 0.2s ease;\n}\n\n.recomendadorV2Button:hover {\n    background: #2a4d7a;\n}\n\n.recomendadorV2Button:after {\n    margin-top: -2px;\n    content: \"\u2192\";\n    padding: 0px 0px 0px 8px;\n}\n\n.recomendadorV2Alert {\n    text-align: left;\n    font-size: 11px;\n    margin-top: 8px;\n    color: #666;\n}\n\n.recomendadorFixedArea {\n    width: 100%;\n    display: flex;\n    justify-content: center;\n    align-items: center;\n}\n\n@media (min-width: 992px) {\n    #recomendadorFixed {\n        width: 32% !important;\n        left: 5%;\n    }\n    .recomendadorCloseFixed{\n        right: inherit !important;\n        left: 378px !important;\n    }\n}\n\n#recomendadorFixed {\n    width: 90%;\n    box-shadow: 0 10px 20px 0px #00000057;\n    display: none;\n    height: 90px;\n    background: #F6F6F6;\n    position: fixed;\n    flex-direction: row;\n    bottom: 10px;\n    z-index: 9999;\n    border-radius: 16px;\n    padding: 7px 10px;\n}\n\n.recomendadorLeftArea {\n    width: 160px;\n}\n\n.recomendadorRightArea h2 {\n    padding-top: 0px;\n    margin: 2px 0px 4px 0px !important;\n    font-weight: 400;\n    text-align: center;\n    padding-left: 0px !important;\n    color: #000 !important;\n    border-left: none !important;\n    line-height: 20px;\n    font-size: 12px !important;\n}\n\n.recomendadorImgFixed {\n    overflow: hidden;\n    padding: 8px 6px;\n    height: 100%;\n}\n\n.recomendadorImgFixed img {\n    height: 100% !important;\n    border-radius: 16px;\n}\n\n.recomendadorRightArea {\n    padding-top: 6px;\n    display: flex;\n    width: calc(100% - 130px);\n    justify-content: space-between;\n    align-items: center;\n    flex-direction: column;\n}\n\n.recomendadorButtonFixed {\n    margin: 0 auto;\n    background: #1D3557;\n    width: 80%;\n    text-align: center;\n    font-size: 10px;\n    color: #FFF;\n    padding: 2px 10px;\n    border-radius: 3px;\n}\n\n.recomendadorButtonFixed:after {\n    margin-top: -3px;\n    content: \"\u2192\";\n    padding: 0px 0px 0px 10px;\n}\n\n.recomendadorAlertFixed {\n    font-weight: 400;\n    text-align: center;\n    color: #484848;\n    font-size: 8px;\n}\n\n.recomendadorCloseFixed {\n    z-index: 99999;\n    display: none;\n    right: 0px;\n    left: inherit;\n    bottom: 99px;\n    position: fixed;\n    justify-content: center;\n    background: #F6F6F6;\n    width: 25px;\n    align-items: center;\n    height: 25px;\n    font-weight: 800;\n    border-radius: 50%;\n    border: 1px solid #EBEBEB;\n}\n\n.recomendadorV2Desc{\n    color: #000000;\n    margin: 20px 0px;\n}\n\n@media (max-width: 576px) {\n    .recomendadorV2Area {\n      padding: 10px;\n      max-width: 100%;\n    }\n  \n    .recomendadorV2Area1 img {\n      width: 100%;\n      border-radius: 6px;\n    }\n  \n    .recomendadorV2Area2 .recomendadorV2Type {\n      font-size: 9px;\n      letter-spacing: 1px;\n      margin: 8px 0;\n    }\n  \n    .recomendadorV2Title h2 {\n      font-size: 18px !important;\n      margin-bottom: 8px !important;\n      line-height: 1.2;\n    }\n  \n    .recomendadorV2Desc {\n      font-size: 14px;\n      margin: 8px 0 !important;\n      line-height: 1.4;\n    }\n  \n    .recomendadorV2Button {\n      font-size: 14px;\n      height: 40px;\n      padding: 0 12px;\n      max-width: 100%;\n      width: 100%;\n    }\n  \n    .recomendadorV2Button:after {\n      padding-left: 6px;\n    }\n  }\n  <\/style>\n        <div class=\"lazyblock-recomendador-v2-2jDGz wp-block-lazyblock-recomendador-v2\">\n        <a class=\"linkrecomendadorv2\" href=\"https:\/\/diariodocomercio.com.br\/mix\/importante-revista-internacional-crava-que-o-agente-secreto-saira-de-maos-vazias-do-oscar\/\">\n            <div class=\"recomendadorV2Area\">\n            <div class=\"recomendadorV2Area1\">\n                <div class=\"recomendadorV2Img\">\n                <img class=\"lazyloaded\" decoding=\"async\" src=\"https:\/\/diariodocomercio.com.br\/mix\/wp-content\/uploads\/2025\/07\/o-agente-secreto-wagner-moura.jpg\" data-src=\"https:\/\/diariodocomercio.com.br\/mix\/wp-content\/uploads\/2025\/07\/o-agente-secreto-wagner-moura.jpg\" alt=\"\">\n                <\/div>\n            <\/div>\n            <div class=\"recomendadorV2Area2\">\n                <div class=\"recomendadorV2Type\">\n                    <span>OSCAR<\/span>\n                <\/div>\n                <div class=\"recomendadorV2Title\">\n                <h2><span>Importante revista internacional crava que \u2018O Agente Secreto\u2019 sair\u00e1 de m\u00e3os vazias do Oscar<\/span><\/h2>\n                <\/div>\n                <div class=\"recomendadorV2Desc\">\n                <span>O Agente Secreto fez hist\u00f3ria igualando o recorde de Cidade de Deus com quatro indica\u00e7\u00f5es ao Oscar, mas quais as \u2026<\/span>\n                <\/div>\n                <div class=\"recomendadorV2Button\">Leia mais<\/div>\n                <div class=\"recomendadorV2Alert\"><\/div>\n            <\/div>\n            <\/div>\n        <\/a>\n        <div>\n            <div style=\"z-index:99999;\" id=\"buttonClose\" onclick=\"closeRecomendadorFixed()\">\n            <div class=\"recomendadorCloseFixed\">X<\/div>\n            <\/div>\n            <a href=\"https:\/\/diariodocomercio.com.br\/mix\/importante-revista-internacional-crava-que-o-agente-secreto-saira-de-maos-vazias-do-oscar\/\">\n            <div class=\"recomendadorFixedArea\">\n                <div id=\"recomendadorFixed\">\n                <div class=\"recomendadorLeftArea\">\n                    <div class=\"recomendadorImgFixed\">\n                    <img class=\"lazyload\" decoding=\"async\" src=\"https:\/\/diariodocomercio.com.br\/mix\/wp-content\/uploads\/2025\/07\/o-agente-secreto-wagner-moura.jpg\" alt=\"\">\n                    <\/div>\n                <\/div>\n                <div class=\"recomendadorRightArea\">\n                    <div class=\"recomendadorTitleFixed\">\n                    <h2><span>Importante revista internacional crava que \u2018O Agente Secreto\u2019 sair\u00e1 de m\u00e3os vazias do Oscar<\/span><\/h2>\n                    <\/div>\n                    <div class=\"recomendadorButtonFixed\">Leia mais<\/div>\n                    <div class=\"recomendadorAlertFixed\"><\/div>\n                <\/div>\n                <\/div>\n            <\/div>\n            <\/a>\n        <\/div>\n        <\/div>\n","protected":false},"excerpt":{"rendered":"<p>O governo federal anunciou um pacote de medidas para amenizar o impacto da guerra no Oriente M\u00e9dio sobre o pre\u00e7o do combust\u00edvel no Brasil.<\/p>\n","protected":false},"author":6,"featured_media":3565,"comment_status":"closed","ping_status":"closed","sticky":false,"template":"","format":"standard","meta":{"jnews-multi-image_gallery":[],"jnews_single_post":{"format":"standard"},"jnews_primary_category":[],"jnews_social_meta":[],"jnews_override_counter":[],"jnews_post_split":[],"footnotes":""},"categories":[1],"tags":[],"class_list":["post-38342","post","type-post","status-publish","format-standard","has-post-thumbnail","hentry","category-geral"],"_referencia":"","_links":{"self":[{"href":"https:\/\/diariodocomercio.com.br\/mix\/wp-json\/wp\/v2\/posts\/38342","targetHints":{"allow":["GET"]}}],"collection":[{"href":"https:\/\/diariodocomercio.com.br\/mix\/wp-json\/wp\/v2\/posts"}],"about":[{"href":"https:\/\/diariodocomercio.com.br\/mix\/wp-json\/wp\/v2\/types\/post"}],"author":[{"embeddable":true,"href":"https:\/\/diariodocomercio.com.br\/mix\/wp-json\/wp\/v2\/users\/6"}],"replies":[{"embeddable":true,"href":"https:\/\/diariodocomercio.com.br\/mix\/wp-json\/wp\/v2\/comments?post=38342"}],"version-history":[{"count":1,"href":"https:\/\/diariodocomercio.com.br\/mix\/wp-json\/wp\/v2\/posts\/38342\/revisions"}],"predecessor-version":[{"id":38349,"href":"https:\/\/diariodocomercio.com.br\/mix\/wp-json\/wp\/v2\/posts\/38342\/revisions\/38349"}],"wp:featuredmedia":[{"embeddable":true,"href":"https:\/\/diariodocomercio.com.br\/mix\/wp-json\/wp\/v2\/media\/3565"}],"wp:attachment":[{"href":"https:\/\/diariodocomercio.com.br\/mix\/wp-json\/wp\/v2\/media?parent=38342"}],"wp:term":[{"taxonomy":"category","embeddable":true,"href":"https:\/\/diariodocomercio.com.br\/mix\/wp-json\/wp\/v2\/categories?post=38342"},{"taxonomy":"post_tag","embeddable":true,"href":"https:\/\/diariodocomercio.com.br\/mix\/wp-json\/wp\/v2\/tags?post=38342"}],"curies":[{"name":"wp","href":"https:\/\/api.w.org\/{rel}","templated":true}]}}