{"id":38348,"date":"2026-03-14T09:34:32","date_gmt":"2026-03-14T12:34:32","guid":{"rendered":"https:\/\/diariodocomercio.com.br\/mix\/?p=38348"},"modified":"2026-03-13T10:15:55","modified_gmt":"2026-03-13T13:15:55","slug":"eua-incluem-o-brasil-em-lista-de-paises-hostis-com-russia-e-china","status":"publish","type":"post","link":"https:\/\/diariodocomercio.com.br\/mix\/eua-incluem-o-brasil-em-lista-de-paises-hostis-com-russia-e-china\/","title":{"rendered":"EUA incluem o Brasil em lista de pa\u00edses hostis com R\u00fassia e China"},"content":{"rendered":"\n<p>O governo dos Estados Unidos incluiu o <strong>Brasil em uma lista de cerca de 60 pa\u00edses e economias que passar\u00e3o por investiga\u00e7\u00e3o comercial<\/strong>, no \u00e2mbito de uma apura\u00e7\u00e3o sobre poss\u00edveis falhas no combate ao trabalho for\u00e7ado em cadeias produtivas.<\/p>\n\n\n\n<p>A medida foi anunciada pelo <strong>Escrit\u00f3rio do Representante de Com\u00e9rcio dos Estados Unidos (USTR)<\/strong> e faz parte de investiga\u00e7\u00f5es conduzidas com base na <strong>Se\u00e7\u00e3o 301 da Lei de Com\u00e9rcio de 1974<\/strong>, instrumento utilizado por Washington para avaliar pr\u00e1ticas consideradas desleais no com\u00e9rcio internacional.<\/p>\n\n\n\n<p>Segundo o \u00f3rg\u00e3o, o objetivo \u00e9 verificar se governos estrangeiros est\u00e3o adotando medidas suficientes para <strong>proibir a importa\u00e7\u00e3o ou produ\u00e7\u00e3o de mercadorias associadas ao trabalho for\u00e7ado<\/strong>.<\/p>\n\n\n\n<p>Al\u00e9m do Brasil, a investiga\u00e7\u00e3o envolve diversos parceiros estrat\u00e9gicos dos Estados Unidos, entre eles <strong>Canad\u00e1, Uni\u00e3o Europeia, Reino Unido, Austr\u00e1lia, Israel, \u00cdndia, Catar e Ar\u00e1bia Saudita<\/strong>.<\/p>\n\n\n\n<p>A lista tamb\u00e9m inclui <strong>China e R\u00fassia<\/strong>, pa\u00edses frequentemente citados por Washington em discuss\u00f5es sobre pr\u00e1ticas comerciais e direitos humanos.<\/p>\n\n\n\n<p>Em comunicado oficial, o representante comercial dos EUA, <strong>Jamieson Greer<\/strong>, afirmou que as investiga\u00e7\u00f5es buscam avaliar como a eventual aus\u00eancia de medidas eficazes contra o trabalho for\u00e7ado pode impactar <strong>trabalhadores e empresas norte-americanas<\/strong>.<\/p>\n\n\n\n<p>\u201cEssas investiga\u00e7\u00f5es determinar\u00e3o se os governos estrangeiros tomaram medidas suficientes para proibir a importa\u00e7\u00e3o de mercadorias produzidas com trabalho for\u00e7ado e como a falha em erradicar essas pr\u00e1ticas afeta os trabalhadores e as empresas dos Estados Unidos\u201d, declarou.<\/p>\n\n\n\n<h2 class=\"wp-block-heading\"><strong>Press\u00e3o comercial ap\u00f3s decis\u00e3o da Suprema Corte<\/strong><\/h2>\n\n\n\n<p>A iniciativa ocorre em um momento de intensifica\u00e7\u00e3o da pol\u00edtica comercial do governo do presidente <strong>Donald Trump<\/strong>, que tenta retomar instrumentos de press\u00e3o econ\u00f4mica sobre parceiros comerciais.<\/p>\n\n\n\n<p>Em fevereiro, a <strong>Suprema Corte dos Estados Unidos considerou ilegais algumas tarifas globais aplicadas anteriormente<\/strong>, o que levou o governo a adotar novas medidas tempor\u00e1rias.<\/p>\n\n\n\n<p>Entre elas est\u00e1 a <strong>imposi\u00e7\u00e3o de tarifas de 10% por 150 dias<\/strong>, com base na Se\u00e7\u00e3o 122 da Lei de Com\u00e9rcio de 1974. Paralelamente, Washington tamb\u00e9m iniciou investiga\u00e7\u00f5es sobre <strong>excesso de capacidade industrial em 16 grandes parceiros comerciais<\/strong>.<\/p>\n\n\n\n<h2 class=\"wp-block-heading\"><strong>Investiga\u00e7\u00f5es devem ser conclu\u00eddas at\u00e9 julho<\/strong><\/h2>\n\n\n\n<p>De acordo com o USTR, as investiga\u00e7\u00f5es abertas agora dever\u00e3o analisar se os pa\u00edses adotam mecanismos semelhantes aos existentes na legisla\u00e7\u00e3o americana para <strong>bloquear produtos associados ao trabalho for\u00e7ado<\/strong>.<\/p>\n\n\n\n<p>O governo norte-americano espera concluir o processo, incluindo eventuais medidas comerciais ou san\u00e7\u00f5es, <strong>antes de julho<\/strong>, quando expira o prazo das tarifas tempor\u00e1rias atualmente em vigor.<\/p>\n\n\n\n<p>At\u00e9 o momento, a inclus\u00e3o na lista <strong>n\u00e3o representa puni\u00e7\u00e3o autom\u00e1tica<\/strong>, mas indica que os pa\u00edses citados passar\u00e3o por avalia\u00e7\u00e3o detalhada das pol\u00edticas relacionadas a direitos trabalhistas e cadeias produtivas internacionais.<\/p>\n","protected":false},"excerpt":{"rendered":"<p>O governo dos Estados Unidos incluiu o Brasil em uma lista de cerca de 60 pa\u00edses e economias que passar\u00e3o por investiga\u00e7\u00e3o comercial, no \u00e2mbito de uma apura\u00e7\u00e3o sobre poss\u00edveis falhas no combate ao trabalho for\u00e7ado em cadeias produtivas. A medida foi anunciada pelo Escrit\u00f3rio do Representante de Com\u00e9rcio dos Estados Unidos (USTR) e faz [&hellip;]<\/p>\n","protected":false},"author":9,"featured_media":12777,"comment_status":"closed","ping_status":"closed","sticky":false,"template":"","format":"standard","meta":{"jnews-multi-image_gallery":[],"jnews_single_post":{"format":"standard"},"jnews_primary_category":[],"jnews_social_meta":[],"jnews_override_counter":[],"jnews_post_split":[],"footnotes":""},"categories":[1],"tags":[],"class_list":["post-38348","post","type-post","status-publish","format-standard","has-post-thumbnail","hentry","category-geral"],"_referencia":"","_links":{"self":[{"href":"https:\/\/diariodocomercio.com.br\/mix\/wp-json\/wp\/v2\/posts\/38348","targetHints":{"allow":["GET"]}}],"collection":[{"href":"https:\/\/diariodocomercio.com.br\/mix\/wp-json\/wp\/v2\/posts"}],"about":[{"href":"https:\/\/diariodocomercio.com.br\/mix\/wp-json\/wp\/v2\/types\/post"}],"author":[{"embeddable":true,"href":"https:\/\/diariodocomercio.com.br\/mix\/wp-json\/wp\/v2\/users\/9"}],"replies":[{"embeddable":true,"href":"https:\/\/diariodocomercio.com.br\/mix\/wp-json\/wp\/v2\/comments?post=38348"}],"version-history":[{"count":1,"href":"https:\/\/diariodocomercio.com.br\/mix\/wp-json\/wp\/v2\/posts\/38348\/revisions"}],"predecessor-version":[{"id":38351,"href":"https:\/\/diariodocomercio.com.br\/mix\/wp-json\/wp\/v2\/posts\/38348\/revisions\/38351"}],"wp:featuredmedia":[{"embeddable":true,"href":"https:\/\/diariodocomercio.com.br\/mix\/wp-json\/wp\/v2\/media\/12777"}],"wp:attachment":[{"href":"https:\/\/diariodocomercio.com.br\/mix\/wp-json\/wp\/v2\/media?parent=38348"}],"wp:term":[{"taxonomy":"category","embeddable":true,"href":"https:\/\/diariodocomercio.com.br\/mix\/wp-json\/wp\/v2\/categories?post=38348"},{"taxonomy":"post_tag","embeddable":true,"href":"https:\/\/diariodocomercio.com.br\/mix\/wp-json\/wp\/v2\/tags?post=38348"}],"curies":[{"name":"wp","href":"https:\/\/api.w.org\/{rel}","templated":true}]}}