{"id":38352,"date":"2026-03-13T11:05:44","date_gmt":"2026-03-13T14:05:44","guid":{"rendered":"https:\/\/diariodocomercio.com.br\/mix\/?p=38352"},"modified":"2026-03-13T11:05:46","modified_gmt":"2026-03-13T14:05:46","slug":"ancelotti-deve-convocar-4-jogadores-ineditos-e-que-nunca-foram-testados-para-a-selecao-brasileira","status":"publish","type":"post","link":"https:\/\/diariodocomercio.com.br\/mix\/ancelotti-deve-convocar-4-jogadores-ineditos-e-que-nunca-foram-testados-para-a-selecao-brasileira\/","title":{"rendered":"Ancelotti deve convocar 4 jogadores in\u00e9ditos e que nunca foram testados para a sele\u00e7\u00e3o brasileira"},"content":{"rendered":"\n<p>O t\u00e9cnico <strong>Carlo Ancelotti<\/strong> deve apostar em novos nomes na pr\u00f3xima convoca\u00e7\u00e3o da <strong>Sele\u00e7\u00e3o Brasileira<\/strong>, marcada para ser anunciada na segunda-feira (16). De olho na forma\u00e7\u00e3o do elenco que disputar\u00e1 a <strong>Copa do Mundo<\/strong>, o treinador avalia incluir <strong>quatro jogadores in\u00e9ditos na sua era no comando da equipe<\/strong>, abrindo espa\u00e7o para observa\u00e7\u00f5es de \u00faltima hora.<\/p>\n\n\n\n<p>A lista ser\u00e1 para os amistosos contra Fran\u00e7a e Cro\u00e1cia, programados para os dias 26 e 31 de mar\u00e7o, nos Estados Unidos. Os confrontos ser\u00e3o os \u00faltimos compromissos antes da divulga\u00e7\u00e3o da convoca\u00e7\u00e3o definitiva para o Mundial, prevista para 19 de maio.<\/p>\n\n\n\n<p>Entre os nomes que podem ganhar oportunidade est\u00e3o <strong>Gabriel Sara, Bremer, Igor Thiago e outros atletas que ainda n\u00e3o atuaram com Ancelotti<\/strong>, mas aparecem na pr\u00e9-lista da comiss\u00e3o t\u00e9cnica.<\/p>\n\n\n\n<p>Um dos principais candidatos a receber chance \u00e9 o <strong>meio-campista Gabriel Sara<\/strong>, atualmente no <strong>Galatasaray<\/strong>, da Turquia.<\/p>\n\n\n\n<p>Segundo pessoas ligadas \u00e0 comiss\u00e3o da sele\u00e7\u00e3o, Ancelotti busca um segundo volante com caracter\u00edsticas semelhantes \u00e0s de Lucas Paquet\u00e1, fun\u00e7\u00e3o que ainda n\u00e3o foi plenamente preenchida por nomes como Andreas Pereira, Joelinton ou Gerson.<\/p>\n\n\n\n<p>A les\u00e3o de Bruno Guimar\u00e3es tamb\u00e9m abre espa\u00e7o para testes no setor. Sara vive bom momento no futebol europeu, com 37 partidas na temporada, seis gols e tr\u00eas assist\u00eancias, sendo titular na maior parte dos jogos.<\/p>\n\n\n\n<figure class=\"wp-block-gallery has-nested-images columns-default is-cropped wp-block-gallery-1 is-layout-flex wp-block-gallery-is-layout-flex\">\n<figure class=\"wp-block-image size-large\"><img decoding=\"async\" width=\"950\" height=\"593\" data-id=\"38092\" src=\"https:\/\/diariodocomercio.com.br\/mix\/wp-content\/uploads\/2026\/03\/image-85.png\" alt=\"Gabriel Sara jogador futebol\" class=\"wp-image-38092\" srcset=\"https:\/\/diariodocomercio.com.br\/mix\/wp-content\/uploads\/2026\/03\/image-85.png 950w, https:\/\/diariodocomercio.com.br\/mix\/wp-content\/uploads\/2026\/03\/image-85-300x187.png 300w, https:\/\/diariodocomercio.com.br\/mix\/wp-content\/uploads\/2026\/03\/image-85-768x479.png 768w, https:\/\/diariodocomercio.com.br\/mix\/wp-content\/uploads\/2026\/03\/image-85-150x94.png 150w, https:\/\/diariodocomercio.com.br\/mix\/wp-content\/uploads\/2026\/03\/image-85-750x468.png 750w\" sizes=\"(max-width: 950px) 100vw, 950px\" \/><figcaption class=\"wp-element-caption\">Gabriel Sara (Reprodu\u00e7\u00e3o\/Galatasaray)<\/figcaption><\/figure>\n\n\n\n<figure class=\"wp-block-image size-large\"><img decoding=\"async\" width=\"950\" height=\"593\" data-id=\"38362\" src=\"https:\/\/diariodocomercio.com.br\/mix\/wp-content\/uploads\/2026\/03\/53771839203_fc3f4ab935_o-scaled-aspect-ratio-512-320.webp\" alt=\"Bremer jogador futebol\" class=\"wp-image-38362\" srcset=\"https:\/\/diariodocomercio.com.br\/mix\/wp-content\/uploads\/2026\/03\/53771839203_fc3f4ab935_o-scaled-aspect-ratio-512-320.webp 950w, https:\/\/diariodocomercio.com.br\/mix\/wp-content\/uploads\/2026\/03\/53771839203_fc3f4ab935_o-scaled-aspect-ratio-512-320-300x187.webp 300w, https:\/\/diariodocomercio.com.br\/mix\/wp-content\/uploads\/2026\/03\/53771839203_fc3f4ab935_o-scaled-aspect-ratio-512-320-768x479.webp 768w, https:\/\/diariodocomercio.com.br\/mix\/wp-content\/uploads\/2026\/03\/53771839203_fc3f4ab935_o-scaled-aspect-ratio-512-320-150x94.webp 150w, https:\/\/diariodocomercio.com.br\/mix\/wp-content\/uploads\/2026\/03\/53771839203_fc3f4ab935_o-scaled-aspect-ratio-512-320-750x468.webp 750w\" sizes=\"(max-width: 950px) 100vw, 950px\" \/><figcaption class=\"wp-element-caption\">Bremer (Reprodu\u00e7\u00e3o\/CBF)<\/figcaption><\/figure>\n\n\n\n<figure class=\"wp-block-image size-large\"><img decoding=\"async\" width=\"1200\" height=\"900\" data-id=\"38363\" src=\"https:\/\/diariodocomercio.com.br\/mix\/wp-content\/uploads\/2026\/03\/igor-thiago-e1762897310684.webp\" alt=\"Igor Thiago jogador futebol\" class=\"wp-image-38363\" srcset=\"https:\/\/diariodocomercio.com.br\/mix\/wp-content\/uploads\/2026\/03\/igor-thiago-e1762897310684.webp 1200w, https:\/\/diariodocomercio.com.br\/mix\/wp-content\/uploads\/2026\/03\/igor-thiago-e1762897310684-300x225.webp 300w, https:\/\/diariodocomercio.com.br\/mix\/wp-content\/uploads\/2026\/03\/igor-thiago-e1762897310684-768x576.webp 768w, https:\/\/diariodocomercio.com.br\/mix\/wp-content\/uploads\/2026\/03\/igor-thiago-e1762897310684-150x113.webp 150w, https:\/\/diariodocomercio.com.br\/mix\/wp-content\/uploads\/2026\/03\/igor-thiago-e1762897310684-750x563.webp 750w, https:\/\/diariodocomercio.com.br\/mix\/wp-content\/uploads\/2026\/03\/igor-thiago-e1762897310684-1140x855.webp 1140w\" sizes=\"(max-width: 1200px) 100vw, 1200px\" \/><figcaption class=\"wp-element-caption\">Igor Thiago (Reprodu\u00e7\u00e3o\/PA)<\/figcaption><\/figure>\n<\/figure>\n\n\n\n<h2 class=\"wp-block-heading\"><strong>Bremer pode refor\u00e7ar a defesa<\/strong><\/h2>\n\n\n\n<p>Outro nome cotado \u00e9 o <strong>zagueiro Bremer<\/strong>, da <strong>Juventus<\/strong>, que voltou a atuar com regularidade ap\u00f3s se recuperar de uma grave les\u00e3o no joelho sofrida em 2025.<\/p>\n\n\n\n<p>Com a possibilidade de o Brasil levar <strong>apenas um lateral-direito de origem<\/strong> para o Mundial, Ancelotti estuda ampliar as op\u00e7\u00f5es na zaga, j\u00e1 que alguns defensores tamb\u00e9m podem atuar improvisados pelos lados.<\/p>\n\n\n\n<p>Bremer soma <strong>22 partidas na temporada<\/strong>, com tr\u00eas gols e tr\u00eas assist\u00eancias pelo clube italiano.<\/p>\n\n\n\n<h2 class=\"wp-block-heading\"><strong>Igor Thiago surge como op\u00e7\u00e3o de centroavante<\/strong><\/h2>\n\n\n\n<p>No ataque, o centroavante <strong>Igor Thiago<\/strong>, destaque do <strong>Brentford<\/strong>, na Premier League, tamb\u00e9m aparece como forte candidato.<\/p>\n\n\n\n<p>Com <strong>1,91 metro de altura<\/strong>, o jogador oferece uma caracter\u00edstica rara no atual grupo da sele\u00e7\u00e3o: a de <strong>camisa 9 de \u00e1rea tradicional<\/strong>, algo que n\u00e3o est\u00e1 presente em outros atacantes convocados recentemente.<\/p>\n\n\n\n<p>O brasileiro disputa posi\u00e7\u00f5es de destaque na artilharia da liga inglesa e vem chamando aten\u00e7\u00e3o pelo desempenho na Europa.<\/p>\n\n\n\n<h2 class=\"wp-block-heading\"><strong>Base da sele\u00e7\u00e3o j\u00e1 est\u00e1 praticamente definida<\/strong><\/h2>\n\n\n\n<p>Apesar da possibilidade de testes, boa parte do elenco para a Copa do Mundo j\u00e1 est\u00e1 praticamente definida, caso n\u00e3o ocorram les\u00f5es.<\/p>\n\n\n\n<p>Entre os jogadores considerados praticamente garantidos est\u00e3o <strong>Alisson, Marquinhos, Casemiro, Bruno Guimar\u00e3es, Vinicius J\u00fanior, Raphinha e Matheus Cunha<\/strong>, al\u00e9m de nomes como <strong>\u00c9der Milit\u00e3o, Danilo, Gabriel Magalh\u00e3es, Alex Sandro, Andrey Santos e Estev\u00e3o<\/strong>.<\/p>\n\n\n\n<p>O atacante <strong>Rodrygo<\/strong>, que tamb\u00e9m era presen\u00e7a quase certa, est\u00e1 fora da disputa ap\u00f3s sofrer <strong>grave les\u00e3o ligamentar<\/strong>.<\/p>\n\n\n\n<p>Para o Mundial, Ancelotti poder\u00e1 convocar <strong>26 jogadores<\/strong>, e os amistosos de mar\u00e7o devem servir como <strong>\u00faltima oportunidade de avalia\u00e7\u00e3o para atletas que buscam uma vaga no grupo final<\/strong>.<\/p>\n","protected":false},"excerpt":{"rendered":"<p>O t\u00e9cnico Carlo Ancelotti deve apostar em novos nomes na pr\u00f3xima convoca\u00e7\u00e3o da Sele\u00e7\u00e3o Brasileira, marcada para ser anunciada na segunda-feira (16). De olho na forma\u00e7\u00e3o do elenco que disputar\u00e1 a Copa do Mundo, o treinador avalia incluir quatro jogadores in\u00e9ditos na sua era no comando da equipe, abrindo espa\u00e7o para observa\u00e7\u00f5es de \u00faltima hora. [&hellip;]<\/p>\n","protected":false},"author":9,"featured_media":6181,"comment_status":"closed","ping_status":"closed","sticky":false,"template":"","format":"standard","meta":{"jnews-multi-image_gallery":[],"jnews_single_post":{"format":"standard"},"jnews_primary_category":[],"jnews_social_meta":[],"jnews_override_counter":[],"jnews_post_split":[],"footnotes":""},"categories":[1],"tags":[],"class_list":["post-38352","post","type-post","status-publish","format-standard","has-post-thumbnail","hentry","category-geral"],"_referencia":"","_links":{"self":[{"href":"https:\/\/diariodocomercio.com.br\/mix\/wp-json\/wp\/v2\/posts\/38352","targetHints":{"allow":["GET"]}}],"collection":[{"href":"https:\/\/diariodocomercio.com.br\/mix\/wp-json\/wp\/v2\/posts"}],"about":[{"href":"https:\/\/diariodocomercio.com.br\/mix\/wp-json\/wp\/v2\/types\/post"}],"author":[{"embeddable":true,"href":"https:\/\/diariodocomercio.com.br\/mix\/wp-json\/wp\/v2\/users\/9"}],"replies":[{"embeddable":true,"href":"https:\/\/diariodocomercio.com.br\/mix\/wp-json\/wp\/v2\/comments?post=38352"}],"version-history":[{"count":1,"href":"https:\/\/diariodocomercio.com.br\/mix\/wp-json\/wp\/v2\/posts\/38352\/revisions"}],"predecessor-version":[{"id":38364,"href":"https:\/\/diariodocomercio.com.br\/mix\/wp-json\/wp\/v2\/posts\/38352\/revisions\/38364"}],"wp:featuredmedia":[{"embeddable":true,"href":"https:\/\/diariodocomercio.com.br\/mix\/wp-json\/wp\/v2\/media\/6181"}],"wp:attachment":[{"href":"https:\/\/diariodocomercio.com.br\/mix\/wp-json\/wp\/v2\/media?parent=38352"}],"wp:term":[{"taxonomy":"category","embeddable":true,"href":"https:\/\/diariodocomercio.com.br\/mix\/wp-json\/wp\/v2\/categories?post=38352"},{"taxonomy":"post_tag","embeddable":true,"href":"https:\/\/diariodocomercio.com.br\/mix\/wp-json\/wp\/v2\/tags?post=38352"}],"curies":[{"name":"wp","href":"https:\/\/api.w.org\/{rel}","templated":true}]}}