{"id":38354,"date":"2026-03-13T10:34:50","date_gmt":"2026-03-13T13:34:50","guid":{"rendered":"https:\/\/diariodocomercio.com.br\/mix\/?p=38354"},"modified":"2026-03-13T10:34:52","modified_gmt":"2026-03-13T13:34:52","slug":"4-vezes-campea-italia-esta-fora-da-copa-do-mundo-nos-eua","status":"publish","type":"post","link":"https:\/\/diariodocomercio.com.br\/mix\/4-vezes-campea-italia-esta-fora-da-copa-do-mundo-nos-eua\/","title":{"rendered":"4 vezes campe\u00e3, It\u00e1lia est\u00e1 fora da Copa do Mundo nos EUA"},"content":{"rendered":"\n<p>Considerando o hist\u00f3rico da sele\u00e7\u00e3o da It\u00e1lia na Copa do Mundo \u2014 o pa\u00eds levou o mundial quatro vezes \u2014, parece loucura imaginar que a sele\u00e7\u00e3o verde, vermelha e branca pode ficar de fora do campeonato este ano. A It\u00e1lia vai disputar uma vaga no campeonato mundial contra a Irlanda no dia 26 de mar\u00e7o. Recentemente, a Federa\u00e7\u00e3o Italiana de Futebol (FIGC) definiu que a partida da repescagem europeia ser\u00e1 disputada no Est\u00e1dio de Bergamo. Para os supersticiosos, a not\u00edcia \u00e9 boa, j\u00e1 que a sele\u00e7\u00e3o italiana nunca foi derrotada no est\u00e1dio.<\/p>\n\n\n\n<p>Se a It\u00e1lia vencer o jogo contra a Irlanda, ela ainda n\u00e3o tem sua vaga garantida na Copa do Mundo: ela ainda precisa enfrentar o Pa\u00eds de Gales ou a B\u00f3snia (dependendo de qual pa\u00eds levar) na final da repescagem europeia. Os jogos s\u00e3o entre os dias 26 e 31 de mar\u00e7o. <\/p>\n\n\n\n<p>A It\u00e1lia acabou sendo jogada para a repescagem depois de ter sido derrotada pela Noruega por 4 a 1 na \u00faltima rodada do Grupo I das Eliminat\u00f3rias da Europa. O pa\u00eds j\u00e1 ficou de fora das duas \u00faltimas edi\u00e7\u00f5es da Copa do Mundo, tendo disputado o mundial mais recentemente l\u00e1 em 2014, h\u00e1 mais de uma d\u00e9cada.<\/p>\n\n\n\n<h2 class=\"wp-block-heading\">Copa do Mundo 2026: quais sele\u00e7\u00f5es j\u00e1 est\u00e3o confirmadas?<\/h2>\n\n\n\n<ul class=\"wp-block-list\">\n<li>PA\u00cdSES-SEDE\n<ul class=\"wp-block-list\">\n<li>Canad\u00e1;<\/li>\n\n\n\n<li>Estados Unidos;<\/li>\n\n\n\n<li>M\u00e9xico;<\/li>\n<\/ul>\n<\/li>\n\n\n\n<li>AM\u00c9RICA DO NORTE, CENTRAL E CARIBE\n<ul class=\"wp-block-list\">\n<li>Cura\u00e7ao;<\/li>\n\n\n\n<li>Haiti;<\/li>\n\n\n\n<li>Panam\u00e1;<\/li>\n<\/ul>\n<\/li>\n\n\n\n<li>\u00c1SIA\n<ul class=\"wp-block-list\">\n<li>Jap\u00e3o;<\/li>\n\n\n\n<li>Ir\u00e3;<\/li>\n\n\n\n<li>Uzbequist\u00e3o;<\/li>\n\n\n\n<li>Coreia do Sul;<\/li>\n\n\n\n<li>Jord\u00e2nia;<\/li>\n\n\n\n<li>Austr\u00e1lia;<\/li>\n\n\n\n<li>Catar;<\/li>\n\n\n\n<li>Ar\u00e1bia Saudita;<\/li>\n<\/ul>\n<\/li>\n\n\n\n<li>OCEANIA\n<ul class=\"wp-block-list\">\n<li>Nova Zel\u00e2ndia;<\/li>\n<\/ul>\n<\/li>\n\n\n\n<li>AM\u00c9RICA DO SUL\n<ul class=\"wp-block-list\">\n<li>Argentina;<\/li>\n\n\n\n<li>Brasil;<\/li>\n\n\n\n<li>Equador;<\/li>\n\n\n\n<li>Uruguai;<\/li>\n\n\n\n<li>Col\u00f4mbia;<\/li>\n\n\n\n<li>Paraguai;<\/li>\n<\/ul>\n<\/li>\n\n\n\n<li>\u00c1FRICA\n<ul class=\"wp-block-list\">\n<li>Marrocos;<\/li>\n\n\n\n<li>Tun\u00edsia;<\/li>\n\n\n\n<li>Egito;<\/li>\n\n\n\n<li>Arg\u00e9lia;<\/li>\n\n\n\n<li>Gana;<\/li>\n\n\n\n<li>Cabo Verde;<\/li>\n\n\n\n<li>\u00c1frica do Sul;<\/li>\n\n\n\n<li>Costa do Marfim;<\/li>\n\n\n\n<li>Senegal;<\/li>\n<\/ul>\n<\/li>\n\n\n\n<li>EUROPA\n<ul class=\"wp-block-list\">\n<li>Inglaterra;<\/li>\n\n\n\n<li>Fran\u00e7a;<\/li>\n\n\n\n<li>Cro\u00e1cia;<\/li>\n\n\n\n<li>Portugal;<\/li>\n\n\n\n<li>Noruega;<\/li>\n\n\n\n<li>Holanda;<\/li>\n\n\n\n<li>Alemanha;<\/li>\n\n\n\n<li>Su\u00ed\u00e7a;<\/li>\n\n\n\n<li>\u00c1ustria;<\/li>\n\n\n\n<li>B\u00e9lgica;<\/li>\n\n\n\n<li>Espanha;<\/li>\n\n\n\n<li>Esc\u00f3cia.<\/li>\n<\/ul>\n<\/li>\n<\/ul>\n\n\n\n<style>@media (min-width: 992px) {\n    .recomendadorV2Area1 {\n        width: 280px;\n    }\n    .recomendadorV2Area2 {\n        padding: 0px 20px;\n        width: calc(100% - 280px);\n    }\n}\n\n@media (max-width: 992px) {\n    .recomendadorV2Button {\n        margin: 0 auto;\n    }\n    .recomendadorV2Area {\n        flex-direction: column;\n        text-align: center;\n    }\n    .recomendadorV2Area2 {\n        padding: 0px 20px;\n    }\n}\n\n.recomendadorV2Area {\n    background: #eeeeee3d;\n    border-radius: 10px;\n    padding: 15px;\n    display: flex;\n    margin: 15px auto;\n    border: 1px solid #00000014;\n    max-width: 800px;\n}\n\n.recomendadorV2Area1 img {\n    width: 280px;\n    height: auto;\n    border-radius: 8px;\n}\n\n.linkrecomendadorv2 {\n    text-decoration: none !important;\n}\n\n.recomendadorV2Area2 .recomendadorV2Type {\n    text-transform: uppercase;\n    font-weight: 500;\n    font-size: 11px;\n    letter-spacing: 2px;\n    color: #666;\n    margin: 12px 0;\n    display: block;\n}\n\n.recomendadorV2Title h2 {\n    padding-top: 0px !important;\n    margin: 0px !important;\n    border-left: none !important;\n    padding-left: 0px !important;\n    line-height: 1.3;\n    color: #000 !important;\n    font-size: 24px;\n    margin-bottom: 12px !important;\n}\n\n.recomendadorV2Desc {\n    color: #333;\n    margin: 12px 0px !important;\n    font-size: 15px;\n    line-height: 1.5;\n}\n\n.recomendadorV2Button {\n    width: auto;\n    max-width: 200px;\n    margin: 0;\n    display: inline-flex;\n    align-items: center;\n    background: #1D3557;\n    border-radius: 8px;\n    color: #fff;\n    height: 36px;\n    justify-content: center;\n    text-align: center;\n    font-size: 14px;\n    padding: 0 20px;\n    transition: background-color 0.2s ease;\n}\n\n.recomendadorV2Button:hover {\n    background: #2a4d7a;\n}\n\n.recomendadorV2Button:after {\n    margin-top: -2px;\n    content: \"\u2192\";\n    padding: 0px 0px 0px 8px;\n}\n\n.recomendadorV2Alert {\n    text-align: left;\n    font-size: 11px;\n    margin-top: 8px;\n    color: #666;\n}\n\n.recomendadorFixedArea {\n    width: 100%;\n    display: flex;\n    justify-content: center;\n    align-items: center;\n}\n\n@media (min-width: 992px) {\n    #recomendadorFixed {\n        width: 32% !important;\n        left: 5%;\n    }\n    .recomendadorCloseFixed{\n        right: inherit !important;\n        left: 378px !important;\n    }\n}\n\n#recomendadorFixed {\n    width: 90%;\n    box-shadow: 0 10px 20px 0px #00000057;\n    display: none;\n    height: 90px;\n    background: #F6F6F6;\n    position: fixed;\n    flex-direction: row;\n    bottom: 10px;\n    z-index: 9999;\n    border-radius: 16px;\n    padding: 7px 10px;\n}\n\n.recomendadorLeftArea {\n    width: 160px;\n}\n\n.recomendadorRightArea h2 {\n    padding-top: 0px;\n    margin: 2px 0px 4px 0px !important;\n    font-weight: 400;\n    text-align: center;\n    padding-left: 0px !important;\n    color: #000 !important;\n    border-left: none !important;\n    line-height: 20px;\n    font-size: 12px !important;\n}\n\n.recomendadorImgFixed {\n    overflow: hidden;\n    padding: 8px 6px;\n    height: 100%;\n}\n\n.recomendadorImgFixed img {\n    height: 100% !important;\n    border-radius: 16px;\n}\n\n.recomendadorRightArea {\n    padding-top: 6px;\n    display: flex;\n    width: calc(100% - 130px);\n    justify-content: space-between;\n    align-items: center;\n    flex-direction: column;\n}\n\n.recomendadorButtonFixed {\n    margin: 0 auto;\n    background: #1D3557;\n    width: 80%;\n    text-align: center;\n    font-size: 10px;\n    color: #FFF;\n    padding: 2px 10px;\n    border-radius: 3px;\n}\n\n.recomendadorButtonFixed:after {\n    margin-top: -3px;\n    content: \"\u2192\";\n    padding: 0px 0px 0px 10px;\n}\n\n.recomendadorAlertFixed {\n    font-weight: 400;\n    text-align: center;\n    color: #484848;\n    font-size: 8px;\n}\n\n.recomendadorCloseFixed {\n    z-index: 99999;\n    display: none;\n    right: 0px;\n    left: inherit;\n    bottom: 99px;\n    position: fixed;\n    justify-content: center;\n    background: #F6F6F6;\n    width: 25px;\n    align-items: center;\n    height: 25px;\n    font-weight: 800;\n    border-radius: 50%;\n    border: 1px solid #EBEBEB;\n}\n\n.recomendadorV2Desc{\n    color: #000000;\n    margin: 20px 0px;\n}\n\n@media (max-width: 576px) {\n    .recomendadorV2Area {\n      padding: 10px;\n      max-width: 100%;\n    }\n  \n    .recomendadorV2Area1 img {\n      width: 100%;\n      border-radius: 6px;\n    }\n  \n    .recomendadorV2Area2 .recomendadorV2Type {\n      font-size: 9px;\n      letter-spacing: 1px;\n      margin: 8px 0;\n    }\n  \n    .recomendadorV2Title h2 {\n      font-size: 18px !important;\n      margin-bottom: 8px !important;\n      line-height: 1.2;\n    }\n  \n    .recomendadorV2Desc {\n      font-size: 14px;\n      margin: 8px 0 !important;\n      line-height: 1.4;\n    }\n  \n    .recomendadorV2Button {\n      font-size: 14px;\n      height: 40px;\n      padding: 0 12px;\n      max-width: 100%;\n      width: 100%;\n    }\n  \n    .recomendadorV2Button:after {\n      padding-left: 6px;\n    }\n  }\n  <\/style>\n        <div class=\"lazyblock-recomendador-v2-2jDGz wp-block-lazyblock-recomendador-v2\">\n        <a class=\"linkrecomendadorv2\" href=\"https:\/\/diariodocomercio.com.br\/mix\/importante-revista-internacional-crava-que-o-agente-secreto-saira-de-maos-vazias-do-oscar\/\">\n            <div class=\"recomendadorV2Area\">\n            <div class=\"recomendadorV2Area1\">\n                <div class=\"recomendadorV2Img\">\n                <img class=\"lazyloaded\" decoding=\"async\" src=\"https:\/\/diariodocomercio.com.br\/mix\/wp-content\/uploads\/2025\/07\/o-agente-secreto-wagner-moura.jpg\" data-src=\"https:\/\/diariodocomercio.com.br\/mix\/wp-content\/uploads\/2025\/07\/o-agente-secreto-wagner-moura.jpg\" alt=\"\">\n                <\/div>\n            <\/div>\n            <div class=\"recomendadorV2Area2\">\n                <div class=\"recomendadorV2Type\">\n                    <span>OSCAR<\/span>\n                <\/div>\n                <div class=\"recomendadorV2Title\">\n                <h2><span>Importante revista internacional crava que \u2018O Agente Secreto\u2019 sair\u00e1 de m\u00e3os vazias do Oscar<\/span><\/h2>\n                <\/div>\n                <div class=\"recomendadorV2Desc\">\n                <span>O Agente Secreto fez hist\u00f3ria igualando o recorde de Cidade de Deus com quatro indica\u00e7\u00f5es ao Oscar, mas quais as \u2026<\/span>\n                <\/div>\n                <div class=\"recomendadorV2Button\">Leia mais<\/div>\n                <div class=\"recomendadorV2Alert\"><\/div>\n            <\/div>\n            <\/div>\n        <\/a>\n        <div>\n            <div style=\"z-index:99999;\" id=\"buttonClose\" onclick=\"closeRecomendadorFixed()\">\n            <div class=\"recomendadorCloseFixed\">X<\/div>\n            <\/div>\n            <a href=\"https:\/\/diariodocomercio.com.br\/mix\/importante-revista-internacional-crava-que-o-agente-secreto-saira-de-maos-vazias-do-oscar\/\">\n            <div class=\"recomendadorFixedArea\">\n                <div id=\"recomendadorFixed\">\n                <div class=\"recomendadorLeftArea\">\n                    <div class=\"recomendadorImgFixed\">\n                    <img class=\"lazyload\" decoding=\"async\" src=\"https:\/\/diariodocomercio.com.br\/mix\/wp-content\/uploads\/2025\/07\/o-agente-secreto-wagner-moura.jpg\" alt=\"\">\n                    <\/div>\n                <\/div>\n                <div class=\"recomendadorRightArea\">\n                    <div class=\"recomendadorTitleFixed\">\n                    <h2><span>Importante revista internacional crava que \u2018O Agente Secreto\u2019 sair\u00e1 de m\u00e3os vazias do Oscar<\/span><\/h2>\n                    <\/div>\n                    <div class=\"recomendadorButtonFixed\">Leia mais<\/div>\n                    <div class=\"recomendadorAlertFixed\"><\/div>\n                <\/div>\n                <\/div>\n            <\/div>\n            <\/a>\n        <\/div>\n        <\/div>\n","protected":false},"excerpt":{"rendered":"<p>Quatro vezes campe\u00e3 da Copa do Mundo, a It\u00e1lia corre o risco de ficar de fora do mundial pela terceira vez consecutiva.<\/p>\n","protected":false},"author":6,"featured_media":38355,"comment_status":"closed","ping_status":"closed","sticky":false,"template":"","format":"standard","meta":{"jnews-multi-image_gallery":[],"jnews_single_post":{"format":"standard"},"jnews_primary_category":[],"jnews_social_meta":[],"jnews_override_counter":[],"jnews_post_split":[],"footnotes":""},"categories":[1],"tags":[],"class_list":["post-38354","post","type-post","status-publish","format-standard","has-post-thumbnail","hentry","category-geral"],"_referencia":"","_links":{"self":[{"href":"https:\/\/diariodocomercio.com.br\/mix\/wp-json\/wp\/v2\/posts\/38354","targetHints":{"allow":["GET"]}}],"collection":[{"href":"https:\/\/diariodocomercio.com.br\/mix\/wp-json\/wp\/v2\/posts"}],"about":[{"href":"https:\/\/diariodocomercio.com.br\/mix\/wp-json\/wp\/v2\/types\/post"}],"author":[{"embeddable":true,"href":"https:\/\/diariodocomercio.com.br\/mix\/wp-json\/wp\/v2\/users\/6"}],"replies":[{"embeddable":true,"href":"https:\/\/diariodocomercio.com.br\/mix\/wp-json\/wp\/v2\/comments?post=38354"}],"version-history":[{"count":1,"href":"https:\/\/diariodocomercio.com.br\/mix\/wp-json\/wp\/v2\/posts\/38354\/revisions"}],"predecessor-version":[{"id":38356,"href":"https:\/\/diariodocomercio.com.br\/mix\/wp-json\/wp\/v2\/posts\/38354\/revisions\/38356"}],"wp:featuredmedia":[{"embeddable":true,"href":"https:\/\/diariodocomercio.com.br\/mix\/wp-json\/wp\/v2\/media\/38355"}],"wp:attachment":[{"href":"https:\/\/diariodocomercio.com.br\/mix\/wp-json\/wp\/v2\/media?parent=38354"}],"wp:term":[{"taxonomy":"category","embeddable":true,"href":"https:\/\/diariodocomercio.com.br\/mix\/wp-json\/wp\/v2\/categories?post=38354"},{"taxonomy":"post_tag","embeddable":true,"href":"https:\/\/diariodocomercio.com.br\/mix\/wp-json\/wp\/v2\/tags?post=38354"}],"curies":[{"name":"wp","href":"https:\/\/api.w.org\/{rel}","templated":true}]}}