{"id":38365,"date":"2026-03-13T11:14:08","date_gmt":"2026-03-13T14:14:08","guid":{"rendered":"https:\/\/diariodocomercio.com.br\/mix\/?p=38365"},"modified":"2026-03-13T11:14:11","modified_gmt":"2026-03-13T14:14:11","slug":"segure-se-na-cadeira-antes-de-ver-o-salario-milionario-de-leonardo-jardim-no-flamengo","status":"publish","type":"post","link":"https:\/\/diariodocomercio.com.br\/mix\/segure-se-na-cadeira-antes-de-ver-o-salario-milionario-de-leonardo-jardim-no-flamengo\/","title":{"rendered":"Segure-se na cadeira antes de ver o sal\u00e1rio milion\u00e1rio de Leonardo Jardim no Flamengo"},"content":{"rendered":"\n<p>O Flamengo oficializou a contrata\u00e7\u00e3o do t\u00e9cnico portugu\u00eas Leonardo Jardim para comandar a equipe principal. O treinador chega ao clube carioca com um dos maiores sal\u00e1rios do futebol brasileiro, recebendo cerca de <strong>R$ 3 milh\u00f5es por m\u00eas<\/strong>, valor que o coloca entre os profissionais mais bem pagos do pa\u00eds.<\/p>\n\n\n\n<p>Anunciado na quarta-feira (4) e apresentado oficialmente na quinta-feira (5), no Ninho do Urubu, Jardim j\u00e1 iniciou os primeiros trabalhos com o elenco rubro-negro. O primeiro grande compromisso \u00e0 frente da equipe foi na final do Campeonato Carioca, contra o Fluminense, neste domingo (8).<\/p>\n\n\n\n<p>Antes de acertar com o Flamengo, Leonardo Jardim recebia aproximadamente <strong>R$ 1,5 milh\u00e3o mensais no Cruzeiro<\/strong>. Com o novo contrato firmado com o clube carioca, o sal\u00e1rio praticamente dobrou, elevando a remunera\u00e7\u00e3o anual do treinador para cerca de <strong>R$ 36 milh\u00f5es<\/strong>.<\/p>\n\n\n\n<p>O valor \u00e9 semelhante ao pago pelo Palmeiras ao t\u00e9cnico Abel Ferreira e reflete a estrat\u00e9gia da diretoria rubro-negra de apostar em um comandante com peso suficiente para gerir um elenco repleto de estrelas e liderar decis\u00f5es importantes dentro do vesti\u00e1rio.<\/p>\n\n\n\n<p>Durante a apresenta\u00e7\u00e3o, o treinador revelou que as conversas com o Flamengo j\u00e1 aconteciam anteriormente, mas a negocia\u00e7\u00e3o foi adiada no fim do ano passado por quest\u00f5es pessoais e de sa\u00fade, que impediram sua chegada naquele momento.<\/p>\n\n\n\n<h2 class=\"wp-block-heading\"><strong>Carreira marcada por forma\u00e7\u00e3o de equipes<\/strong><\/h2>\n\n\n\n<p>Leonardo Jardim nasceu em Barcelona, na Venezuela, \u00e9 filho de portugueses e foi criado na Ilha da Madeira. Sem conseguir se firmar como jogador profissional, iniciou cedo a carreira como treinador, aos 27 anos.<\/p>\n\n\n\n<p>Ao longo da trajet\u00f3ria, construiu reputa\u00e7\u00e3o como um t\u00e9cnico especializado em <strong>desenvolver jovens talentos e estruturar equipes competitivas<\/strong>, com forte organiza\u00e7\u00e3o t\u00e1tica.<\/p>\n\n\n\n<p>O \u00faltimo trabalho antes do Flamengo foi no pr\u00f3prio futebol brasileiro. Em 2025, comandou o Cruzeiro e terminou o Campeonato Brasileiro na terceira coloca\u00e7\u00e3o, al\u00e9m de levar o clube \u00e0 semifinal da Copa do Brasil. Apesar do desempenho consistente, deixou a equipe mineira no fim da temporada alegando necessidade de descanso.<\/p>\n\n\n\n<p>Agora, com contrato com o Flamengo at\u00e9 <strong>dezembro de 2027<\/strong>, Leonardo Jardim inicia um novo cap\u00edtulo na carreira.<\/p>\n","protected":false},"excerpt":{"rendered":"<p>O Flamengo oficializou a contrata\u00e7\u00e3o do t\u00e9cnico portugu\u00eas Leonardo Jardim para comandar a equipe principal. O treinador chega ao clube carioca com um dos maiores sal\u00e1rios do futebol brasileiro, recebendo cerca de R$ 3 milh\u00f5es por m\u00eas, valor que o coloca entre os profissionais mais bem pagos do pa\u00eds. Anunciado na quarta-feira (4) e apresentado [&hellip;]<\/p>\n","protected":false},"author":9,"featured_media":37591,"comment_status":"closed","ping_status":"closed","sticky":false,"template":"","format":"standard","meta":{"jnews-multi-image_gallery":[],"jnews_single_post":{"format":"standard"},"jnews_primary_category":[],"jnews_social_meta":[],"jnews_override_counter":[],"jnews_post_split":[],"footnotes":""},"categories":[1],"tags":[],"class_list":["post-38365","post","type-post","status-publish","format-standard","has-post-thumbnail","hentry","category-geral"],"_referencia":"","_links":{"self":[{"href":"https:\/\/diariodocomercio.com.br\/mix\/wp-json\/wp\/v2\/posts\/38365","targetHints":{"allow":["GET"]}}],"collection":[{"href":"https:\/\/diariodocomercio.com.br\/mix\/wp-json\/wp\/v2\/posts"}],"about":[{"href":"https:\/\/diariodocomercio.com.br\/mix\/wp-json\/wp\/v2\/types\/post"}],"author":[{"embeddable":true,"href":"https:\/\/diariodocomercio.com.br\/mix\/wp-json\/wp\/v2\/users\/9"}],"replies":[{"embeddable":true,"href":"https:\/\/diariodocomercio.com.br\/mix\/wp-json\/wp\/v2\/comments?post=38365"}],"version-history":[{"count":1,"href":"https:\/\/diariodocomercio.com.br\/mix\/wp-json\/wp\/v2\/posts\/38365\/revisions"}],"predecessor-version":[{"id":38366,"href":"https:\/\/diariodocomercio.com.br\/mix\/wp-json\/wp\/v2\/posts\/38365\/revisions\/38366"}],"wp:featuredmedia":[{"embeddable":true,"href":"https:\/\/diariodocomercio.com.br\/mix\/wp-json\/wp\/v2\/media\/37591"}],"wp:attachment":[{"href":"https:\/\/diariodocomercio.com.br\/mix\/wp-json\/wp\/v2\/media?parent=38365"}],"wp:term":[{"taxonomy":"category","embeddable":true,"href":"https:\/\/diariodocomercio.com.br\/mix\/wp-json\/wp\/v2\/categories?post=38365"},{"taxonomy":"post_tag","embeddable":true,"href":"https:\/\/diariodocomercio.com.br\/mix\/wp-json\/wp\/v2\/tags?post=38365"}],"curies":[{"name":"wp","href":"https:\/\/api.w.org\/{rel}","templated":true}]}}