{"id":38371,"date":"2026-03-13T12:31:42","date_gmt":"2026-03-13T15:31:42","guid":{"rendered":"https:\/\/diariodocomercio.com.br\/mix\/?p=38371"},"modified":"2026-03-13T12:31:44","modified_gmt":"2026-03-13T15:31:44","slug":"famosa-marca-de-carros-vai-mandar-embora-50-mil-funcionarios","status":"publish","type":"post","link":"https:\/\/diariodocomercio.com.br\/mix\/famosa-marca-de-carros-vai-mandar-embora-50-mil-funcionarios\/","title":{"rendered":"Famosa marca de carros vai mandar embora 50 mil funcion\u00e1rios"},"content":{"rendered":"\n<p>A Volkswagen anunciou um amplo plano de reestrutura\u00e7\u00e3o que prev\u00ea o corte de <strong>at\u00e9 50 mil empregos at\u00e9 o fim da d\u00e9cada<\/strong>, principalmente na Alemanha. A medida faz parte de uma estrat\u00e9gia para reduzir custos diante da queda nas vendas em mercados importantes, como <strong>China e Am\u00e9rica do Norte<\/strong>, al\u00e9m do impacto de tarifas comerciais impostas pelos Estados Unidos.<\/p>\n\n\n\n<p>O grupo alem\u00e3o, considerado o maior fabricante de autom\u00f3veis da Europa e dono de marcas como <strong>Audi e Porsche<\/strong>, busca ajustar suas opera\u00e7\u00f5es diante de um cen\u00e1rio global mais desafiador para a ind\u00fastria automotiva.<\/p>\n\n\n\n<p>Parte dos cortes j\u00e1 havia sido negociada com sindicatos alem\u00e3es no fim de 2024. Na ocasi\u00e3o, a empresa fechou um acordo para <strong>eliminar mais de 35 mil postos de trabalho at\u00e9 2030<\/strong>, em um processo descrito como socialmente respons\u00e1vel, que inclui aposentadorias e sa\u00eddas naturais de funcion\u00e1rios.<\/p>\n\n\n\n<p>A nova estimativa amplia o alcance do ajuste, que deve atingir diferentes \u00e1reas do grupo. A meta da companhia \u00e9 <strong>economizar cerca de 15 bilh\u00f5es de euros<\/strong> nos pr\u00f3ximos anos.<\/p>\n\n\n\n<p>Segundo o diretor financeiro da Volkswagen, <strong>Arno Antlitz<\/strong>, a atual margem de lucro da empresa n\u00e3o \u00e9 suficiente para garantir sustentabilidade no longo prazo, o que exige novas medidas de redu\u00e7\u00e3o de custos.<\/p>\n\n\n\n<h2 class=\"wp-block-heading\"><strong>Queda de vendas pressiona resultados<\/strong><\/h2>\n\n\n\n<p>A montadora tamb\u00e9m enfrenta dificuldades em alguns dos seus principais mercados. A demanda por ve\u00edculos da Volkswagen <strong>caiu na China<\/strong>, pa\u00eds que por muitos anos foi um dos mais lucrativos para a companhia. Ao mesmo tempo, fabricantes chineses passaram a ganhar espa\u00e7o no mercado europeu, aumentando a concorr\u00eancia.<\/p>\n\n\n\n<p>Nos Estados Unidos, o cen\u00e1rio tamb\u00e9m se tornou mais complexo ap\u00f3s a decis\u00e3o do presidente <strong>Donald Trump de impor tarifas de 25% sobre carros importados<\/strong>, o que elevou os custos para montadoras estrangeiras.<\/p>\n\n\n\n<p>Em 2025, a Volkswagen entregou <strong>cerca de 8,98 milh\u00f5es de ve\u00edculos em todo o mundo<\/strong>, uma queda de 0,5% em rela\u00e7\u00e3o ao ano anterior.<\/p>\n\n\n\n<h2 class=\"wp-block-heading\"><strong>Lucro menor e press\u00e3o sobre o futuro<\/strong><\/h2>\n\n\n\n<p>Os resultados financeiros tamb\u00e9m refletiram o cen\u00e1rio mais dif\u00edcil. O <strong>lucro l\u00edquido da empresa caiu de 12,4 bilh\u00f5es de euros para 6,9 bilh\u00f5es de euros<\/strong> no \u00faltimo ano.<\/p>\n\n\n\n<p>Para 2026, a companhia prev\u00ea uma <strong>margem de lucro operacional entre 4% e 5,5%<\/strong>, patamar considerado baixo para os padr\u00f5es hist\u00f3ricos da empresa.<\/p>\n\n\n\n<p>Apesar do an\u00fancio dos cortes, as a\u00e7\u00f5es da Volkswagen chegaram a subir cerca de <strong>3,7% na bolsa de Frankfurt<\/strong>, acompanhando um movimento de alta do mercado europeu.<\/p>\n","protected":false},"excerpt":{"rendered":"<p>A Volkswagen anunciou um amplo plano de reestrutura\u00e7\u00e3o que prev\u00ea o corte de at\u00e9 50 mil empregos at\u00e9 o fim da d\u00e9cada, principalmente na Alemanha. A medida faz parte de uma estrat\u00e9gia para reduzir custos diante da queda nas vendas em mercados importantes, como China e Am\u00e9rica do Norte, al\u00e9m do impacto de tarifas comerciais [&hellip;]<\/p>\n","protected":false},"author":9,"featured_media":33258,"comment_status":"closed","ping_status":"closed","sticky":false,"template":"","format":"standard","meta":{"jnews-multi-image_gallery":[],"jnews_single_post":{"format":"standard"},"jnews_primary_category":[],"jnews_social_meta":[],"jnews_override_counter":[],"jnews_post_split":[],"footnotes":""},"categories":[1],"tags":[],"class_list":["post-38371","post","type-post","status-publish","format-standard","has-post-thumbnail","hentry","category-geral"],"_referencia":"","_links":{"self":[{"href":"https:\/\/diariodocomercio.com.br\/mix\/wp-json\/wp\/v2\/posts\/38371","targetHints":{"allow":["GET"]}}],"collection":[{"href":"https:\/\/diariodocomercio.com.br\/mix\/wp-json\/wp\/v2\/posts"}],"about":[{"href":"https:\/\/diariodocomercio.com.br\/mix\/wp-json\/wp\/v2\/types\/post"}],"author":[{"embeddable":true,"href":"https:\/\/diariodocomercio.com.br\/mix\/wp-json\/wp\/v2\/users\/9"}],"replies":[{"embeddable":true,"href":"https:\/\/diariodocomercio.com.br\/mix\/wp-json\/wp\/v2\/comments?post=38371"}],"version-history":[{"count":1,"href":"https:\/\/diariodocomercio.com.br\/mix\/wp-json\/wp\/v2\/posts\/38371\/revisions"}],"predecessor-version":[{"id":38373,"href":"https:\/\/diariodocomercio.com.br\/mix\/wp-json\/wp\/v2\/posts\/38371\/revisions\/38373"}],"wp:featuredmedia":[{"embeddable":true,"href":"https:\/\/diariodocomercio.com.br\/mix\/wp-json\/wp\/v2\/media\/33258"}],"wp:attachment":[{"href":"https:\/\/diariodocomercio.com.br\/mix\/wp-json\/wp\/v2\/media?parent=38371"}],"wp:term":[{"taxonomy":"category","embeddable":true,"href":"https:\/\/diariodocomercio.com.br\/mix\/wp-json\/wp\/v2\/categories?post=38371"},{"taxonomy":"post_tag","embeddable":true,"href":"https:\/\/diariodocomercio.com.br\/mix\/wp-json\/wp\/v2\/tags?post=38371"}],"curies":[{"name":"wp","href":"https:\/\/api.w.org\/{rel}","templated":true}]}}