{"id":38374,"date":"2026-03-13T12:49:32","date_gmt":"2026-03-13T15:49:32","guid":{"rendered":"https:\/\/diariodocomercio.com.br\/mix\/?p=38374"},"modified":"2026-03-13T12:49:34","modified_gmt":"2026-03-13T15:49:34","slug":"o-que-significa-ter-uma-tia-presente-na-infancia-segundo-a-ciencia","status":"publish","type":"post","link":"https:\/\/diariodocomercio.com.br\/mix\/o-que-significa-ter-uma-tia-presente-na-infancia-segundo-a-ciencia\/","title":{"rendered":"O que significa ter uma tia presente na inf\u00e2ncia, segundo a ci\u00eancia"},"content":{"rendered":"\n<p>A presen\u00e7a de uma tia na inf\u00e2ncia pode ter impactos positivos no desenvolvimento emocional e social das crian\u00e7as. De acordo com especialistas e estudos sobre rela\u00e7\u00f5es familiares, o v\u00ednculo entre <strong>tias e sobrinhos<\/strong> tende a ser \u00fanico dentro da din\u00e2mica familiar, oferecendo apoio, escuta e orienta\u00e7\u00e3o em um ambiente diferente da rela\u00e7\u00e3o tradicional entre pais e filhos.<\/p>\n\n\n\n<p>Por n\u00e3o ocupar o papel direto de m\u00e3e ou pai, a tia frequentemente se torna uma figura de confian\u00e7a, com quem a crian\u00e7a se sente mais \u00e0 vontade para conversar, pedir conselhos ou compartilhar dificuldades do dia a dia.<\/p>\n\n\n\n<p>Segundo especialistas, o fato de n\u00e3o exercer autoridade parental direta permite que tias desenvolvam uma rela\u00e7\u00e3o mais leve e aberta com os sobrinhos. Isso facilita o di\u00e1logo e pode transformar essa figura em uma esp\u00e9cie de <strong>confidente ou mentora<\/strong>, especialmente em momentos de conflito ou d\u00favidas t\u00edpicas da inf\u00e2ncia e da adolesc\u00eancia.<\/p>\n\n\n\n<p>A autora Melanie Notkin, fundadora da plataforma Savvy Auntie e especialista em rela\u00e7\u00f5es familiares, afirma que as tias podem funcionar como uma <strong>refer\u00eancia feminina de confian\u00e7a<\/strong>, especialmente para meninas. Segundo ela, muitas jovens encontram nas tias um espa\u00e7o seguro para falar sobre desafios pessoais, sem medo de julgamento.<\/p>\n\n\n\n<p>Esse tipo de v\u00ednculo tamb\u00e9m permite que a crian\u00e7a tenha contato com diferentes perspectivas sobre a vida, ampliando sua vis\u00e3o de mundo.<\/p>\n\n\n\n<h2 class=\"wp-block-heading\"><strong>Influ\u00eancia positiva no desenvolvimento<\/strong><\/h2>\n\n\n\n<p>Outro aspecto apontado por especialistas \u00e9 que o relacionamento com tias pode favorecer o <strong>desenvolvimento emocional e a constru\u00e7\u00e3o da autoestima<\/strong>. Em momentos em que os pais est\u00e3o indispon\u00edveis f\u00edsica ou emocionalmente, essa figura familiar pode oferecer apoio e orienta\u00e7\u00e3o.<\/p>\n\n\n\n<p>O tempo passado com uma tia tamb\u00e9m pode proporcionar \u00e0 crian\u00e7a um ambiente mais descontra\u00eddo, onde ela se sente mais livre para expressar pensamentos e sentimentos.<\/p>\n\n\n\n<p>Al\u00e9m disso, essa conviv\u00eancia pode contribuir para que os jovens aprendam sobre o mundo ao redor e tamb\u00e9m sobre si mesmos, a partir das experi\u00eancias e da vis\u00e3o de vida compartilhadas por esse familiar.<\/p>\n\n\n\n<h2 class=\"wp-block-heading\"><strong>V\u00ednculo diferente da rela\u00e7\u00e3o com os pais<\/strong><\/h2>\n\n\n\n<p>Enquanto a rela\u00e7\u00e3o entre pais e filhos costuma envolver responsabilidades di\u00e1rias, regras e cobran\u00e7as, a conex\u00e3o entre tia e sobrinho geralmente ocorre em um contexto menos formal. Isso cria um espa\u00e7o de conviv\u00eancia marcado por <strong>apoio emocional, momentos de divers\u00e3o e orienta\u00e7\u00e3o<\/strong>, sem a press\u00e3o das tarefas cotidianas.<\/p>\n\n\n\n<p>Especialistas destacam que, justamente por estar \u201cum passo fora\u201d da rotina familiar, a tia pode oferecer estabilidade emocional e uma alternativa de apoio dentro da rede familiar \u2014 algo que pode acompanhar a crian\u00e7a at\u00e9 a vida adulta.<\/p>\n","protected":false},"excerpt":{"rendered":"<p>A presen\u00e7a de uma tia na inf\u00e2ncia pode ter impactos positivos no desenvolvimento emocional e social das crian\u00e7as. De acordo com especialistas e estudos sobre rela\u00e7\u00f5es familiares, o v\u00ednculo entre tias e sobrinhos tende a ser \u00fanico dentro da din\u00e2mica familiar, oferecendo apoio, escuta e orienta\u00e7\u00e3o em um ambiente diferente da rela\u00e7\u00e3o tradicional entre pais [&hellip;]<\/p>\n","protected":false},"author":9,"featured_media":9027,"comment_status":"closed","ping_status":"closed","sticky":false,"template":"","format":"standard","meta":{"jnews-multi-image_gallery":[],"jnews_single_post":{"format":"standard"},"jnews_primary_category":[],"jnews_social_meta":[],"jnews_override_counter":[],"jnews_post_split":[],"footnotes":""},"categories":[1],"tags":[],"class_list":["post-38374","post","type-post","status-publish","format-standard","has-post-thumbnail","hentry","category-geral"],"_referencia":"","_links":{"self":[{"href":"https:\/\/diariodocomercio.com.br\/mix\/wp-json\/wp\/v2\/posts\/38374","targetHints":{"allow":["GET"]}}],"collection":[{"href":"https:\/\/diariodocomercio.com.br\/mix\/wp-json\/wp\/v2\/posts"}],"about":[{"href":"https:\/\/diariodocomercio.com.br\/mix\/wp-json\/wp\/v2\/types\/post"}],"author":[{"embeddable":true,"href":"https:\/\/diariodocomercio.com.br\/mix\/wp-json\/wp\/v2\/users\/9"}],"replies":[{"embeddable":true,"href":"https:\/\/diariodocomercio.com.br\/mix\/wp-json\/wp\/v2\/comments?post=38374"}],"version-history":[{"count":1,"href":"https:\/\/diariodocomercio.com.br\/mix\/wp-json\/wp\/v2\/posts\/38374\/revisions"}],"predecessor-version":[{"id":38375,"href":"https:\/\/diariodocomercio.com.br\/mix\/wp-json\/wp\/v2\/posts\/38374\/revisions\/38375"}],"wp:featuredmedia":[{"embeddable":true,"href":"https:\/\/diariodocomercio.com.br\/mix\/wp-json\/wp\/v2\/media\/9027"}],"wp:attachment":[{"href":"https:\/\/diariodocomercio.com.br\/mix\/wp-json\/wp\/v2\/media?parent=38374"}],"wp:term":[{"taxonomy":"category","embeddable":true,"href":"https:\/\/diariodocomercio.com.br\/mix\/wp-json\/wp\/v2\/categories?post=38374"},{"taxonomy":"post_tag","embeddable":true,"href":"https:\/\/diariodocomercio.com.br\/mix\/wp-json\/wp\/v2\/tags?post=38374"}],"curies":[{"name":"wp","href":"https:\/\/api.w.org\/{rel}","templated":true}]}}