{"id":38387,"date":"2026-03-13T14:38:21","date_gmt":"2026-03-13T17:38:21","guid":{"rendered":"https:\/\/diariodocomercio.com.br\/mix\/?p=38387"},"modified":"2026-03-13T14:39:05","modified_gmt":"2026-03-13T17:39:05","slug":"jair-bolsonaro-deixa-a-prisao-e-e-levado-para-outro-local-no-brasil","status":"publish","type":"post","link":"https:\/\/diariodocomercio.com.br\/mix\/jair-bolsonaro-deixa-a-prisao-e-e-levado-para-outro-local-no-brasil\/","title":{"rendered":"Jair Bolsonaro deixa a pris\u00e3o e \u00e9 levado para outro local no Brasil"},"content":{"rendered":"\n<p>A interna\u00e7\u00e3o de <strong>Jair Bolsonaro <\/strong>na manh\u00e3 desta sexta-feira, 13 de mar\u00e7o, gerou um clima de apreens\u00e3o em Bras\u00edlia. O ex-presidente foi transferido da pris\u00e3o para a unidade de terapia intensiva do hospital DF Star, ap\u00f3s apresentar calafrios, v\u00f4mitos, febre alta e baixa satura\u00e7\u00e3o de oxig\u00eanio.&nbsp;<\/p>\n\n\n\n<p>Diagn\u00f3stico de <strong>broncopneumonia<\/strong>, devido \u00e0 aspira\u00e7\u00e3o, resultou em tratamento com antibi\u00f3ticos intravenosos, justificando a urg\u00eancia m\u00e9dica.<\/p>\n\n\n\n<h2 class=\"wp-block-heading\">Contexto m\u00e9dico&nbsp;<\/h2>\n\n\n\n<p>Bolsonaro enfrenta problemas de sa\u00fade desde 2018, ap\u00f3s ser esfaqueado durante a campanha. Desde ent\u00e3o, passou por m\u00faltiplas cirurgias por complica\u00e7\u00f5es intestinais.<\/p>\n\n\n\n<p>Atualmente, apesar de estar no pres\u00eddio da Papudinha, em Bras\u00edlia, ele recebe cuidados m\u00e9dicos regulares e foi atendido diversas vezes na pris\u00e3o antes desta interna\u00e7\u00e3o.<\/p>\n\n\n\n<p>O agravamento de sua condi\u00e7\u00e3o sublinha a complexidade de suas complica\u00e7\u00f5es m\u00e9dicas cont\u00ednuas, intensificando a necessidade de aten\u00e7\u00e3o m\u00e9dica emergente.&nbsp;<\/p>\n\n\n\n<h2 class=\"wp-block-heading\">Repercuss\u00e3o pol\u00edtica&nbsp;<\/h2>\n\n\n\n<p>A transfer\u00eancia de Bolsonaro para o hospital agitou os bastidores pol\u00edticos em Bras\u00edlia. Seu filho, o senador <strong>Fl\u00e1vio Bolsonaro,<\/strong> utilizou as redes sociais para comunicar a situa\u00e7\u00e3o, gerando apreens\u00e3o entre apoiadores e cr\u00edticos.<\/p>\n\n\n\n<p>No dia 5 de mar\u00e7o de 2026, o Supremo Tribunal Federal <strong>negou o pedido de pris\u00e3o domiciliar<\/strong> feito pela defesa de Bolsonaro. O argumento da defesa de Bolsonaro era a suposta incompatibilidade do ambiente carcer\u00e1rio com suas necessidades m\u00e9dicas.<\/p>\n\n\n\n<p>A decis\u00e3o do STF foi baseada no fato de que a Papudinha est\u00e1 equipada para fornecer o atendimento m\u00e9dico necess\u00e1rio e no hist\u00f3rico de viola\u00e7\u00e3o de tornozeleira eletr\u00f4nica pelo ex-presidente.<\/p>\n","protected":false},"excerpt":{"rendered":"<p>Fl\u00e1vio Bolsonaro utilizou as redes sociais para comunicar a situa\u00e7\u00e3o.<\/p>\n","protected":false},"author":12,"featured_media":29670,"comment_status":"closed","ping_status":"closed","sticky":false,"template":"","format":"standard","meta":{"jnews-multi-image_gallery":[],"jnews_single_post":{"format":"standard"},"jnews_primary_category":[],"jnews_social_meta":[],"jnews_override_counter":[],"jnews_post_split":[],"footnotes":""},"categories":[1],"tags":[],"class_list":["post-38387","post","type-post","status-publish","format-standard","has-post-thumbnail","hentry","category-geral"],"_referencia":"","_links":{"self":[{"href":"https:\/\/diariodocomercio.com.br\/mix\/wp-json\/wp\/v2\/posts\/38387","targetHints":{"allow":["GET"]}}],"collection":[{"href":"https:\/\/diariodocomercio.com.br\/mix\/wp-json\/wp\/v2\/posts"}],"about":[{"href":"https:\/\/diariodocomercio.com.br\/mix\/wp-json\/wp\/v2\/types\/post"}],"author":[{"embeddable":true,"href":"https:\/\/diariodocomercio.com.br\/mix\/wp-json\/wp\/v2\/users\/12"}],"replies":[{"embeddable":true,"href":"https:\/\/diariodocomercio.com.br\/mix\/wp-json\/wp\/v2\/comments?post=38387"}],"version-history":[{"count":2,"href":"https:\/\/diariodocomercio.com.br\/mix\/wp-json\/wp\/v2\/posts\/38387\/revisions"}],"predecessor-version":[{"id":38389,"href":"https:\/\/diariodocomercio.com.br\/mix\/wp-json\/wp\/v2\/posts\/38387\/revisions\/38389"}],"wp:featuredmedia":[{"embeddable":true,"href":"https:\/\/diariodocomercio.com.br\/mix\/wp-json\/wp\/v2\/media\/29670"}],"wp:attachment":[{"href":"https:\/\/diariodocomercio.com.br\/mix\/wp-json\/wp\/v2\/media?parent=38387"}],"wp:term":[{"taxonomy":"category","embeddable":true,"href":"https:\/\/diariodocomercio.com.br\/mix\/wp-json\/wp\/v2\/categories?post=38387"},{"taxonomy":"post_tag","embeddable":true,"href":"https:\/\/diariodocomercio.com.br\/mix\/wp-json\/wp\/v2\/tags?post=38387"}],"curies":[{"name":"wp","href":"https:\/\/api.w.org\/{rel}","templated":true}]}}