{"id":38398,"date":"2026-03-13T15:09:47","date_gmt":"2026-03-13T18:09:47","guid":{"rendered":"https:\/\/diariodocomercio.com.br\/mix\/?p=38398"},"modified":"2026-03-13T15:11:06","modified_gmt":"2026-03-13T18:11:06","slug":"pesquisa-revela-qual-o-salario-ideal-para-conseguir-morar-em-sao-paulo-ou-rio-de-janeiro","status":"publish","type":"post","link":"https:\/\/diariodocomercio.com.br\/mix\/pesquisa-revela-qual-o-salario-ideal-para-conseguir-morar-em-sao-paulo-ou-rio-de-janeiro\/","title":{"rendered":"Pesquisa revela qual o sal\u00e1rio ideal para conseguir morar em S\u00e3o Paulo ou Rio de Janeiro"},"content":{"rendered":"\n<p>Descobrir o <strong>sal\u00e1rio <\/strong>necess\u00e1rio para viver em <strong>S\u00e3o Paulo<\/strong> e no <strong>Rio de Janeiro <\/strong>em 2026 \u00e9 vital para moradores planejarem suas finan\u00e7as. Com o custo de vida disparando nessas cidades, conhecer o valor exato para cobrir despesas b\u00e1sicas \u00e9 essencial para quem busca estabilidade.<\/p>\n\n\n\n<p>As duas metr\u00f3poles lideram os rankings de cidades mais caras do Brasil, tornando crucial a identifica\u00e7\u00e3o de um rendimento adequado.<\/p>\n\n\n\n<p>A eleva\u00e7\u00e3o dos custos em setores como moradia, alimenta\u00e7\u00e3o e lazer tem impactado fortemente os padr\u00f5es de vida. Para garantir uma vida sem apertos financeiros, estima-se uma <strong>renda mensal l\u00edquida entre R$ 5 mil e R$ 7 mil. <\/strong>Este valor reflete a realidade dos gastos em um cen\u00e1rio econ\u00f4mico exigente.<\/p>\n\n\n\n<h2 class=\"wp-block-heading\">Sal\u00e1rios necess\u00e1rios para um padr\u00e3o de vida confort\u00e1vel<\/h2>\n\n\n\n<p>A alta nos pre\u00e7os das moradias contribui significativamente para o aumento do custo de vida em S\u00e3o Paulo. Gastos com aluguel, alimenta\u00e7\u00e3o e transporte exigem planejamento financeiro meticuloso.<\/p>\n\n\n\n<p>As estrat\u00e9gias para manter um padr\u00e3o de vida que inclua lazer e consumo consciente s\u00e3o de extrema import\u00e2ncia.<\/p>\n\n\n\n<p>No Rio de Janeiro, o cen\u00e1rio \u00e9 semelhante. Embora algumas regi\u00f5es apresentem menores despesas, viver em \u00e1reas centrais ou tur\u00edsticas eleva consideravelmente os custos de moradia. Isso requer um sal\u00e1rio acima da m\u00e9dia nacional para evitar preocupa\u00e7\u00f5es financeiras constantes.<\/p>\n\n\n\n<h2 class=\"wp-block-heading\">Compara\u00e7\u00e3o com outras regi\u00f5es<\/h2>\n\n\n\n<p>Em capitais de m\u00e9dio porte, a din\u00e2mica de custos muda substancialmente. Nessas cidades, um sal\u00e1rio mensal <strong>entre R$ 3 mil e R$ 4 mil<\/strong> costuma ser suficiente para cobrir despesas sem grandes preocupa\u00e7\u00f5es. O custo mais baixo de habita\u00e7\u00e3o e transporte contribui para essa diferen\u00e7a.<\/p>\n\n\n\n<p>Cidades menores oferecem ainda mais economia. Nessas localidades, \u00e9 poss\u00edvel garantir uma vida confort\u00e1vel com rendas <strong>de R$ 2 mil a R$ 3 mil <\/strong>mensais. Essa abordagem \u00e9 ideal para quem prefere a tranquilidade sem abrir m\u00e3o da qualidade de vida.<\/p>\n\n\n\n<h2 class=\"wp-block-heading\">Realidade para fam\u00edlias<\/h2>\n\n\n\n<p>Os desafios de viver sozinho em grandes centros se multiplicam para as fam\u00edlias. Em S\u00e3o Paulo e no Rio, uma fam\u00edlia de quatro pessoas precisa de um or\u00e7amento de, pelo menos, <strong>R$ 10 mil mensais.<\/strong><\/p>\n\n\n\n<p>Isso considera despesas com educa\u00e7\u00e3o, sa\u00fade e transporte, que s\u00e3o significativamente mais altas nessas regi\u00f5es.<\/p>\n","protected":false},"excerpt":{"rendered":"<p>As duas metr\u00f3poles lideram os rankings de cidades mais caras do Brasil.<\/p>\n","protected":false},"author":12,"featured_media":30194,"comment_status":"closed","ping_status":"closed","sticky":false,"template":"","format":"standard","meta":{"jnews-multi-image_gallery":[],"jnews_single_post":{"format":"standard"},"jnews_primary_category":[],"jnews_social_meta":[],"jnews_override_counter":[],"jnews_post_split":[],"footnotes":""},"categories":[1],"tags":[],"class_list":["post-38398","post","type-post","status-publish","format-standard","has-post-thumbnail","hentry","category-geral"],"_referencia":"","_links":{"self":[{"href":"https:\/\/diariodocomercio.com.br\/mix\/wp-json\/wp\/v2\/posts\/38398","targetHints":{"allow":["GET"]}}],"collection":[{"href":"https:\/\/diariodocomercio.com.br\/mix\/wp-json\/wp\/v2\/posts"}],"about":[{"href":"https:\/\/diariodocomercio.com.br\/mix\/wp-json\/wp\/v2\/types\/post"}],"author":[{"embeddable":true,"href":"https:\/\/diariodocomercio.com.br\/mix\/wp-json\/wp\/v2\/users\/12"}],"replies":[{"embeddable":true,"href":"https:\/\/diariodocomercio.com.br\/mix\/wp-json\/wp\/v2\/comments?post=38398"}],"version-history":[{"count":1,"href":"https:\/\/diariodocomercio.com.br\/mix\/wp-json\/wp\/v2\/posts\/38398\/revisions"}],"predecessor-version":[{"id":38400,"href":"https:\/\/diariodocomercio.com.br\/mix\/wp-json\/wp\/v2\/posts\/38398\/revisions\/38400"}],"wp:featuredmedia":[{"embeddable":true,"href":"https:\/\/diariodocomercio.com.br\/mix\/wp-json\/wp\/v2\/media\/30194"}],"wp:attachment":[{"href":"https:\/\/diariodocomercio.com.br\/mix\/wp-json\/wp\/v2\/media?parent=38398"}],"wp:term":[{"taxonomy":"category","embeddable":true,"href":"https:\/\/diariodocomercio.com.br\/mix\/wp-json\/wp\/v2\/categories?post=38398"},{"taxonomy":"post_tag","embeddable":true,"href":"https:\/\/diariodocomercio.com.br\/mix\/wp-json\/wp\/v2\/tags?post=38398"}],"curies":[{"name":"wp","href":"https:\/\/api.w.org\/{rel}","templated":true}]}}