{"id":38403,"date":"2026-03-14T15:50:00","date_gmt":"2026-03-14T18:50:00","guid":{"rendered":"https:\/\/diariodocomercio.com.br\/mix\/?p=38403"},"modified":"2026-03-13T15:19:57","modified_gmt":"2026-03-13T18:19:57","slug":"perdeu-o-cartao-do-bolsa-familia-veja-como-resgatar-o-beneficio-de-2-formas-diferentes","status":"publish","type":"post","link":"https:\/\/diariodocomercio.com.br\/mix\/perdeu-o-cartao-do-bolsa-familia-veja-como-resgatar-o-beneficio-de-2-formas-diferentes\/","title":{"rendered":"Perdeu o cart\u00e3o do Bolsa Fam\u00edlia? Veja como resgatar o benef\u00edcio de 2 formas diferentes"},"content":{"rendered":"\n<p>Se voc\u00ea perdeu o cart\u00e3o do <strong>Bolsa Fam\u00edlia <\/strong>ou enfrenta dificuldades com a entrega, o aplicativo <strong>Caixa Tem<\/strong> oferece uma alternativa eficiente. Usado por milh\u00f5es, ele permite que o benefici\u00e1rio saque o Bolsa Fam\u00edlia gerando um c\u00f3digo tempor\u00e1rio diretamente pelo app.<\/p>\n\n\n\n<p>Com o aplicativo Caixa Tem, \u00e9 poss\u00edvel sacar o Bolsa Fam\u00edlia sem complica\u00e7\u00f5es. Ao acessar o app com seu CPF e senha, voc\u00ea pode selecionar a op\u00e7\u00e3o &#8220;Saque sem cart\u00e3o&#8221; e gerar um c\u00f3digo tempor\u00e1rio. Este c\u00f3digo \u00e9 v\u00e1lido por 120 minutos e deve ser usado rapidamente para aumentar a seguran\u00e7a do procedimento.<\/p>\n\n\n\n<h2 class=\"wp-block-heading\">Onde realizar o saque?<\/h2>\n\n\n\n<p>Quando o c\u00f3digo \u00e9 gerado, voc\u00ea pode retirar o valor do benef\u00edcio em diversas op\u00e7\u00f5es. Os saques podem ser feitos em caixas eletr\u00f4nicos da Caixa Econ\u00f4mica Federal, casas lot\u00e9ricas e correspondentes Caixa Aqui. \u00c9 essencial ter o CPF em m\u00e3os para completar o procedimento.<\/p>\n\n\n\n<p>Al\u00e9m disso, aqueles que tiverem dificuldades com o aplicativo ainda podem sacar o benef\u00edcio em lot\u00e9ricas. \u00c9 necess\u00e1rio apresentar um documento de identifica\u00e7\u00e3o com foto, como RG ou CNH, para que o atendente verifique o direito ao benef\u00edcio e autorize o saque.<\/p>\n\n\n\n<h2 class=\"wp-block-heading\">Outras funcionalidades do Caixa Tem<\/h2>\n\n\n\n<p>Al\u00e9m de permitir o saque do Bolsa Fam\u00edlia, o aplicativo Caixa Tem oferece outras formas de utilizar o benef\u00edcio. As funcionalidades incluem pagamento de contas, transfer\u00eancias via Pix e compras com cart\u00f5es de d\u00e9bito virtuais.&nbsp;<\/p>\n\n\n\n<p>Essas op\u00e7\u00f5es s\u00e3o convenientes para quem busca uma gest\u00e3o mais pr\u00e1tica dos recursos sem precisar sacar dinheiro em esp\u00e9cie.<\/p>\n\n\n\n<p>A moderniza\u00e7\u00e3o dos servi\u00e7os amplia o acesso e melhora a experi\u00eancia dos benefici\u00e1rios, facilitando a gest\u00e3o dos recursos financeiros.<\/p>\n\n\n\n<p>Em 2026, o Bolsa Fam\u00edlia possibilita o saque sem cart\u00e3o f\u00edsico atrav\u00e9s do aplicativo Caixa Tem. Esta inova\u00e7\u00e3o facilita o acesso de milh\u00f5es de fam\u00edlias ao benef\u00edcio.&nbsp;<\/p>\n","protected":false},"excerpt":{"rendered":"<p>A moderniza\u00e7\u00e3o dos servi\u00e7os amplia o acesso e melhora a experi\u00eancia de benefici\u00e1rios.<\/p>\n","protected":false},"author":12,"featured_media":12376,"comment_status":"closed","ping_status":"closed","sticky":false,"template":"","format":"standard","meta":{"jnews-multi-image_gallery":[],"jnews_single_post":{"format":"standard"},"jnews_primary_category":[],"jnews_social_meta":[],"jnews_override_counter":[],"jnews_post_split":[],"footnotes":""},"categories":[1],"tags":[],"class_list":["post-38403","post","type-post","status-publish","format-standard","has-post-thumbnail","hentry","category-geral"],"_referencia":"","_links":{"self":[{"href":"https:\/\/diariodocomercio.com.br\/mix\/wp-json\/wp\/v2\/posts\/38403","targetHints":{"allow":["GET"]}}],"collection":[{"href":"https:\/\/diariodocomercio.com.br\/mix\/wp-json\/wp\/v2\/posts"}],"about":[{"href":"https:\/\/diariodocomercio.com.br\/mix\/wp-json\/wp\/v2\/types\/post"}],"author":[{"embeddable":true,"href":"https:\/\/diariodocomercio.com.br\/mix\/wp-json\/wp\/v2\/users\/12"}],"replies":[{"embeddable":true,"href":"https:\/\/diariodocomercio.com.br\/mix\/wp-json\/wp\/v2\/comments?post=38403"}],"version-history":[{"count":1,"href":"https:\/\/diariodocomercio.com.br\/mix\/wp-json\/wp\/v2\/posts\/38403\/revisions"}],"predecessor-version":[{"id":38404,"href":"https:\/\/diariodocomercio.com.br\/mix\/wp-json\/wp\/v2\/posts\/38403\/revisions\/38404"}],"wp:featuredmedia":[{"embeddable":true,"href":"https:\/\/diariodocomercio.com.br\/mix\/wp-json\/wp\/v2\/media\/12376"}],"wp:attachment":[{"href":"https:\/\/diariodocomercio.com.br\/mix\/wp-json\/wp\/v2\/media?parent=38403"}],"wp:term":[{"taxonomy":"category","embeddable":true,"href":"https:\/\/diariodocomercio.com.br\/mix\/wp-json\/wp\/v2\/categories?post=38403"},{"taxonomy":"post_tag","embeddable":true,"href":"https:\/\/diariodocomercio.com.br\/mix\/wp-json\/wp\/v2\/tags?post=38403"}],"curies":[{"name":"wp","href":"https:\/\/api.w.org\/{rel}","templated":true}]}}