{"id":38411,"date":"2026-03-13T16:02:22","date_gmt":"2026-03-13T19:02:22","guid":{"rendered":"https:\/\/diariodocomercio.com.br\/mix\/?p=38411"},"modified":"2026-03-13T16:02:24","modified_gmt":"2026-03-13T19:02:24","slug":"spray-de-pimenta-podera-ser-comprado-legalmente-no-brasil-por-pessoas-acima-de-16-anos","status":"publish","type":"post","link":"https:\/\/diariodocomercio.com.br\/mix\/spray-de-pimenta-podera-ser-comprado-legalmente-no-brasil-por-pessoas-acima-de-16-anos\/","title":{"rendered":"Spray de pimenta poder\u00e1 ser comprado legalmente no Brasil por pessoas acima de 16 anos"},"content":{"rendered":"\n<p>A C\u00e2mara dos Deputados aprovou, nesta semana, um projeto de lei que autoriza a <strong>posse e o porte de spray de pimenta para defesa pessoal<\/strong> no Brasil. A proposta permite que <strong>mulheres maiores de 18 anos adquiram e utilizem o equipamento<\/strong>, enquanto jovens <strong>entre 16 e 18 anos poder\u00e3o portar o spray com autoriza\u00e7\u00e3o dos respons\u00e1veis legais<\/strong>.<\/p>\n\n\n\n<p>O <strong>Projeto de Lei 297\/2026<\/strong>, de autoria da deputada <strong>Gorete Pereira (PL)<\/strong>, foi aprovado na quarta-feira (11) e tem como objetivo ampliar mecanismos de prote\u00e7\u00e3o diante do aumento dos \u00edndices de <strong>viol\u00eancia de g\u00eanero no pa\u00eds<\/strong>.<\/p>\n\n\n\n<p>Atualmente, sprays de pimenta produzidos com <strong>oleoresina de capsicum<\/strong> \u2014 subst\u00e2ncia extra\u00edda da pimenta que provoca forte ard\u00eancia nos olhos, pele e mucosas \u2014 s\u00e3o considerados itens de uso restrito. Por essa raz\u00e3o, a comercializa\u00e7\u00e3o \u00e9 limitada principalmente \u00e0s <strong>for\u00e7as de seguran\u00e7a p\u00fablica e \u00e0s For\u00e7as Armadas<\/strong>, j\u00e1 que o produto consta na lista de itens controlados pelo Ex\u00e9rcito.<\/p>\n\n\n\n<p>A nova proposta altera o <strong>Estatuto do Desarmamento<\/strong>, incluindo uma exce\u00e7\u00e3o que permite o porte do spray por mulheres dentro das condi\u00e7\u00f5es previstas na lei.<\/p>\n\n\n\n<p>Para adquirir o produto, a pessoa dever\u00e1 <strong>ter resid\u00eancia fixa e n\u00e3o possuir antecedentes criminais<\/strong>.<\/p>\n\n\n\n<h2 class=\"wp-block-heading\"><strong>Limite de tamanho e regras de uso<\/strong><\/h2>\n\n\n\n<p>O projeto estabelece que os sprays destinados ao p\u00fablico civil poder\u00e3o ter <strong>capacidade m\u00e1xima de 50 mililitros<\/strong>. Recipientes maiores continuar\u00e3o restritos ao uso de <strong>for\u00e7as policiais e militares<\/strong>.<\/p>\n\n\n\n<p>A legisla\u00e7\u00e3o tamb\u00e9m determina que, em caso de <strong>roubo ou furto do spray<\/strong>, a propriet\u00e1ria dever\u00e1 registrar <strong>boletim de ocorr\u00eancia em at\u00e9 72 horas<\/strong>.<\/p>\n\n\n\n<h2 class=\"wp-block-heading\"><strong>Medida voltada \u00e0 prote\u00e7\u00e3o feminina<\/strong><\/h2>\n\n\n\n<p>A relatora do projeto, deputada <strong>Gisela Simona (Uni\u00e3o-MT)<\/strong>, afirmou que a proposta busca ampliar ferramentas de prote\u00e7\u00e3o para mulheres em um cen\u00e1rio de viol\u00eancia estrutural.<\/p>\n\n\n\n<p>Segundo ela, o objetivo \u00e9 facilitar o acesso a <strong>mecanismos de autodefesa imediata<\/strong>, especialmente para um grupo considerado em situa\u00e7\u00e3o de maior vulnerabilidade social.<\/p>\n\n\n\n<p>A proposta segue agora para as pr\u00f3ximas etapas do processo legislativo antes de entrar em vigor.<\/p>\n","protected":false},"excerpt":{"rendered":"<p>A C\u00e2mara dos Deputados aprovou, nesta semana, um projeto de lei que autoriza a posse e o porte de spray de pimenta para defesa pessoal no Brasil. A proposta permite que mulheres maiores de 18 anos adquiram e utilizem o equipamento, enquanto jovens entre 16 e 18 anos poder\u00e3o portar o spray com autoriza\u00e7\u00e3o dos [&hellip;]<\/p>\n","protected":false},"author":9,"featured_media":38415,"comment_status":"closed","ping_status":"closed","sticky":false,"template":"","format":"standard","meta":{"jnews-multi-image_gallery":[],"jnews_single_post":{"format":"standard"},"jnews_primary_category":[],"jnews_social_meta":[],"jnews_override_counter":[],"jnews_post_split":[],"footnotes":""},"categories":[1],"tags":[],"class_list":["post-38411","post","type-post","status-publish","format-standard","has-post-thumbnail","hentry","category-geral"],"_referencia":"","_links":{"self":[{"href":"https:\/\/diariodocomercio.com.br\/mix\/wp-json\/wp\/v2\/posts\/38411","targetHints":{"allow":["GET"]}}],"collection":[{"href":"https:\/\/diariodocomercio.com.br\/mix\/wp-json\/wp\/v2\/posts"}],"about":[{"href":"https:\/\/diariodocomercio.com.br\/mix\/wp-json\/wp\/v2\/types\/post"}],"author":[{"embeddable":true,"href":"https:\/\/diariodocomercio.com.br\/mix\/wp-json\/wp\/v2\/users\/9"}],"replies":[{"embeddable":true,"href":"https:\/\/diariodocomercio.com.br\/mix\/wp-json\/wp\/v2\/comments?post=38411"}],"version-history":[{"count":1,"href":"https:\/\/diariodocomercio.com.br\/mix\/wp-json\/wp\/v2\/posts\/38411\/revisions"}],"predecessor-version":[{"id":38416,"href":"https:\/\/diariodocomercio.com.br\/mix\/wp-json\/wp\/v2\/posts\/38411\/revisions\/38416"}],"wp:featuredmedia":[{"embeddable":true,"href":"https:\/\/diariodocomercio.com.br\/mix\/wp-json\/wp\/v2\/media\/38415"}],"wp:attachment":[{"href":"https:\/\/diariodocomercio.com.br\/mix\/wp-json\/wp\/v2\/media?parent=38411"}],"wp:term":[{"taxonomy":"category","embeddable":true,"href":"https:\/\/diariodocomercio.com.br\/mix\/wp-json\/wp\/v2\/categories?post=38411"},{"taxonomy":"post_tag","embeddable":true,"href":"https:\/\/diariodocomercio.com.br\/mix\/wp-json\/wp\/v2\/tags?post=38411"}],"curies":[{"name":"wp","href":"https:\/\/api.w.org\/{rel}","templated":true}]}}