{"id":38420,"date":"2026-03-13T16:47:13","date_gmt":"2026-03-13T19:47:13","guid":{"rendered":"https:\/\/diariodocomercio.com.br\/mix\/?p=38420"},"modified":"2026-03-13T18:26:47","modified_gmt":"2026-03-13T21:26:47","slug":"pensao-alimenticia-tem-valor-atualizado-para-2026-veja-quanto-um-pai-deve-pagar-para-1-2-3-ou-ate-4-filhos","status":"publish","type":"post","link":"https:\/\/diariodocomercio.com.br\/mix\/pensao-alimenticia-tem-valor-atualizado-para-2026-veja-quanto-um-pai-deve-pagar-para-1-2-3-ou-ate-4-filhos\/","title":{"rendered":"Pens\u00e3o aliment\u00edcia tem valor atualizado para 2026: veja quanto um pai deve pagar para 1, 2, 3 ou at\u00e9 4 filhos"},"content":{"rendered":"\n<p>O valor da pens\u00e3o aliment\u00edcia no Brasil pode variar conforme a renda de quem paga, as necessidades dos filhos e a decis\u00e3o judicial. Em muitos casos, especialmente quando n\u00e3o h\u00e1 comprova\u00e7\u00e3o formal de renda, o c\u00e1lculo \u00e9 feito com base no sal\u00e1rio m\u00ednimo, que em 2026 est\u00e1 fixado em R$ 1.621.<\/p>\n\n\n\n<p>Nessas situa\u00e7\u00f5es, o juiz define um percentual sobre o sal\u00e1rio m\u00ednimo, que passa a determinar o valor mensal da pens\u00e3o. Um exemplo comum \u00e9 a fixa\u00e7\u00e3o em 30% do sal\u00e1rio m\u00ednimo, o que representa cerca de R$ 486,30 por m\u00eas em 2026.<\/p>\n\n\n\n<p>N\u00e3o existe um valor \u00fanico obrigat\u00f3rio para pens\u00e3o aliment\u00edcia. O montante pode mudar de acordo com o n\u00famero de filhos e a an\u00e1lise feita pela Justi\u00e7a sobre a situa\u00e7\u00e3o financeira da fam\u00edlia.<\/p>\n\n\n\n<p>Entre os percentuais mais utilizados como refer\u00eancia est\u00e3o:<\/p>\n\n\n\n<ul class=\"wp-block-list\">\n<li><strong>1 filho:<\/strong> cerca de <strong>20% a 30% do sal\u00e1rio m\u00ednimo<\/strong> \u2014 entre <strong>R$ 324,20 e R$ 486,30<\/strong><\/li>\n\n\n\n<li><strong>2 filhos:<\/strong> cerca de <strong>30% a 40%<\/strong> \u2014 entre <strong>R$ 486,30 e R$ 648,40<\/strong><\/li>\n\n\n\n<li><strong>3 filhos:<\/strong> cerca de <strong>40% a 50%<\/strong> \u2014 entre <strong>R$ 648,40 e R$ 810,50<\/strong><\/li>\n\n\n\n<li><strong>4 filhos ou mais:<\/strong> pode chegar a <strong>50% ou mais<\/strong>, dependendo da decis\u00e3o judicial<\/li>\n<\/ul>\n\n\n\n<p>Esses valores s\u00e3o apenas estimativas utilizadas em muitos processos quando o c\u00e1lculo \u00e9 feito sobre o sal\u00e1rio m\u00ednimo.<\/p>\n\n\n\n<h2 class=\"wp-block-heading\"><strong>Regra depende da renda de quem paga<\/strong><\/h2>\n\n\n\n<p>O <strong>C\u00f3digo Civil<\/strong> determina que a pens\u00e3o deve ser definida com base no chamado <strong>bin\u00f4mio necessidade-possibilidade<\/strong>. Isso significa que o juiz considera dois fatores principais: as necessidades de quem recebe a pens\u00e3o e a capacidade financeira de quem paga.<\/p>\n\n\n\n<p>Quando o respons\u00e1vel possui <strong>emprego formal ou renda comprovada<\/strong>, o valor costuma ser calculado sobre o <strong>sal\u00e1rio l\u00edquido<\/strong>, ou seja, o valor recebido ap\u00f3s descontos obrigat\u00f3rios. Nesses casos, o pagamento geralmente \u00e9 descontado diretamente na folha de pagamento.<\/p>\n\n\n\n<p>Por isso, nem todos os acordos s\u00e3o afetados diretamente pelo aumento do sal\u00e1rio m\u00ednimo.<\/p>\n\n\n\n<h2 class=\"wp-block-heading\"><strong>Diferen\u00e7a pode gerar d\u00edvida<\/strong><\/h2>\n\n\n\n<p>Especialistas alertam que quem paga pens\u00e3o baseada no sal\u00e1rio m\u00ednimo precisa ficar atento \u00e0 atualiza\u00e7\u00e3o do valor. Continuar pagando o valor calculado com base no piso antigo pode ser considerado <strong>pagamento parcial<\/strong>.<\/p>\n\n\n\n<p>Segundo orienta\u00e7\u00f5es da Defensoria P\u00fablica, a diferen\u00e7a acumulada pode gerar uma <strong>d\u00edvida de pens\u00e3o aliment\u00edcia<\/strong>, permitindo que o benefici\u00e1rio entre com uma <strong>a\u00e7\u00e3o de execu\u00e7\u00e3o judicial<\/strong>.<\/p>\n\n\n\n<p>Em situa\u00e7\u00f5es mais graves, o n\u00e3o pagamento da pens\u00e3o pode resultar em <strong>medidas legais, incluindo a possibilidade de pris\u00e3o civil<\/strong>, prevista na legisla\u00e7\u00e3o brasileira para casos de inadimpl\u00eancia.<\/p>\n","protected":false},"excerpt":{"rendered":"<p>O valor da pens\u00e3o aliment\u00edcia no Brasil pode variar conforme a renda de quem paga, as necessidades dos filhos e a decis\u00e3o judicial. Em muitos casos, especialmente quando n\u00e3o h\u00e1 comprova\u00e7\u00e3o formal de renda, o c\u00e1lculo \u00e9 feito com base no sal\u00e1rio m\u00ednimo, que em 2026 est\u00e1 fixado em R$ 1.621. Nessas situa\u00e7\u00f5es, o juiz [&hellip;]<\/p>\n","protected":false},"author":9,"featured_media":5571,"comment_status":"closed","ping_status":"closed","sticky":false,"template":"","format":"standard","meta":{"jnews-multi-image_gallery":[],"jnews_single_post":{"format":"standard"},"jnews_primary_category":[],"jnews_social_meta":[],"jnews_override_counter":[],"jnews_post_split":[],"footnotes":""},"categories":[1],"tags":[],"class_list":["post-38420","post","type-post","status-publish","format-standard","has-post-thumbnail","hentry","category-geral"],"_referencia":"","_links":{"self":[{"href":"https:\/\/diariodocomercio.com.br\/mix\/wp-json\/wp\/v2\/posts\/38420","targetHints":{"allow":["GET"]}}],"collection":[{"href":"https:\/\/diariodocomercio.com.br\/mix\/wp-json\/wp\/v2\/posts"}],"about":[{"href":"https:\/\/diariodocomercio.com.br\/mix\/wp-json\/wp\/v2\/types\/post"}],"author":[{"embeddable":true,"href":"https:\/\/diariodocomercio.com.br\/mix\/wp-json\/wp\/v2\/users\/9"}],"replies":[{"embeddable":true,"href":"https:\/\/diariodocomercio.com.br\/mix\/wp-json\/wp\/v2\/comments?post=38420"}],"version-history":[{"count":1,"href":"https:\/\/diariodocomercio.com.br\/mix\/wp-json\/wp\/v2\/posts\/38420\/revisions"}],"predecessor-version":[{"id":38422,"href":"https:\/\/diariodocomercio.com.br\/mix\/wp-json\/wp\/v2\/posts\/38420\/revisions\/38422"}],"wp:featuredmedia":[{"embeddable":true,"href":"https:\/\/diariodocomercio.com.br\/mix\/wp-json\/wp\/v2\/media\/5571"}],"wp:attachment":[{"href":"https:\/\/diariodocomercio.com.br\/mix\/wp-json\/wp\/v2\/media?parent=38420"}],"wp:term":[{"taxonomy":"category","embeddable":true,"href":"https:\/\/diariodocomercio.com.br\/mix\/wp-json\/wp\/v2\/categories?post=38420"},{"taxonomy":"post_tag","embeddable":true,"href":"https:\/\/diariodocomercio.com.br\/mix\/wp-json\/wp\/v2\/tags?post=38420"}],"curies":[{"name":"wp","href":"https:\/\/api.w.org\/{rel}","templated":true}]}}