{"id":38421,"date":"2026-03-15T09:28:00","date_gmt":"2026-03-15T12:28:00","guid":{"rendered":"https:\/\/diariodocomercio.com.br\/mix\/?p=38421"},"modified":"2026-03-13T17:16:24","modified_gmt":"2026-03-13T20:16:24","slug":"ministerio-do-planejamento-e-orcamento-anunciou-aumento-de-quase-7-no-salario-minimo","status":"publish","type":"post","link":"https:\/\/diariodocomercio.com.br\/mix\/ministerio-do-planejamento-e-orcamento-anunciou-aumento-de-quase-7-no-salario-minimo\/","title":{"rendered":"Minist\u00e9rio do Planejamento e Or\u00e7amento anunciou aumento de quase 7% no sal\u00e1rio m\u00ednimo"},"content":{"rendered":"\n<p>Em 2025, o governo brasileiro, atrav\u00e9s do Minist\u00e9rio de Planejamento e Or\u00e7amento, anunciou um <strong>reajuste de 6,79% no sal\u00e1rio m\u00ednimo <\/strong>para 2026, fixando-o em R$ 1.621 mensais, em substitui\u00e7\u00e3o ao valor de R$ 1.518 de 2025.<\/p>\n\n\n\n<p>O novo valor, em vigor desde janeiro de 2026, impacta trabalhadores assalariados, aposentadorias e benef\u00edcios do INSS. O ajuste \u00e9 uma medida econ\u00f4mica essencial para garantir o poder de compra em um cen\u00e1rio de infla\u00e7\u00e3o e crescimento econ\u00f4mico controlados.<\/p>\n\n\n\n<p>O reajuste foi calculado a partir do \u00cdndice Nacional de Pre\u00e7os ao Consumidor (INPC) e do Produto Interno Bruto (PIB) de dois anos antes. Esses indicadores asseguram que o aumento reflita as condi\u00e7\u00f5es econ\u00f4micas atuais e futuras, sustentando a renda da popula\u00e7\u00e3o.<\/p>\n\n\n\n<h2 class=\"wp-block-heading\">Impactos econ\u00f4micos e sociais<\/h2>\n\n\n\n<p>O reajuste do sal\u00e1rio m\u00ednimo para 2026 tem amplos efeitos sobre a economia e a sociedade. Al\u00e9m de elevar o poder de compra dos trabalhadores, ele serve como refer\u00eancia para benef\u00edcios sociais e previdenci\u00e1rios.<\/p>\n\n\n\n<p>Entretanto, o aumento tamb\u00e9m pressiona o or\u00e7amento p\u00fablico devido ao impacto nos gastos com benef\u00edcios sociais. O mecanismo fiscal limita os aumentos reais entre 0,6% e 2,5% acima da infla\u00e7\u00e3o, controlando as despesas e garantindo a sustentabilidade econ\u00f4mica do pa\u00eds.<\/p>\n\n\n\n<p>Apesar dos benef\u00edcios, o novo sal\u00e1rio m\u00ednimo representa desafios or\u00e7ament\u00e1rios. A pol\u00edtica fiscal vigente no Brasil busca equilibrar o crescimento dos gastos p\u00fablicos com a necessidade de manter o poder de compra dos cidad\u00e3os.<\/p>\n","protected":false},"excerpt":{"rendered":"<p>O reajuste do sal\u00e1rio m\u00ednimo para 2026 tem amplos efeitos sobre a economia e a sociedade. <\/p>\n","protected":false},"author":12,"featured_media":10089,"comment_status":"closed","ping_status":"closed","sticky":false,"template":"","format":"standard","meta":{"jnews-multi-image_gallery":[],"jnews_single_post":{"format":"standard"},"jnews_primary_category":[],"jnews_social_meta":[],"jnews_override_counter":[],"jnews_post_split":[],"footnotes":""},"categories":[1],"tags":[],"class_list":["post-38421","post","type-post","status-publish","format-standard","has-post-thumbnail","hentry","category-geral"],"_referencia":"","_links":{"self":[{"href":"https:\/\/diariodocomercio.com.br\/mix\/wp-json\/wp\/v2\/posts\/38421","targetHints":{"allow":["GET"]}}],"collection":[{"href":"https:\/\/diariodocomercio.com.br\/mix\/wp-json\/wp\/v2\/posts"}],"about":[{"href":"https:\/\/diariodocomercio.com.br\/mix\/wp-json\/wp\/v2\/types\/post"}],"author":[{"embeddable":true,"href":"https:\/\/diariodocomercio.com.br\/mix\/wp-json\/wp\/v2\/users\/12"}],"replies":[{"embeddable":true,"href":"https:\/\/diariodocomercio.com.br\/mix\/wp-json\/wp\/v2\/comments?post=38421"}],"version-history":[{"count":1,"href":"https:\/\/diariodocomercio.com.br\/mix\/wp-json\/wp\/v2\/posts\/38421\/revisions"}],"predecessor-version":[{"id":38426,"href":"https:\/\/diariodocomercio.com.br\/mix\/wp-json\/wp\/v2\/posts\/38421\/revisions\/38426"}],"wp:featuredmedia":[{"embeddable":true,"href":"https:\/\/diariodocomercio.com.br\/mix\/wp-json\/wp\/v2\/media\/10089"}],"wp:attachment":[{"href":"https:\/\/diariodocomercio.com.br\/mix\/wp-json\/wp\/v2\/media?parent=38421"}],"wp:term":[{"taxonomy":"category","embeddable":true,"href":"https:\/\/diariodocomercio.com.br\/mix\/wp-json\/wp\/v2\/categories?post=38421"},{"taxonomy":"post_tag","embeddable":true,"href":"https:\/\/diariodocomercio.com.br\/mix\/wp-json\/wp\/v2\/tags?post=38421"}],"curies":[{"name":"wp","href":"https:\/\/api.w.org\/{rel}","templated":true}]}}