{"id":38423,"date":"2026-03-13T17:35:09","date_gmt":"2026-03-13T20:35:09","guid":{"rendered":"https:\/\/diariodocomercio.com.br\/mix\/?p=38423"},"modified":"2026-03-13T17:35:12","modified_gmt":"2026-03-13T20:35:12","slug":"sus-vai-oferecer-gympass-gratuito-para-todos-os-brasileiros-ministerio-da-saude-fechou-parceria","status":"publish","type":"post","link":"https:\/\/diariodocomercio.com.br\/mix\/sus-vai-oferecer-gympass-gratuito-para-todos-os-brasileiros-ministerio-da-saude-fechou-parceria\/","title":{"rendered":"SUS vai oferecer \u201cGympass\u201d gratuito para todos os brasileiros? Minist\u00e9rio da Sa\u00fade fechou parceria"},"content":{"rendered":"\n<p>O Minist\u00e9rio da Sa\u00fade assinou nesta quinta-feira (12) um <strong>Acordo de Coopera\u00e7\u00e3o T\u00e9cnica (ACT)<\/strong> com a plataforma <strong>Wellhub<\/strong>, empresa conhecida por intermediar acesso a academias e atividades f\u00edsicas, para ampliar a\u00e7\u00f5es de promo\u00e7\u00e3o da sa\u00fade no pa\u00eds. Apesar da repercuss\u00e3o nas redes sociais, a parceria <strong>n\u00e3o significa que o SUS passar\u00e1 a oferecer acesso gratuito a academias ou ao servi\u00e7o do chamado \u201cGympass\u201d<\/strong> para toda a popula\u00e7\u00e3o.<\/p>\n\n\n\n<p>O objetivo do acordo \u00e9 fortalecer pol\u00edticas p\u00fablicas de combate ao sedentarismo, preven\u00e7\u00e3o de doen\u00e7as cr\u00f4nicas e incentivo a h\u00e1bitos saud\u00e1veis, dentro da estrat\u00e9gia governamental chamada Viva Mais Brasil.<\/p>\n\n\n\n<p>Na primeira fase da coopera\u00e7\u00e3o, o foco ser\u00e1 ampliar o acesso da popula\u00e7\u00e3o a informa\u00e7\u00f5es e orienta\u00e7\u00f5es sobre bem-estar por meio de plataformas digitais.<\/p>\n\n\n\n<p>Entre as iniciativas previstas est\u00e3o a <strong>cria\u00e7\u00e3o de um m\u00f3dulo digital gratuito<\/strong>, aberto ao p\u00fablico, com uma biblioteca de exerc\u00edcios e pr\u00e1ticas corporais adaptadas a diferentes n\u00edveis de condicionamento f\u00edsico.<\/p>\n\n\n\n<p>O acordo tamb\u00e9m prev\u00ea a produ\u00e7\u00e3o de <strong>conte\u00fados educativos baseados em evid\u00eancias cient\u00edficas<\/strong>, que ser\u00e3o utilizados para apoiar campanhas e a\u00e7\u00f5es de promo\u00e7\u00e3o da sa\u00fade no Sistema \u00danico de Sa\u00fade (SUS).<\/p>\n\n\n\n<p>Al\u00e9m disso, a empresa dever\u00e1 compartilhar com o governo <strong>relat\u00f3rios peri\u00f3dicos com dados agregados sobre padr\u00f5es de atividade f\u00edsica no pa\u00eds<\/strong>, que poder\u00e3o ajudar na elabora\u00e7\u00e3o de pol\u00edticas p\u00fablicas voltadas \u00e0 preven\u00e7\u00e3o de doen\u00e7as.<\/p>\n\n\n\n<p>A coopera\u00e7\u00e3o tem car\u00e1ter <strong>informativo e estrat\u00e9gico<\/strong>, voltado ao compartilhamento de conte\u00fado, dados e campanhas de incentivo \u00e0 pr\u00e1tica de atividades f\u00edsicas.<\/p>\n\n\n\n<p>Segundo o ministro da Sa\u00fade, <strong>Alexandre Padilha<\/strong>, a iniciativa busca enfrentar desafios relacionados ao aumento de doen\u00e7as cr\u00f4nicas e ao envelhecimento da popula\u00e7\u00e3o.<\/p>\n\n\n\n<h2 class=\"wp-block-heading\"><strong>Impacto econ\u00f4mico da plataforma<\/strong><\/h2>\n\n\n\n<p>Estudos citados pelo governo indicam que a atua\u00e7\u00e3o da Wellhub movimentou cerca de <strong>R$ 13,2 bilh\u00f5es na economia brasileira em 2025<\/strong>, considerando impactos diretos, indiretos e induzidos.<\/p>\n\n\n\n<p>Segundo levantamento da consultoria EY-Parthenon, a plataforma tamb\u00e9m gerou aproximadamente <strong>R$ 6,1 bilh\u00f5es em renda para fam\u00edlias<\/strong>, <strong>R$ 4,2 bilh\u00f5es em arrecada\u00e7\u00e3o tribut\u00e1ria<\/strong> e cerca de <strong>202 mil empregos<\/strong> em diferentes setores da economia.<\/p>\n\n\n\n<p>A parceria com o Minist\u00e9rio da Sa\u00fade faz parte de uma estrat\u00e9gia mais ampla de colabora\u00e7\u00e3o com empresas e institui\u00e7\u00f5es para ampliar o alcance de iniciativas de <strong>promo\u00e7\u00e3o da sa\u00fade e preven\u00e7\u00e3o de doen\u00e7as no pa\u00eds<\/strong>.<\/p>\n","protected":false},"excerpt":{"rendered":"<p>O Minist\u00e9rio da Sa\u00fade assinou nesta quinta-feira (12) um Acordo de Coopera\u00e7\u00e3o T\u00e9cnica (ACT) com a plataforma Wellhub, empresa conhecida por intermediar acesso a academias e atividades f\u00edsicas, para ampliar a\u00e7\u00f5es de promo\u00e7\u00e3o da sa\u00fade no pa\u00eds. Apesar da repercuss\u00e3o nas redes sociais, a parceria n\u00e3o significa que o SUS passar\u00e1 a oferecer acesso gratuito [&hellip;]<\/p>\n","protected":false},"author":9,"featured_media":38430,"comment_status":"closed","ping_status":"closed","sticky":false,"template":"","format":"standard","meta":{"jnews-multi-image_gallery":[],"jnews_single_post":{"format":"standard"},"jnews_primary_category":[],"jnews_social_meta":[],"jnews_override_counter":[],"jnews_post_split":[],"footnotes":""},"categories":[1],"tags":[],"class_list":["post-38423","post","type-post","status-publish","format-standard","has-post-thumbnail","hentry","category-geral"],"_referencia":"","_links":{"self":[{"href":"https:\/\/diariodocomercio.com.br\/mix\/wp-json\/wp\/v2\/posts\/38423","targetHints":{"allow":["GET"]}}],"collection":[{"href":"https:\/\/diariodocomercio.com.br\/mix\/wp-json\/wp\/v2\/posts"}],"about":[{"href":"https:\/\/diariodocomercio.com.br\/mix\/wp-json\/wp\/v2\/types\/post"}],"author":[{"embeddable":true,"href":"https:\/\/diariodocomercio.com.br\/mix\/wp-json\/wp\/v2\/users\/9"}],"replies":[{"embeddable":true,"href":"https:\/\/diariodocomercio.com.br\/mix\/wp-json\/wp\/v2\/comments?post=38423"}],"version-history":[{"count":1,"href":"https:\/\/diariodocomercio.com.br\/mix\/wp-json\/wp\/v2\/posts\/38423\/revisions"}],"predecessor-version":[{"id":38431,"href":"https:\/\/diariodocomercio.com.br\/mix\/wp-json\/wp\/v2\/posts\/38423\/revisions\/38431"}],"wp:featuredmedia":[{"embeddable":true,"href":"https:\/\/diariodocomercio.com.br\/mix\/wp-json\/wp\/v2\/media\/38430"}],"wp:attachment":[{"href":"https:\/\/diariodocomercio.com.br\/mix\/wp-json\/wp\/v2\/media?parent=38423"}],"wp:term":[{"taxonomy":"category","embeddable":true,"href":"https:\/\/diariodocomercio.com.br\/mix\/wp-json\/wp\/v2\/categories?post=38423"},{"taxonomy":"post_tag","embeddable":true,"href":"https:\/\/diariodocomercio.com.br\/mix\/wp-json\/wp\/v2\/tags?post=38423"}],"curies":[{"name":"wp","href":"https:\/\/api.w.org\/{rel}","templated":true}]}}