{"id":38438,"date":"2026-03-13T18:44:00","date_gmt":"2026-03-13T21:44:00","guid":{"rendered":"https:\/\/diariodocomercio.com.br\/mix\/?p=38438"},"modified":"2026-03-13T18:29:07","modified_gmt":"2026-03-13T21:29:07","slug":"pesquisadores-encontraram-lago-na-amazonia-com-jacares-de-10-metros-roedores-gigantes-e-tartarugas-colossais","status":"publish","type":"post","link":"https:\/\/diariodocomercio.com.br\/mix\/pesquisadores-encontraram-lago-na-amazonia-com-jacares-de-10-metros-roedores-gigantes-e-tartarugas-colossais\/","title":{"rendered":"Pesquisadores encontraram lago na Amaz\u00f4nia com jacar\u00e9s de 10 metros, roedores gigantes e tartarugas colossais"},"content":{"rendered":"\n<p>Em 2026, uma equipe de paleontologistas da Universidade de S\u00e3o Paulo (USP), liderada pela professora Annie Schmaltz Hsiou, anunciou a descoberta de um <strong>antigo megapantanal na Amaz\u00f4nia, <\/strong>conhecido como lago Pebas. Este ecossistema, datado de at\u00e9 18 milh\u00f5es de anos, abrigava esp\u00e9cies gigantes como o Purussaurus, um jacar\u00e9 com mais de 10 metros, e roedores do tamanho de b\u00fafalos.<\/p>\n\n\n\n<p>As evid\u00eancias f\u00f3sseis, encontradas na regi\u00e3o dos rios Acre e Purus, t\u00eam em m\u00e9dia 8,5 milh\u00f5es de anos.<\/p>\n\n\n\n<p>A descoberta do lago Pebas, que cobria cerca de um milh\u00e3o de quil\u00f4metros quadrados na Am\u00e9rica do Sul, oferece clareza sobre a evolu\u00e7\u00e3o geol\u00f3gica e biol\u00f3gica da regi\u00e3o amaz\u00f4nica. Este lago influenciou a forma\u00e7\u00e3o do rio Amazonas moderno, onde sua din\u00e2mica h\u00eddrica alterou drasticamente o curso das \u00e1guas, contribuindo para a biodiversidade que conhecemos hoje.<\/p>\n\n\n\n<h2 class=\"wp-block-heading\">Gigantes do passado no lago Pebas<\/h2>\n\n\n\n<p>O lago Pebas era um ambiente ideal para megafaunas. Animais como jacar\u00e9s de 10 metros, grandes tartarugas e roedores monumentais prosperavam em suas \u00e1guas.<\/p>\n\n\n\n<p>Estas criaturas adaptaram-se ao extenso e din\u00e2mico habitat aqu\u00e1tico. As descobertas f\u00f3sseis s\u00e3o essenciais para reconstituir este paleoambiente e entender as intera\u00e7\u00f5es entre esp\u00e9cies.<\/p>\n\n\n\n<p>Os processos de sedimenta\u00e7\u00e3o e eros\u00e3o moldaram significativamente o territ\u00f3rio. O estudo cont\u00ednuo \u00e9 vital para desvendar como predadores e suas presas coexistiam.<\/p>\n\n\n\n<p>A regi\u00e3o de Pebas, complexa em forma\u00e7\u00f5es geol\u00f3gicas, desempenhou papel crucial no curso do rio Amazonas, que come\u00e7ou a fluir para o Atl\u00e2ntico h\u00e1 cerca de 8,5 milh\u00f5es de anos. Esse deslocamento, precipitado pela eleva\u00e7\u00e3o dos Andes, transformou a paisagem ecol\u00f3gica, afetando a biodiversidade.<\/p>\n\n\n\n<p>Esta investiga\u00e7\u00e3o geol\u00f3gica \u00e9 colaborativa, com pesquisadores de v\u00e1rias institui\u00e7\u00f5es, incluindo universidades brasileiras e internacionais. Detalhadas an\u00e1lises de f\u00f3sseis revelam informa\u00e7\u00f5es sobre as condi\u00e7\u00f5es clim\u00e1ticas passadas e a evolu\u00e7\u00e3o ecol\u00f3gica da Amaz\u00f4nia.<\/p>\n","protected":false},"excerpt":{"rendered":"<p>Uma equipe de paleontologistas da USP, liderada pela professora Annie Schmaltz Hsiou, anunciou descoberta.<\/p>\n","protected":false},"author":12,"featured_media":20094,"comment_status":"closed","ping_status":"closed","sticky":false,"template":"","format":"standard","meta":{"jnews-multi-image_gallery":[],"jnews_single_post":{"format":"standard"},"jnews_primary_category":[],"jnews_social_meta":[],"jnews_override_counter":[],"jnews_post_split":[],"footnotes":""},"categories":[1],"tags":[],"class_list":["post-38438","post","type-post","status-publish","format-standard","has-post-thumbnail","hentry","category-geral"],"_referencia":"","_links":{"self":[{"href":"https:\/\/diariodocomercio.com.br\/mix\/wp-json\/wp\/v2\/posts\/38438","targetHints":{"allow":["GET"]}}],"collection":[{"href":"https:\/\/diariodocomercio.com.br\/mix\/wp-json\/wp\/v2\/posts"}],"about":[{"href":"https:\/\/diariodocomercio.com.br\/mix\/wp-json\/wp\/v2\/types\/post"}],"author":[{"embeddable":true,"href":"https:\/\/diariodocomercio.com.br\/mix\/wp-json\/wp\/v2\/users\/12"}],"replies":[{"embeddable":true,"href":"https:\/\/diariodocomercio.com.br\/mix\/wp-json\/wp\/v2\/comments?post=38438"}],"version-history":[{"count":1,"href":"https:\/\/diariodocomercio.com.br\/mix\/wp-json\/wp\/v2\/posts\/38438\/revisions"}],"predecessor-version":[{"id":38441,"href":"https:\/\/diariodocomercio.com.br\/mix\/wp-json\/wp\/v2\/posts\/38438\/revisions\/38441"}],"wp:featuredmedia":[{"embeddable":true,"href":"https:\/\/diariodocomercio.com.br\/mix\/wp-json\/wp\/v2\/media\/20094"}],"wp:attachment":[{"href":"https:\/\/diariodocomercio.com.br\/mix\/wp-json\/wp\/v2\/media?parent=38438"}],"wp:term":[{"taxonomy":"category","embeddable":true,"href":"https:\/\/diariodocomercio.com.br\/mix\/wp-json\/wp\/v2\/categories?post=38438"},{"taxonomy":"post_tag","embeddable":true,"href":"https:\/\/diariodocomercio.com.br\/mix\/wp-json\/wp\/v2\/tags?post=38438"}],"curies":[{"name":"wp","href":"https:\/\/api.w.org\/{rel}","templated":true}]}}