{"id":38443,"date":"2026-03-15T10:28:00","date_gmt":"2026-03-15T13:28:00","guid":{"rendered":"https:\/\/diariodocomercio.com.br\/mix\/?p=38443"},"modified":"2026-03-13T19:11:07","modified_gmt":"2026-03-13T22:11:07","slug":"veja-quanto-o-padre-fabio-de-melo-recebeu-para-casar-influenciadora-multimilionaria","status":"publish","type":"post","link":"https:\/\/diariodocomercio.com.br\/mix\/veja-quanto-o-padre-fabio-de-melo-recebeu-para-casar-influenciadora-multimilionaria\/","title":{"rendered":"Veja quanto o Padre F\u00e1bio de Melo recebeu para casar influenciadora multimilion\u00e1ria"},"content":{"rendered":"\n<p>A edi\u00e7\u00e3o de mar\u00e7o da <strong>revista Piau\u00ed <\/strong>trouxe uma reportagem assinada pelo jornalista Jo\u00e3o Batista Jr. intitulada &#8220;Voto de Riqueza&#8221;, na qual \u00e9 investigada a atua\u00e7\u00e3o do padre F\u00e1bio de Melo em cerim\u00f4nias de casamento de integrantes da alta sociedade.<\/p>\n\n\n\n<p>A mat\u00e9ria menciona a <strong>suposta cobran\u00e7a de 300 mil reais <\/strong>por parte do religioso para celebrar uma uni\u00e3o na elite baiana. Procurado pela publica\u00e7\u00e3o, o sacerdote negou receber qualquer valor por ritos religiosos.<\/p>\n\n\n\n<h2 class=\"wp-block-heading\">Cach\u00ea zero<\/h2>\n\n\n\n<p>Diante da repercuss\u00e3o do caso, a coluna Entret\u00ea, do <strong>Terra<\/strong>, afirma ter apurado se o p\u00e1roco havia sido remunerado para conduzir o casamento da influenciadora Esther Marques, filha do CEO da Cimed, Jo\u00e3o Adibe Marques, com o investidor Adolpho Mello.<\/p>\n\n\n\n<p>A celebra\u00e7\u00e3o, ocorrida em fevereiro, foi uma das mais suntuosas j\u00e1 realizadas na capital paulista. Realizada na Bas\u00edlica Nossa Senhora do Carmo e com festa na Sala S\u00e3o Paulo, a imprensa estimou o custo total do evento em 10 milh\u00f5es de reais.<\/p>\n\n\n\n<p>A apura\u00e7\u00e3o do Terra revelou que o cach\u00ea do padre F\u00e1bio de Melo para a referida cerim\u00f4nia foi <strong>zero<\/strong>, n\u00e3o tendo recebido qualquer quantia por sua participa\u00e7\u00e3o. O fato corrobora a declara\u00e7\u00e3o dada pelo religioso \u00e0 revista Piau\u00ed, na qual afirmou que n\u00e3o monetiza sua presen\u00e7a em ocasi\u00f5es como casamentos, missas ou batismos.<\/p>\n\n\n\n<p>No caso espec\u00edfico da uni\u00e3o da herdeira da Cimed, ainda segundo o Terra, constatou-se que o padre possui um v\u00ednculo de amizade com o empres\u00e1rio Jo\u00e3o Adibe Marques. A coluna Entret\u00ea afirma ter apurado que ambos atuam conjuntamente em a\u00e7\u00f5es filantr\u00f3picas.<\/p>\n","protected":false},"excerpt":{"rendered":"<p>Apura\u00e7\u00e3o do Terra revelou cach\u00ea do padre F\u00e1bio de Melo para a referida cerim\u00f4nia.<\/p>\n","protected":false},"author":12,"featured_media":38446,"comment_status":"closed","ping_status":"closed","sticky":false,"template":"","format":"standard","meta":{"jnews-multi-image_gallery":[],"jnews_single_post":{"format":"standard"},"jnews_primary_category":[],"jnews_social_meta":[],"jnews_override_counter":[],"jnews_post_split":[],"footnotes":""},"categories":[1],"tags":[],"class_list":["post-38443","post","type-post","status-publish","format-standard","has-post-thumbnail","hentry","category-geral"],"_referencia":"","_links":{"self":[{"href":"https:\/\/diariodocomercio.com.br\/mix\/wp-json\/wp\/v2\/posts\/38443","targetHints":{"allow":["GET"]}}],"collection":[{"href":"https:\/\/diariodocomercio.com.br\/mix\/wp-json\/wp\/v2\/posts"}],"about":[{"href":"https:\/\/diariodocomercio.com.br\/mix\/wp-json\/wp\/v2\/types\/post"}],"author":[{"embeddable":true,"href":"https:\/\/diariodocomercio.com.br\/mix\/wp-json\/wp\/v2\/users\/12"}],"replies":[{"embeddable":true,"href":"https:\/\/diariodocomercio.com.br\/mix\/wp-json\/wp\/v2\/comments?post=38443"}],"version-history":[{"count":2,"href":"https:\/\/diariodocomercio.com.br\/mix\/wp-json\/wp\/v2\/posts\/38443\/revisions"}],"predecessor-version":[{"id":38454,"href":"https:\/\/diariodocomercio.com.br\/mix\/wp-json\/wp\/v2\/posts\/38443\/revisions\/38454"}],"wp:featuredmedia":[{"embeddable":true,"href":"https:\/\/diariodocomercio.com.br\/mix\/wp-json\/wp\/v2\/media\/38446"}],"wp:attachment":[{"href":"https:\/\/diariodocomercio.com.br\/mix\/wp-json\/wp\/v2\/media?parent=38443"}],"wp:term":[{"taxonomy":"category","embeddable":true,"href":"https:\/\/diariodocomercio.com.br\/mix\/wp-json\/wp\/v2\/categories?post=38443"},{"taxonomy":"post_tag","embeddable":true,"href":"https:\/\/diariodocomercio.com.br\/mix\/wp-json\/wp\/v2\/tags?post=38443"}],"curies":[{"name":"wp","href":"https:\/\/api.w.org\/{rel}","templated":true}]}}