{"id":38450,"date":"2026-03-13T19:08:00","date_gmt":"2026-03-13T22:08:00","guid":{"rendered":"https:\/\/diariodocomercio.com.br\/mix\/?p=38450"},"modified":"2026-03-13T19:08:23","modified_gmt":"2026-03-13T22:08:23","slug":"petrobras-aprova-e-combustivel-vai-subir-quase-40-centavos-a-partir-de-amanha-14-03","status":"publish","type":"post","link":"https:\/\/diariodocomercio.com.br\/mix\/petrobras-aprova-e-combustivel-vai-subir-quase-40-centavos-a-partir-de-amanha-14-03\/","title":{"rendered":"Petrobras aprova e combust\u00edvel vai subir quase 40 centavos a partir de amanh\u00e3 (14\/03)"},"content":{"rendered":"\n<p>A <strong>Petrobras <\/strong>anunciou que, a partir deste s\u00e1bado, 14 de mar\u00e7o, o valor do \u00f3leo <strong>diesel <\/strong>vendido \u00e0s distribuidoras aumentar\u00e1 em R$ 0,38 por litro, elevando o pre\u00e7o m\u00e9dio para R$ 3,65 por litro.<\/p>\n\n\n\n<p>Este reajuste, justificado pela defasagem dos pre\u00e7os internos em rela\u00e7\u00e3o ao mercado internacional, impacta diretamente o mercado nacional. A decis\u00e3o est\u00e1 ligada aos aumentos recentes nos pre\u00e7os do petr\u00f3leo, refletindo tens\u00f5es no cen\u00e1rio geopol\u00edtico mundial.<\/p>\n\n\n\n<p>A medida deve impactar significativamente tanto distribuidores quanto consumidores finais em territ\u00f3rio brasileiro. Ap\u00f3s uma redu\u00e7\u00e3o no valor do diesel em maio de 2025, o novo reajuste visa alinhar os pre\u00e7os internos com as flutua\u00e7\u00f5es do mercado internacional. A Petrobras buscaria assim manter sua competitividade em um cen\u00e1rio de oscila\u00e7\u00f5es globais.<\/p>\n\n\n\n<h2 class=\"wp-block-heading\">Impacto do reajuste no consumo dom\u00e9stico<\/h2>\n\n\n\n<p>Para mitigar os efeitos desse aumento, o governo brasileiro implementou medidas de al\u00edvio fiscal. A redu\u00e7\u00e3o tempor\u00e1ria de tributos federais pode oferecer um desconto de R$ 0,32 por litro, amenizando o impacto no pre\u00e7o final para os consumidores.<\/p>\n\n\n\n<p>Esta compensa\u00e7\u00e3o ocorre em um cen\u00e1rio onde o custo do petr\u00f3leo, influenciado por a\u00e7\u00f5es internacionais, exerce press\u00e3o sobre o mercado.<\/p>\n\n\n\n<h2 class=\"wp-block-heading\">Cen\u00e1rio internacional&nbsp;<\/h2>\n\n\n\n<p>A recente escalada de pre\u00e7os \u00e9 em parte motivada por conflitos no Oriente M\u00e9dio, que afetam a oferta global de petr\u00f3leo. Em particular, a situa\u00e7\u00e3o tem impacto direto no bloqueio estrat\u00e9gico do Estreito de Ormuz, restringindo a circula\u00e7\u00e3o do petr\u00f3leo produzido na regi\u00e3o.<\/p>\n\n\n\n<p>Essa conjuntura modula as decis\u00f5es de pol\u00edticas de pre\u00e7o tanto para a Petrobras quanto para seus concorrentes globais.<\/p>\n\n\n\n<p>Os distribuidores agora enfrentam o desafio de ajustar seus pre\u00e7os conforme as novas diretrizes. Eles aguardam para verificar a efic\u00e1cia das medidas governamentais propostas em oferecer o al\u00edvio esperado. Com as expectativas voltadas para a estabiliza\u00e7\u00e3o internacional, h\u00e1 esperan\u00e7a de que futuros reajustes sejam mais contidos.<\/p>\n","protected":false},"excerpt":{"rendered":"<p>Reajuste impacta diretamente o mercado nacional. <\/p>\n","protected":false},"author":12,"featured_media":12554,"comment_status":"closed","ping_status":"closed","sticky":false,"template":"","format":"standard","meta":{"jnews-multi-image_gallery":[],"jnews_single_post":{"format":"standard"},"jnews_primary_category":[],"jnews_social_meta":[],"jnews_override_counter":[],"jnews_post_split":[],"footnotes":""},"categories":[1],"tags":[],"class_list":["post-38450","post","type-post","status-publish","format-standard","has-post-thumbnail","hentry","category-geral"],"_referencia":"","_links":{"self":[{"href":"https:\/\/diariodocomercio.com.br\/mix\/wp-json\/wp\/v2\/posts\/38450","targetHints":{"allow":["GET"]}}],"collection":[{"href":"https:\/\/diariodocomercio.com.br\/mix\/wp-json\/wp\/v2\/posts"}],"about":[{"href":"https:\/\/diariodocomercio.com.br\/mix\/wp-json\/wp\/v2\/types\/post"}],"author":[{"embeddable":true,"href":"https:\/\/diariodocomercio.com.br\/mix\/wp-json\/wp\/v2\/users\/12"}],"replies":[{"embeddable":true,"href":"https:\/\/diariodocomercio.com.br\/mix\/wp-json\/wp\/v2\/comments?post=38450"}],"version-history":[{"count":1,"href":"https:\/\/diariodocomercio.com.br\/mix\/wp-json\/wp\/v2\/posts\/38450\/revisions"}],"predecessor-version":[{"id":38452,"href":"https:\/\/diariodocomercio.com.br\/mix\/wp-json\/wp\/v2\/posts\/38450\/revisions\/38452"}],"wp:featuredmedia":[{"embeddable":true,"href":"https:\/\/diariodocomercio.com.br\/mix\/wp-json\/wp\/v2\/media\/12554"}],"wp:attachment":[{"href":"https:\/\/diariodocomercio.com.br\/mix\/wp-json\/wp\/v2\/media?parent=38450"}],"wp:term":[{"taxonomy":"category","embeddable":true,"href":"https:\/\/diariodocomercio.com.br\/mix\/wp-json\/wp\/v2\/categories?post=38450"},{"taxonomy":"post_tag","embeddable":true,"href":"https:\/\/diariodocomercio.com.br\/mix\/wp-json\/wp\/v2\/tags?post=38450"}],"curies":[{"name":"wp","href":"https:\/\/api.w.org\/{rel}","templated":true}]}}