{"id":38453,"date":"2026-03-13T19:32:55","date_gmt":"2026-03-13T22:32:55","guid":{"rendered":"https:\/\/diariodocomercio.com.br\/mix\/?p=38453"},"modified":"2026-03-13T19:32:58","modified_gmt":"2026-03-13T22:32:58","slug":"nasa-pede-que-todos-se-preparem-para-evento-que-mudara-o-planeta-em-01-04","status":"publish","type":"post","link":"https:\/\/diariodocomercio.com.br\/mix\/nasa-pede-que-todos-se-preparem-para-evento-que-mudara-o-planeta-em-01-04\/","title":{"rendered":"NASA pede que todos se preparem para evento que mudar\u00e1 o planeta em 01\/04"},"content":{"rendered":"\n<p>A <strong>NASA <\/strong>anunciou que a <strong>miss\u00e3o lunar Artemis II,<\/strong> projetada para levar quatro astronautas em uma viagem ao redor da Lua, est\u00e1 marcada para 1\u00ba de abril de 2026. A decis\u00e3o foi tomada ap\u00f3s sucessivos adiamentos, causados principalmente por desafios t\u00e9cnicos e condi\u00e7\u00f5es clim\u00e1ticas desfavor\u00e1veis. A miss\u00e3o ter\u00e1 lan\u00e7amento a partir do Kennedy Space Center, na Fl\u00f3rida.<\/p>\n\n\n\n<p>O ve\u00edculo espacial escolhido, Space Launch System (SLS), enfrentou anteriormente problemas com vazamento de hidrog\u00eanio l\u00edquido. Entretanto, a NASA declara estar otimista quanto \u00e0 supera\u00e7\u00e3o desses desafios. A abordagem inclui diversas prepara\u00e7\u00f5es rigorosas e um planejamento flex\u00edvel para garantir que o cronograma seja cumprido.<\/p>\n\n\n\n<h2 class=\"wp-block-heading\">Miss\u00e3o lunar Artemis II<\/h2>\n\n\n\n<p>A fixa\u00e7\u00e3o de uma nova data para o lan\u00e7amento \u00e9 uma etapa crucial no programa Artemis, que busca tanto a explora\u00e7\u00e3o lunar quanto miss\u00f5es tripuladas futuras a Marte.<\/p>\n\n\n\n<p>A miss\u00e3o Artemis II ter\u00e1 um voo de 10 dias ao redor da Lua, utilizando o efeito de assist\u00eancia gravitacional para otimiza\u00e7\u00e3o do percurso. A bordo da nave Orion, a tripula\u00e7\u00e3o conduzir\u00e1 experimentos cient\u00edficos importantes, preparando terreno para miss\u00f5es no espa\u00e7o profundo.<\/p>\n\n\n\n<h2 class=\"wp-block-heading\">Preparativos rigorosos antecipam o lan\u00e7amento<\/h2>\n\n\n\n<p>A NASA completou a Revis\u00e3o de Prontid\u00e3o de Voo para a Artemis II. Esse processo \u00e9 fundamental, garantindo que o SLS e a espa\u00e7onave Orion estejam prontos para a miss\u00e3o. A avalia\u00e7\u00e3o rigorosa dos sistemas assegura que todos os componentes estejam aptos para enfrentar os desafios de uma miss\u00e3o tripulada.<\/p>\n\n\n\n<p>Condi\u00e7\u00f5es clim\u00e1ticas, como os ventos sobre a Fl\u00f3rida, tamb\u00e9m foram consideradas na escolha da data.<\/p>\n\n\n\n<p>Com a Artemis II, espera-se n\u00e3o somente a expans\u00e3o das fronteiras espaciais, mas tamb\u00e9m o fortalecimento de colabora\u00e7\u00f5es internacionais. Ag\u00eancias espaciais de todo o mundo trabalham em conjunto para o sucesso da miss\u00e3o, ampliando o escopo global do programa Artemis.<\/p>\n\n\n\n<p>A Artemis II \u00e9 vista como um marco que antecede projetos mais audaciosos. A miss\u00e3o deve coletar dados valiosos que dar\u00e3o suporte a futuras viagens al\u00e9m da \u00f3rbita terrestre.<\/p>\n","protected":false},"excerpt":{"rendered":"<p>Miss\u00e3o ter\u00e1 lan\u00e7amento a partir do Kennedy Space Center, na Fl\u00f3rida.<\/p>\n","protected":false},"author":12,"featured_media":14982,"comment_status":"closed","ping_status":"closed","sticky":false,"template":"","format":"standard","meta":{"jnews-multi-image_gallery":[],"jnews_single_post":{"format":"standard"},"jnews_primary_category":[],"jnews_social_meta":[],"jnews_override_counter":[],"jnews_post_split":[],"footnotes":""},"categories":[1],"tags":[],"class_list":["post-38453","post","type-post","status-publish","format-standard","has-post-thumbnail","hentry","category-geral"],"_referencia":"","_links":{"self":[{"href":"https:\/\/diariodocomercio.com.br\/mix\/wp-json\/wp\/v2\/posts\/38453","targetHints":{"allow":["GET"]}}],"collection":[{"href":"https:\/\/diariodocomercio.com.br\/mix\/wp-json\/wp\/v2\/posts"}],"about":[{"href":"https:\/\/diariodocomercio.com.br\/mix\/wp-json\/wp\/v2\/types\/post"}],"author":[{"embeddable":true,"href":"https:\/\/diariodocomercio.com.br\/mix\/wp-json\/wp\/v2\/users\/12"}],"replies":[{"embeddable":true,"href":"https:\/\/diariodocomercio.com.br\/mix\/wp-json\/wp\/v2\/comments?post=38453"}],"version-history":[{"count":1,"href":"https:\/\/diariodocomercio.com.br\/mix\/wp-json\/wp\/v2\/posts\/38453\/revisions"}],"predecessor-version":[{"id":38455,"href":"https:\/\/diariodocomercio.com.br\/mix\/wp-json\/wp\/v2\/posts\/38453\/revisions\/38455"}],"wp:featuredmedia":[{"embeddable":true,"href":"https:\/\/diariodocomercio.com.br\/mix\/wp-json\/wp\/v2\/media\/14982"}],"wp:attachment":[{"href":"https:\/\/diariodocomercio.com.br\/mix\/wp-json\/wp\/v2\/media?parent=38453"}],"wp:term":[{"taxonomy":"category","embeddable":true,"href":"https:\/\/diariodocomercio.com.br\/mix\/wp-json\/wp\/v2\/categories?post=38453"},{"taxonomy":"post_tag","embeddable":true,"href":"https:\/\/diariodocomercio.com.br\/mix\/wp-json\/wp\/v2\/tags?post=38453"}],"curies":[{"name":"wp","href":"https:\/\/api.w.org\/{rel}","templated":true}]}}