{"id":38456,"date":"2026-03-15T11:51:00","date_gmt":"2026-03-15T14:51:00","guid":{"rendered":"https:\/\/diariodocomercio.com.br\/mix\/?p=38456"},"modified":"2026-03-13T19:38:27","modified_gmt":"2026-03-13T22:38:27","slug":"adeus-pontos-de-onibus-agora-sera-possivel-embarcar-e-desembarcar-em-qualquer-lugar","status":"publish","type":"post","link":"https:\/\/diariodocomercio.com.br\/mix\/adeus-pontos-de-onibus-agora-sera-possivel-embarcar-e-desembarcar-em-qualquer-lugar\/","title":{"rendered":"Adeus, pontos de \u00f4nibus: agora ser\u00e1 poss\u00edvel embarcar e desembarcar em qualquer lugar"},"content":{"rendered":"\n<p>O transporte p\u00fablico noturno no Brasil est\u00e1 passando por uma transforma\u00e7\u00e3o. Em 18 de dezembro de 2025, a Comiss\u00e3o de Desenvolvimento Urbano da C\u00e2mara dos Deputados aprovou o <strong>Projeto de Lei 3258\/19.<\/strong> Essa legisla\u00e7\u00e3o permite que mulheres, idosos e pessoas com defici\u00eancia desembarquem fora das paradas habituais de \u00f4nibus \u00e0 noite em todo o pa\u00eds.<\/p>\n\n\n\n<p>O objetivo \u00e9 aumentar a seguran\u00e7a e acessibilidade para grupos vulner\u00e1veis durante o transporte noturno.<\/p>\n\n\n\n<p>A medida <strong>ainda aguarda an\u00e1lise pela Comiss\u00e3o de Constitui\u00e7\u00e3o e Justi\u00e7a e de Cidadania. <\/strong>Aprovado pelo Senado, o projeto prop\u00f5e uma mudan\u00e7a significativa na Lei do Atendimento Priorit\u00e1rio, exigindo que estados, munic\u00edpios e o Distrito Federal ofere\u00e7am maior prote\u00e7\u00e3o aos usu\u00e1rios de transporte coletivo entre cidades, principalmente \u00e0 noite.<\/p>\n\n\n\n<h2 class=\"wp-block-heading\">Motiva\u00e7\u00f5es por tr\u00e1s da mudan\u00e7a<\/h2>\n\n\n\n<p>A legisla\u00e7\u00e3o foi elaborada devido \u00e0s preocupa\u00e7\u00f5es com a seguran\u00e7a no transporte p\u00fablico noturno. Mulheres e idosos enfrentam desafios durante deslocamentos \u00e0 noite.<\/p>\n\n\n\n<p>O projeto visa garantir a seguran\u00e7a e incentivar o uso do transporte coletivo, alterando a Pol\u00edtica Nacional de Mobilidade Urbana.<\/p>\n\n\n\n<p>Um ponto crucial do projeto \u00e9 a autonomia das cidades para adaptar suas pol\u00edticas de transporte \u00e0s necessidades locais. Cada localidade ter\u00e1 a liberdade de desenvolver estrat\u00e9gias espec\u00edficas para garantir a seguran\u00e7a de seus cidad\u00e3os.<\/p>\n\n\n\n<p><strong>Se aprovado<\/strong>, o projeto de lei pode transformar a experi\u00eancia do transporte noturno. Espera-se um aumento no n\u00famero de passageiros, j\u00e1 que a op\u00e7\u00e3o ser\u00e1 mais confi\u00e1vel e segura para grupos vulner\u00e1veis.<\/p>\n\n\n\n<p>A implementa\u00e7\u00e3o dessa pol\u00edtica poder\u00e1 beneficiar a mobilidade urbana. Criando um ambiente mais seguro, espera-se maior ades\u00e3o ao transporte p\u00fablico, reduzindo o congestionamento de ve\u00edculos particulares.&nbsp;<\/p>\n","protected":false},"excerpt":{"rendered":"<p>Comiss\u00e3o de Desenvolvimento Urbano da C\u00e2mara dos Deputados aprovou o Projeto de Lei 3258\/19. <\/p>\n","protected":false},"author":12,"featured_media":30554,"comment_status":"closed","ping_status":"closed","sticky":false,"template":"","format":"standard","meta":{"jnews-multi-image_gallery":[],"jnews_single_post":{"format":"standard"},"jnews_primary_category":[],"jnews_social_meta":[],"jnews_override_counter":[],"jnews_post_split":[],"footnotes":""},"categories":[1],"tags":[],"class_list":["post-38456","post","type-post","status-publish","format-standard","has-post-thumbnail","hentry","category-geral"],"_referencia":"","_links":{"self":[{"href":"https:\/\/diariodocomercio.com.br\/mix\/wp-json\/wp\/v2\/posts\/38456","targetHints":{"allow":["GET"]}}],"collection":[{"href":"https:\/\/diariodocomercio.com.br\/mix\/wp-json\/wp\/v2\/posts"}],"about":[{"href":"https:\/\/diariodocomercio.com.br\/mix\/wp-json\/wp\/v2\/types\/post"}],"author":[{"embeddable":true,"href":"https:\/\/diariodocomercio.com.br\/mix\/wp-json\/wp\/v2\/users\/12"}],"replies":[{"embeddable":true,"href":"https:\/\/diariodocomercio.com.br\/mix\/wp-json\/wp\/v2\/comments?post=38456"}],"version-history":[{"count":1,"href":"https:\/\/diariodocomercio.com.br\/mix\/wp-json\/wp\/v2\/posts\/38456\/revisions"}],"predecessor-version":[{"id":38457,"href":"https:\/\/diariodocomercio.com.br\/mix\/wp-json\/wp\/v2\/posts\/38456\/revisions\/38457"}],"wp:featuredmedia":[{"embeddable":true,"href":"https:\/\/diariodocomercio.com.br\/mix\/wp-json\/wp\/v2\/media\/30554"}],"wp:attachment":[{"href":"https:\/\/diariodocomercio.com.br\/mix\/wp-json\/wp\/v2\/media?parent=38456"}],"wp:term":[{"taxonomy":"category","embeddable":true,"href":"https:\/\/diariodocomercio.com.br\/mix\/wp-json\/wp\/v2\/categories?post=38456"},{"taxonomy":"post_tag","embeddable":true,"href":"https:\/\/diariodocomercio.com.br\/mix\/wp-json\/wp\/v2\/tags?post=38456"}],"curies":[{"name":"wp","href":"https:\/\/api.w.org\/{rel}","templated":true}]}}