{"id":38458,"date":"2026-03-15T14:33:00","date_gmt":"2026-03-15T17:33:00","guid":{"rendered":"https:\/\/diariodocomercio.com.br\/mix\/?p=38458"},"modified":"2026-03-13T19:48:56","modified_gmt":"2026-03-13T22:48:56","slug":"governo-surpreende-e-oficializa-nova-multa-de-r-1-milhao-para-quem-fizer-isso","status":"publish","type":"post","link":"https:\/\/diariodocomercio.com.br\/mix\/governo-surpreende-e-oficializa-nova-multa-de-r-1-milhao-para-quem-fizer-isso\/","title":{"rendered":"Governo surpreende e oficializa nova multa de R$ 1 milh\u00e3o para quem fizer isso"},"content":{"rendered":"\n<p>O governo brasileiro anunciou, em 12 de mar\u00e7o, um novo decreto que eleva as <strong>multas para maus-tratos a animais<\/strong>. O Decreto n\u00ba 12.877\/2026, assinado durante a Semana Nacional dos Animais em Bras\u00edlia, homenageia o cachorro Orelha, v\u00edtima de maus-tratos em Florian\u00f3polis.<\/p>\n\n\n\n<p>As penalidades anteriores de R$ 500 a R$ 3 mil foram aumentadas para at\u00e9 R$ 50 mil, podendo atingir <strong>R$ 1 milh\u00e3o <\/strong>em casos agravados.<\/p>\n\n\n\n<p>A medida tem como objetivo intensificar a puni\u00e7\u00e3o a abusos animais, respondendo \u00e0 mobiliza\u00e7\u00e3o social iniciada ap\u00f3s o incidente de Orelha. Com a nova legisla\u00e7\u00e3o, espera-se reduzir significativamente esses crimes em todo o pa\u00eds.<\/p>\n\n\n\n<h2 class=\"wp-block-heading\">Intensifica\u00e7\u00e3o da puni\u00e7\u00e3o por crimes contra animais<\/h2>\n\n\n\n<p>O novo decreto vem como resposta a epis\u00f3dios de crueldade que chocaram a na\u00e7\u00e3o. Caso o crime envolva crueldade severa ou animais amea\u00e7ados de extin\u00e7\u00e3o, as multas podem ser multiplicadas em at\u00e9 vinte vezes.<\/p>\n\n\n\n<p>Al\u00e9m disso, a reincid\u00eancia e o uso de animais em crimes resultar\u00e3o em penalidades ainda maiores.<\/p>\n\n\n\n<h2 class=\"wp-block-heading\">&#8220;Justi\u00e7a por Orelha&#8221;<\/h2>\n\n\n\n<p>O Decreto &#8220;Justi\u00e7a por Orelha&#8221; representa uma mudan\u00e7a crucial na prote\u00e7\u00e3o animal no Brasil. Nomeado em mem\u00f3ria do cachorro Orelha, refor\u00e7a a urg\u00eancia de defender os direitos dos animais e combater pr\u00e1ticas abusivas.<\/p>\n\n\n\n<p>Com este decreto em vigor, espera-se um aumento na mobiliza\u00e7\u00e3o das autoridades para identifica\u00e7\u00e3o e puni\u00e7\u00e3o de maus-tratos. O decreto &#8220;Justi\u00e7a por Orelha&#8221; estabelece uma nova era de seriedade na luta contra a crueldade animal.<\/p>\n","protected":false},"excerpt":{"rendered":"<p>O governo brasileiro anunciou, em 12 de mar\u00e7o, um novo decreto que eleva multas.<\/p>\n","protected":false},"author":12,"featured_media":12633,"comment_status":"closed","ping_status":"closed","sticky":false,"template":"","format":"standard","meta":{"jnews-multi-image_gallery":[],"jnews_single_post":{"format":"standard"},"jnews_primary_category":[],"jnews_social_meta":[],"jnews_override_counter":[],"jnews_post_split":[],"footnotes":""},"categories":[1],"tags":[],"class_list":["post-38458","post","type-post","status-publish","format-standard","has-post-thumbnail","hentry","category-geral"],"_referencia":"","_links":{"self":[{"href":"https:\/\/diariodocomercio.com.br\/mix\/wp-json\/wp\/v2\/posts\/38458","targetHints":{"allow":["GET"]}}],"collection":[{"href":"https:\/\/diariodocomercio.com.br\/mix\/wp-json\/wp\/v2\/posts"}],"about":[{"href":"https:\/\/diariodocomercio.com.br\/mix\/wp-json\/wp\/v2\/types\/post"}],"author":[{"embeddable":true,"href":"https:\/\/diariodocomercio.com.br\/mix\/wp-json\/wp\/v2\/users\/12"}],"replies":[{"embeddable":true,"href":"https:\/\/diariodocomercio.com.br\/mix\/wp-json\/wp\/v2\/comments?post=38458"}],"version-history":[{"count":1,"href":"https:\/\/diariodocomercio.com.br\/mix\/wp-json\/wp\/v2\/posts\/38458\/revisions"}],"predecessor-version":[{"id":38459,"href":"https:\/\/diariodocomercio.com.br\/mix\/wp-json\/wp\/v2\/posts\/38458\/revisions\/38459"}],"wp:featuredmedia":[{"embeddable":true,"href":"https:\/\/diariodocomercio.com.br\/mix\/wp-json\/wp\/v2\/media\/12633"}],"wp:attachment":[{"href":"https:\/\/diariodocomercio.com.br\/mix\/wp-json\/wp\/v2\/media?parent=38458"}],"wp:term":[{"taxonomy":"category","embeddable":true,"href":"https:\/\/diariodocomercio.com.br\/mix\/wp-json\/wp\/v2\/categories?post=38458"},{"taxonomy":"post_tag","embeddable":true,"href":"https:\/\/diariodocomercio.com.br\/mix\/wp-json\/wp\/v2\/tags?post=38458"}],"curies":[{"name":"wp","href":"https:\/\/api.w.org\/{rel}","templated":true}]}}